{"id":21818,"date":"2024-07-11T15:42:36","date_gmt":"2024-07-11T18:42:36","guid":{"rendered":"https:\/\/pc.sc.gov.br\/?p=21818"},"modified":"2024-07-11T15:43:47","modified_gmt":"2024-07-11T18:43:47","slug":"policias-civis-de-santa-catarina-e-da-bahia-em-acao-conjunta-recuperam-celular-subtraido-no-aeroporto-de-florianopolis","status":"publish","type":"post","link":"https:\/\/pc.sc.gov.br\/?p=21818","title":{"rendered":"Pol\u00edcias Civis de Santa Catarina e da Bahia, em a\u00e7\u00e3o conjunta, recuperam celular subtra\u00eddo no Aeroporto de Florian\u00f3polis"},"content":{"rendered":"\t\t<div data-elementor-type=\"wp-post\" data-elementor-id=\"21818\" class=\"elementor elementor-21818\" data-elementor-post-type=\"post\">\n\t\t\t\t\t\t<section class=\"elementor-section elementor-top-section elementor-element elementor-element-96c48f7 elementor-section-boxed elementor-section-height-default elementor-section-height-default\" data-id=\"96c48f7\" data-element_type=\"section\">\n\t\t\t\t\t\t<div class=\"elementor-container elementor-column-gap-default\">\n\t\t\t\t\t<div class=\"elementor-column elementor-col-100 elementor-top-column elementor-element elementor-element-6720c2a\" data-id=\"6720c2a\" data-element_type=\"column\">\n\t\t\t<div class=\"elementor-widget-wrap elementor-element-populated\">\n\t\t\t\t\t\t<div class=\"elementor-element elementor-element-58f633c elementor-widget elementor-widget-heading\" data-id=\"58f633c\" data-element_type=\"widget\" data-widget_type=\"heading.default\">\n\t\t\t\t<div class=\"elementor-widget-container\">\n\t\t\t\t\t<h2 class=\"elementor-heading-title elementor-size-default\">Pol\u00edcias Civis de Santa Catarina e da Bahia, em a\u00e7\u00e3o conjunta, recuperam celular subtra\u00eddo no Aeroporto de Florian\u00f3polis<\/h2>\t\t\t\t<\/div>\n\t\t\t\t<\/div>\n\t\t\t\t\t<\/div>\n\t\t<\/div>\n\t\t\t\t\t<\/div>\n\t\t<\/section>\n\t\t\t\t<section class=\"elementor-section elementor-top-section elementor-element elementor-element-bc22ca8 elementor-section-boxed elementor-section-height-default elementor-section-height-default\" data-id=\"bc22ca8\" data-element_type=\"section\">\n\t\t\t\t\t\t<div class=\"elementor-container elementor-column-gap-default\">\n\t\t\t\t\t<div class=\"elementor-column elementor-col-100 elementor-top-column elementor-element elementor-element-6be8d8e\" data-id=\"6be8d8e\" data-element_type=\"column\">\n\t\t\t<div class=\"elementor-widget-wrap elementor-element-populated\">\n\t\t\t\t\t\t<div class=\"elementor-element elementor-element-d4b7fb6 elementor-widget elementor-widget-image\" data-id=\"d4b7fb6\" data-element_type=\"widget\" data-widget_type=\"image.default\">\n\t\t\t\t<div class=\"elementor-widget-container\">\n\t\t\t\t\t\t\t\t\t\t\t\t\t\t\t<img fetchpriority=\"high\" decoding=\"async\" width=\"696\" height=\"583\" src=\"https:\/\/pc.sc.gov.br\/\/wp-content\/uploads\/2024\/07\/52798047036_d7bc95aaed_k-fotor-20231101135311.jpg\" class=\"attachment-large size-large wp-image-21819\" alt=\"\" srcset=\"https:\/\/pc.sc.gov.br\/\/wp-content\/uploads\/2024\/07\/52798047036_d7bc95aaed_k-fotor-20231101135311.jpg 961w, https:\/\/pc.sc.gov.br\/\/wp-content\/uploads\/2024\/07\/52798047036_d7bc95aaed_k-fotor-20231101135311-300x251.jpg 300w, https:\/\/pc.sc.gov.br\/\/wp-content\/uploads\/2024\/07\/52798047036_d7bc95aaed_k-fotor-20231101135311-768x643.jpg 768w\" sizes=\"(max-width: 696px) 100vw, 696px\" \/>\t\t\t\t\t\t\t\t\t\t\t\t\t\t\t<\/div>\n\t\t\t\t<\/div>\n\t\t\t\t\t<\/div>\n\t\t<\/div>\n\t\t\t\t\t<\/div>\n\t\t<\/section>\n\t\t\t\t<section class=\"elementor-section elementor-top-section elementor-element elementor-element-dda496d elementor-section-boxed elementor-section-height-default elementor-section-height-default\" data-id=\"dda496d\" data-element_type=\"section\">\n\t\t\t\t\t\t<div class=\"elementor-container elementor-column-gap-default\">\n\t\t\t\t\t<div class=\"elementor-column elementor-col-100 elementor-top-column elementor-element elementor-element-9cb37c5\" data-id=\"9cb37c5\" data-element_type=\"column\">\n\t\t\t<div class=\"elementor-widget-wrap elementor-element-populated\">\n\t\t\t\t\t\t<div class=\"elementor-element elementor-element-0cb31b3 elementor-widget elementor-widget-text-editor\" data-id=\"0cb31b3\" data-element_type=\"widget\" data-widget_type=\"text-editor.default\">\n\t\t\t\t<div class=\"elementor-widget-container\">\n\t\t\t\t\t\t\t\t\t<p>Nesta quinta-feira (11), as Pol\u00edcias Civis dos estados de Santa Catarina e da Bahia recuperaram um telefone celular de passageiro, subtra\u00eddo no Aeroporto de Florian\u00f3polis. O caso iniciou-se em Florian\u00f3polis e o objeto foi recuperado poucas horas depois em Salvador (BA).<\/p>\n<p>O caso<\/p>\n<p>Por volta das 05h40min da manh\u00e3, durante os procedimentos de embarque, o celular de uma passageira foi supostamente subtra\u00eddo no momento da inspe\u00e7\u00e3o obrigat\u00f3ria. A v\u00edtima registrou um Boletim de Ocorr\u00eancia Virtual, que foi prontamente recebido pela Delegacia de Prote\u00e7\u00e3o ao Turista (DPTUR), no Aeroporto de Florian\u00f3polis.<\/p>\n<p>Logo ap\u00f3s, deu-se in\u00edcio \u00e0 verifica\u00e7\u00e3o da ocorr\u00eancia e identifica\u00e7\u00e3o do suspeito da pr\u00e1tica do delito. Ap\u00f3s averigua\u00e7\u00e3o de sua identidade, descobriu-se que a pessoa teria embarcado em um voo que j\u00e1 havia partido, mas com escala em Salvador (BA).<\/p>\n<p>A\u00e7\u00e3o conjunta<\/p>\n<p>Acionada a Pol\u00edcia Civil do Estado da Bahia, por meio do Posto Policial da Delegacia de Prote\u00e7\u00e3o ao Turista (DELTUR) no Aeroporto de Salvador, realizou-se o monitoramento do voo, a identifica\u00e7\u00e3o do suspeito e a apreens\u00e3o do telefone da v\u00edtima, que ser\u00e1 remetido \u00e0 Florian\u00f3polis para devolu\u00e7\u00e3o. O caso ser\u00e1 investigado atrav\u00e9s de Inqu\u00e9rito Policial j\u00e1 instaurado na DPTUR da Pol\u00edcia Civil de Santa Catarina.<\/p>\n<p>Coopera\u00e7\u00e3o entre Delegacias de Turismo<\/p>\n<p>A a\u00e7\u00e3o \u00e9 mais uma oriunda da aproxima\u00e7\u00e3o entre as Delegacias de Turismo do Brasil, voltadas \u00e0 coibi\u00e7\u00e3o e investiga\u00e7\u00e3o de atos que possam ter reflexos em mais de um Estado da Federa\u00e7\u00e3o, sobretudo no contexto tur\u00edstico.<span style=\"color: var( --e-global-color-text ); font-family: var( --e-global-typography-primary-font-family ), Sans-serif; font-size: var( --e-global-typography-primary-font-size ); font-weight: var( --e-global-typography-primary-font-weight ); letter-spacing: var( --e-global-typography-primary-letter-spacing );\">&nbsp;<\/span><\/p>\t\t\t\t\t\t\t\t<\/div>\n\t\t\t\t<\/div>\n\t\t\t\t\t<\/div>\n\t\t<\/div>\n\t\t\t\t\t<\/div>\n\t\t<\/section>\n\t\t\t\t<\/div>\n\t\t","protected":false},"excerpt":{"rendered":"<p>Pol\u00edcias Civis de Santa Catarina e da Bahia, em a\u00e7\u00e3o conjunta, recuperam celular subtra\u00eddo no Aeroporto de Florian\u00f3polis Nesta quinta-feira (11), as Pol\u00edcias Civis dos estados de Santa Catarina e da Bahia recuperaram um telefone celular de passageiro, subtra\u00eddo no Aeroporto de Florian\u00f3polis. O caso iniciou-se em Florian\u00f3polis e o objeto foi recuperado poucas horas [&hellip;]<\/p>\n","protected":false},"author":5,"featured_media":21819,"comment_status":"closed","ping_status":"open","sticky":false,"template":"","format":"standard","meta":{"_monsterinsights_skip_tracking":false,"_monsterinsights_sitenote_active":false,"_monsterinsights_sitenote_note":"","_monsterinsights_sitenote_category":0,"footnotes":""},"categories":[1],"tags":[],"class_list":["post-21818","post","type-post","status-publish","format-standard","has-post-thumbnail","hentry","category-sem-categoria"],"_links":{"self":[{"href":"https:\/\/pc.sc.gov.br\/index.php?rest_route=\/wp\/v2\/posts\/21818","targetHints":{"allow":["GET"]}}],"collection":[{"href":"https:\/\/pc.sc.gov.br\/index.php?rest_route=\/wp\/v2\/posts"}],"about":[{"href":"https:\/\/pc.sc.gov.br\/index.php?rest_route=\/wp\/v2\/types\/post"}],"author":[{"embeddable":true,"href":"https:\/\/pc.sc.gov.br\/index.php?rest_route=\/wp\/v2\/users\/5"}],"replies":[{"embeddable":true,"href":"https:\/\/pc.sc.gov.br\/index.php?rest_route=%2Fwp%2Fv2%2Fcomments&post=21818"}],"version-history":[{"count":4,"href":"https:\/\/pc.sc.gov.br\/index.php?rest_route=\/wp\/v2\/posts\/21818\/revisions"}],"predecessor-version":[{"id":21823,"href":"https:\/\/pc.sc.gov.br\/index.php?rest_route=\/wp\/v2\/posts\/21818\/revisions\/21823"}],"wp:featuredmedia":[{"embeddable":true,"href":"https:\/\/pc.sc.gov.br\/index.php?rest_route=\/wp\/v2\/media\/21819"}],"wp:attachment":[{"href":"https:\/\/pc.sc.gov.br\/index.php?rest_route=%2Fwp%2Fv2%2Fmedia&parent=21818"}],"wp:term":[{"taxonomy":"category","embeddable":true,"href":"https:\/\/pc.sc.gov.br\/index.php?rest_route=%2Fwp%2Fv2%2Fcategories&post=21818"},{"taxonomy":"post_tag","embeddable":true,"href":"https:\/\/pc.sc.gov.br\/index.php?rest_route=%2Fwp%2Fv2%2Ftags&post=21818"}],"curies":[{"name":"wp","href":"https:\/\/api.w.org\/{rel}","templated":true}]}}