{"id":21829,"date":"2024-07-11T17:02:53","date_gmt":"2024-07-11T20:02:53","guid":{"rendered":"https:\/\/pc.sc.gov.br\/?p=21829"},"modified":"2024-07-11T17:03:44","modified_gmt":"2024-07-11T20:03:44","slug":"policia-civil-prende-suspeito-de-roubo-de-malote-de-posto-de-combustivel-ocorrido-em-marco-deste-ano-em-tubarao","status":"publish","type":"post","link":"https:\/\/pc.sc.gov.br\/?p=21829","title":{"rendered":"Pol\u00edcia Civil prende suspeito de roubo de malote de posto de combust\u00edvel ocorrido em mar\u00e7o deste ano em Tubar\u00e3o"},"content":{"rendered":"\t\t<div data-elementor-type=\"wp-post\" data-elementor-id=\"21829\" class=\"elementor elementor-21829\" data-elementor-post-type=\"post\">\n\t\t\t\t\t\t<section class=\"elementor-section elementor-top-section elementor-element elementor-element-67b984d elementor-section-boxed elementor-section-height-default elementor-section-height-default\" data-id=\"67b984d\" data-element_type=\"section\">\n\t\t\t\t\t\t<div class=\"elementor-container elementor-column-gap-default\">\n\t\t\t\t\t<div class=\"elementor-column elementor-col-100 elementor-top-column elementor-element elementor-element-016abb7\" data-id=\"016abb7\" data-element_type=\"column\">\n\t\t\t<div class=\"elementor-widget-wrap elementor-element-populated\">\n\t\t\t\t\t\t<div class=\"elementor-element elementor-element-0c561b1 elementor-widget elementor-widget-heading\" data-id=\"0c561b1\" data-element_type=\"widget\" data-widget_type=\"heading.default\">\n\t\t\t\t<div class=\"elementor-widget-container\">\n\t\t\t\t\t<h2 class=\"elementor-heading-title elementor-size-default\">Pol\u00edcia Civil prende suspeito de roubo de malote de posto de combust\u00edvel ocorrido em mar\u00e7o deste ano em Tubar\u00e3o <\/h2>\t\t\t\t<\/div>\n\t\t\t\t<\/div>\n\t\t\t\t\t<\/div>\n\t\t<\/div>\n\t\t\t\t\t<\/div>\n\t\t<\/section>\n\t\t\t\t<section class=\"elementor-section elementor-top-section elementor-element elementor-element-aa46540 elementor-section-boxed elementor-section-height-default elementor-section-height-default\" data-id=\"aa46540\" data-element_type=\"section\">\n\t\t\t\t\t\t<div class=\"elementor-container elementor-column-gap-default\">\n\t\t\t\t\t<div class=\"elementor-column elementor-col-100 elementor-top-column elementor-element elementor-element-e1e3f5d\" data-id=\"e1e3f5d\" data-element_type=\"column\">\n\t\t\t<div class=\"elementor-widget-wrap elementor-element-populated\">\n\t\t\t\t\t\t<div class=\"elementor-element elementor-element-75a31e8 elementor-widget elementor-widget-image\" data-id=\"75a31e8\" data-element_type=\"widget\" data-widget_type=\"image.default\">\n\t\t\t\t<div class=\"elementor-widget-container\">\n\t\t\t\t\t\t\t\t\t\t\t\t\t\t\t<img fetchpriority=\"high\" decoding=\"async\" width=\"602\" height=\"510\" src=\"https:\/\/pc.sc.gov.br\/\/wp-content\/uploads\/2023\/11\/DIC-DE-TUBARAO.jpeg\" class=\"attachment-large size-large wp-image-15637\" alt=\"\" srcset=\"https:\/\/pc.sc.gov.br\/\/wp-content\/uploads\/2023\/11\/DIC-DE-TUBARAO.jpeg 602w, https:\/\/pc.sc.gov.br\/\/wp-content\/uploads\/2023\/11\/DIC-DE-TUBARAO-300x254.jpeg 300w\" sizes=\"(max-width: 602px) 100vw, 602px\" \/>\t\t\t\t\t\t\t\t\t\t\t\t\t\t\t<\/div>\n\t\t\t\t<\/div>\n\t\t\t\t\t<\/div>\n\t\t<\/div>\n\t\t\t\t\t<\/div>\n\t\t<\/section>\n\t\t\t\t<section class=\"elementor-section elementor-top-section elementor-element elementor-element-fc7eb4d elementor-section-boxed elementor-section-height-default elementor-section-height-default\" data-id=\"fc7eb4d\" data-element_type=\"section\">\n\t\t\t\t\t\t<div class=\"elementor-container elementor-column-gap-default\">\n\t\t\t\t\t<div class=\"elementor-column elementor-col-100 elementor-top-column elementor-element elementor-element-1d38afc\" data-id=\"1d38afc\" data-element_type=\"column\">\n\t\t\t<div class=\"elementor-widget-wrap elementor-element-populated\">\n\t\t\t\t\t\t<div class=\"elementor-element elementor-element-aa2a397 elementor-widget elementor-widget-text-editor\" data-id=\"aa2a397\" data-element_type=\"widget\" data-widget_type=\"text-editor.default\">\n\t\t\t\t<div class=\"elementor-widget-container\">\n\t\t\t\t\t\t\t\t\t<p>Na quarta-feira (10\/07), a Pol\u00edcia Civil de Santa Catarina, por meio da Divis\u00e3o de Investiga\u00e7\u00e3o Criminal de Tubar\u00e3o, prendeu preventivamente um homem suspeito de ter praticado o roubo de cerca de R$ 15.000,00 de um posto de combust\u00edvel situado em Tubar\u00e3o. \u00a0<\/p><p>No dia 11 de mar\u00e7o de 2024, por volta das 15h40min, um homem armado abordou um ve\u00edculo que levava cerca de R$ 15.000,00 de um posto de combust\u00edvel e subtraiu o valor. Assim que tomaram conhecimento do fato, investigadores da DIC de Tubar\u00e3o procederam em dilig\u00eancias e identificaram o poss\u00edvel suspeito. Um inqu\u00e9rito policial foi instaurado visando melhor apurar os fatos. No dia 10\/05\/2024, a DIC de Tubar\u00e3o deu cumprimento a um mandado de busca e apreens\u00e3o na casa do suspeito e coletou elementos probat\u00f3rios importantes.<\/p><p>Ap\u00f3s cerca de quatro meses de investiga\u00e7\u00f5es, o Delegado de Pol\u00edcia respons\u00e1vel pelas investiga\u00e7\u00f5es, com base em robustos conjuntos probat\u00f3rios, representou pela pris\u00e3o preventiva do investigado, pleito que restou deferido pelo Douto Ju\u00edzo da 2\u00ba Vara Criminal da Comarca de Tubar\u00e3o.<\/p><p>De posse do competente mandado de pris\u00e3o, uma equipe da DIC, ap\u00f3s cerca de 3h da expedi\u00e7\u00e3o do mandado, logrou \u00eaxito em capturar o suspeito, tendo ele sido encaminhado \u00e0 DIC e depois ao Pres\u00eddio Regional de Tubar\u00e3o.<\/p><p>O indiv\u00edduo tamb\u00e9m \u00e9 investigado pelo furto de ve\u00edculo e uma tentativa de roubo a uma lot\u00e9rica situada nas depend\u00eancias de um supermercado de Tubar\u00e3o.<\/p>\t\t\t\t\t\t\t\t<\/div>\n\t\t\t\t<\/div>\n\t\t\t\t\t<\/div>\n\t\t<\/div>\n\t\t\t\t\t<\/div>\n\t\t<\/section>\n\t\t\t\t<\/div>\n\t\t","protected":false},"excerpt":{"rendered":"<p>Pol\u00edcia Civil prende suspeito de roubo de malote de posto de combust\u00edvel ocorrido em mar\u00e7o deste ano em Tubar\u00e3o Na quarta-feira (10\/07), a Pol\u00edcia Civil de Santa Catarina, por meio da Divis\u00e3o de Investiga\u00e7\u00e3o Criminal de Tubar\u00e3o, prendeu preventivamente um homem suspeito de ter praticado o roubo de cerca de R$ 15.000,00 de um posto [&hellip;]<\/p>\n","protected":false},"author":5,"featured_media":15637,"comment_status":"closed","ping_status":"open","sticky":false,"template":"","format":"standard","meta":{"_monsterinsights_skip_tracking":false,"_monsterinsights_sitenote_active":false,"_monsterinsights_sitenote_note":"","_monsterinsights_sitenote_category":0,"footnotes":""},"categories":[1],"tags":[],"class_list":["post-21829","post","type-post","status-publish","format-standard","has-post-thumbnail","hentry","category-sem-categoria"],"_links":{"self":[{"href":"https:\/\/pc.sc.gov.br\/index.php?rest_route=\/wp\/v2\/posts\/21829","targetHints":{"allow":["GET"]}}],"collection":[{"href":"https:\/\/pc.sc.gov.br\/index.php?rest_route=\/wp\/v2\/posts"}],"about":[{"href":"https:\/\/pc.sc.gov.br\/index.php?rest_route=\/wp\/v2\/types\/post"}],"author":[{"embeddable":true,"href":"https:\/\/pc.sc.gov.br\/index.php?rest_route=\/wp\/v2\/users\/5"}],"replies":[{"embeddable":true,"href":"https:\/\/pc.sc.gov.br\/index.php?rest_route=%2Fwp%2Fv2%2Fcomments&post=21829"}],"version-history":[{"count":4,"href":"https:\/\/pc.sc.gov.br\/index.php?rest_route=\/wp\/v2\/posts\/21829\/revisions"}],"predecessor-version":[{"id":21833,"href":"https:\/\/pc.sc.gov.br\/index.php?rest_route=\/wp\/v2\/posts\/21829\/revisions\/21833"}],"wp:featuredmedia":[{"embeddable":true,"href":"https:\/\/pc.sc.gov.br\/index.php?rest_route=\/wp\/v2\/media\/15637"}],"wp:attachment":[{"href":"https:\/\/pc.sc.gov.br\/index.php?rest_route=%2Fwp%2Fv2%2Fmedia&parent=21829"}],"wp:term":[{"taxonomy":"category","embeddable":true,"href":"https:\/\/pc.sc.gov.br\/index.php?rest_route=%2Fwp%2Fv2%2Fcategories&post=21829"},{"taxonomy":"post_tag","embeddable":true,"href":"https:\/\/pc.sc.gov.br\/index.php?rest_route=%2Fwp%2Fv2%2Ftags&post=21829"}],"curies":[{"name":"wp","href":"https:\/\/api.w.org\/{rel}","templated":true}]}}