{"id":21873,"date":"2024-07-12T14:31:51","date_gmt":"2024-07-12T17:31:51","guid":{"rendered":"https:\/\/pc.sc.gov.br\/?p=21873"},"modified":"2024-07-12T14:33:36","modified_gmt":"2024-07-12T17:33:36","slug":"dpcami-de-ararangua-prende-homem-por-descumprimento-de-medida-protetiva-e-crime-de-ameaca","status":"publish","type":"post","link":"https:\/\/pc.sc.gov.br\/?p=21873","title":{"rendered":"DPCAMI de Ararangu\u00e1 prende homem por descumprimento de medida protetiva e crime de amea\u00e7a"},"content":{"rendered":"\t\t<div data-elementor-type=\"wp-post\" data-elementor-id=\"21873\" class=\"elementor elementor-21873\" data-elementor-post-type=\"post\">\n\t\t\t\t\t\t<section class=\"elementor-section elementor-top-section elementor-element elementor-element-e5dee15 elementor-section-boxed elementor-section-height-default elementor-section-height-default\" data-id=\"e5dee15\" data-element_type=\"section\">\n\t\t\t\t\t\t<div class=\"elementor-container elementor-column-gap-default\">\n\t\t\t\t\t<div class=\"elementor-column elementor-col-100 elementor-top-column elementor-element elementor-element-d90cb0e\" data-id=\"d90cb0e\" data-element_type=\"column\">\n\t\t\t<div class=\"elementor-widget-wrap elementor-element-populated\">\n\t\t\t\t\t\t<div class=\"elementor-element elementor-element-0dbec11 elementor-widget elementor-widget-heading\" data-id=\"0dbec11\" data-element_type=\"widget\" data-widget_type=\"heading.default\">\n\t\t\t\t<div class=\"elementor-widget-container\">\n\t\t\t\t\t<h2 class=\"elementor-heading-title elementor-size-default\">DPCAMI de Ararangu\u00e1 prende homem por descumprimento de medida protetiva e amea\u00e7a<\/h2>\t\t\t\t<\/div>\n\t\t\t\t<\/div>\n\t\t\t\t\t<\/div>\n\t\t<\/div>\n\t\t\t\t\t<\/div>\n\t\t<\/section>\n\t\t\t\t<section class=\"elementor-section elementor-top-section elementor-element elementor-element-0d85b3f elementor-section-boxed elementor-section-height-default elementor-section-height-default\" data-id=\"0d85b3f\" data-element_type=\"section\">\n\t\t\t\t\t\t<div class=\"elementor-container elementor-column-gap-default\">\n\t\t\t\t\t<div class=\"elementor-column elementor-col-100 elementor-top-column elementor-element elementor-element-6830933\" data-id=\"6830933\" data-element_type=\"column\">\n\t\t\t<div class=\"elementor-widget-wrap elementor-element-populated\">\n\t\t\t\t\t\t<div class=\"elementor-element elementor-element-a004a1d elementor-widget elementor-widget-image\" data-id=\"a004a1d\" data-element_type=\"widget\" data-widget_type=\"image.default\">\n\t\t\t\t<div class=\"elementor-widget-container\">\n\t\t\t\t\t\t\t\t\t\t\t\t\t\t\t<img fetchpriority=\"high\" decoding=\"async\" width=\"696\" height=\"522\" src=\"https:\/\/pc.sc.gov.br\/\/wp-content\/uploads\/2024\/07\/WhatsApp-Image-2024-07-12-at-13.51.26-1024x768.jpeg\" class=\"attachment-large size-large wp-image-21871\" alt=\"\" srcset=\"https:\/\/pc.sc.gov.br\/\/wp-content\/uploads\/2024\/07\/WhatsApp-Image-2024-07-12-at-13.51.26-1024x768.jpeg 1024w, https:\/\/pc.sc.gov.br\/\/wp-content\/uploads\/2024\/07\/WhatsApp-Image-2024-07-12-at-13.51.26-300x225.jpeg 300w, https:\/\/pc.sc.gov.br\/\/wp-content\/uploads\/2024\/07\/WhatsApp-Image-2024-07-12-at-13.51.26-768x576.jpeg 768w, https:\/\/pc.sc.gov.br\/\/wp-content\/uploads\/2024\/07\/WhatsApp-Image-2024-07-12-at-13.51.26.jpeg 1280w\" sizes=\"(max-width: 696px) 100vw, 696px\" \/>\t\t\t\t\t\t\t\t\t\t\t\t\t\t\t<\/div>\n\t\t\t\t<\/div>\n\t\t\t\t\t<\/div>\n\t\t<\/div>\n\t\t\t\t\t<\/div>\n\t\t<\/section>\n\t\t\t\t<section class=\"elementor-section elementor-top-section elementor-element elementor-element-25b2525 elementor-section-boxed elementor-section-height-default elementor-section-height-default\" data-id=\"25b2525\" data-element_type=\"section\">\n\t\t\t\t\t\t<div class=\"elementor-container elementor-column-gap-default\">\n\t\t\t\t\t<div class=\"elementor-column elementor-col-100 elementor-top-column elementor-element elementor-element-b986dfa\" data-id=\"b986dfa\" data-element_type=\"column\">\n\t\t\t<div class=\"elementor-widget-wrap elementor-element-populated\">\n\t\t\t\t\t\t<div class=\"elementor-element elementor-element-af438d3 elementor-widget elementor-widget-text-editor\" data-id=\"af438d3\" data-element_type=\"widget\" data-widget_type=\"text-editor.default\">\n\t\t\t\t<div class=\"elementor-widget-container\">\n\t\t\t\t\t\t\t\t\t<p>A Pol\u00edcia Civil de Santa Catarina, por meio da Delegacia de Prote\u00e7\u00e3o \u00e0 Crian\u00e7a, ao Adolescente, \u00e0 Mulher e ao Idoso (DPCAMI) de Ararangu\u00e1, prendeu preventivamente, nesta sexta-feira (12) um homem, em virtude do descumprimento de medidas protetivas de urg\u00eancia e pelo envio de amea\u00e7as para a v\u00edtima via \u00e1udios de WhatsApp.<\/p><p>O indiv\u00edduo havia sido alvo de medidas protetivas impostas pela Justi\u00e7a para garantir a seguran\u00e7a de uma mulher, v\u00edtima de viol\u00eancia dom\u00e9stica. Contudo, o suspeito ignorou as ordens judiciais, continuando a enviar mensagens amea\u00e7adoras para a v\u00edtima, o que levou \u00e0 sua deten\u00e7\u00e3o.<\/p><p>As investiga\u00e7\u00f5es, conduzidas pela DPCAMI, continuam em andamento para apurar a extens\u00e3o das amea\u00e7as e garantir a seguran\u00e7a da v\u00edtima e de sua fam\u00edlia. A Pol\u00edcia Civil ressalta a import\u00e2ncia do cumprimento rigoroso das medidas protetivas e destacou que qualquer viola\u00e7\u00e3o ser\u00e1 tratada com a devida seriedade pelas autoridades. As autoridades refor\u00e7am a necessidade de den\u00fancia em casos de descumprimento de medidas protetivas, garantindo assim a prote\u00e7\u00e3o das v\u00edtimas e a aplica\u00e7\u00e3o da lei.<\/p><p>Ap\u00f3s a pris\u00e3o, o homem foi encaminhado ao Pres\u00eddio de Ararangu\u00e1, onde permanecer\u00e1 \u00e0 disposi\u00e7\u00e3o da Justi\u00e7a.\u00a0<\/p>\t\t\t\t\t\t\t\t<\/div>\n\t\t\t\t<\/div>\n\t\t\t\t\t<\/div>\n\t\t<\/div>\n\t\t\t\t\t<\/div>\n\t\t<\/section>\n\t\t\t\t<\/div>\n\t\t","protected":false},"excerpt":{"rendered":"<p>DPCAMI de Ararangu\u00e1 prende homem por descumprimento de medida protetiva e amea\u00e7a A Pol\u00edcia Civil de Santa Catarina, por meio da Delegacia de Prote\u00e7\u00e3o \u00e0 Crian\u00e7a, ao Adolescente, \u00e0 Mulher e ao Idoso (DPCAMI) de Ararangu\u00e1, prendeu preventivamente, nesta sexta-feira (12) um homem, em virtude do descumprimento de medidas protetivas de urg\u00eancia e pelo envio [&hellip;]<\/p>\n","protected":false},"author":5,"featured_media":21871,"comment_status":"closed","ping_status":"open","sticky":false,"template":"","format":"standard","meta":{"_monsterinsights_skip_tracking":false,"_monsterinsights_sitenote_active":false,"_monsterinsights_sitenote_note":"","_monsterinsights_sitenote_category":0,"footnotes":""},"categories":[1],"tags":[],"class_list":["post-21873","post","type-post","status-publish","format-standard","has-post-thumbnail","hentry","category-sem-categoria"],"_links":{"self":[{"href":"https:\/\/pc.sc.gov.br\/index.php?rest_route=\/wp\/v2\/posts\/21873","targetHints":{"allow":["GET"]}}],"collection":[{"href":"https:\/\/pc.sc.gov.br\/index.php?rest_route=\/wp\/v2\/posts"}],"about":[{"href":"https:\/\/pc.sc.gov.br\/index.php?rest_route=\/wp\/v2\/types\/post"}],"author":[{"embeddable":true,"href":"https:\/\/pc.sc.gov.br\/index.php?rest_route=\/wp\/v2\/users\/5"}],"replies":[{"embeddable":true,"href":"https:\/\/pc.sc.gov.br\/index.php?rest_route=%2Fwp%2Fv2%2Fcomments&post=21873"}],"version-history":[{"count":3,"href":"https:\/\/pc.sc.gov.br\/index.php?rest_route=\/wp\/v2\/posts\/21873\/revisions"}],"predecessor-version":[{"id":21876,"href":"https:\/\/pc.sc.gov.br\/index.php?rest_route=\/wp\/v2\/posts\/21873\/revisions\/21876"}],"wp:featuredmedia":[{"embeddable":true,"href":"https:\/\/pc.sc.gov.br\/index.php?rest_route=\/wp\/v2\/media\/21871"}],"wp:attachment":[{"href":"https:\/\/pc.sc.gov.br\/index.php?rest_route=%2Fwp%2Fv2%2Fmedia&parent=21873"}],"wp:term":[{"taxonomy":"category","embeddable":true,"href":"https:\/\/pc.sc.gov.br\/index.php?rest_route=%2Fwp%2Fv2%2Fcategories&post=21873"},{"taxonomy":"post_tag","embeddable":true,"href":"https:\/\/pc.sc.gov.br\/index.php?rest_route=%2Fwp%2Fv2%2Ftags&post=21873"}],"curies":[{"name":"wp","href":"https:\/\/api.w.org\/{rel}","templated":true}]}}