{"id":21900,"date":"2024-07-15T14:20:01","date_gmt":"2024-07-15T17:20:01","guid":{"rendered":"https:\/\/pc.sc.gov.br\/?p=21900"},"modified":"2024-07-15T14:22:22","modified_gmt":"2024-07-15T17:22:22","slug":"santa-catarina-compartilha-conhecimento-tecnico-e-estrategico-de-seguranca-com-republica-dominicana","status":"publish","type":"post","link":"https:\/\/pc.sc.gov.br\/?p=21900","title":{"rendered":"Santa Catarina compartilha conhecimento t\u00e9cnico e estrat\u00e9gico de Seguran\u00e7a com Rep\u00fablica Dominicana"},"content":{"rendered":"\t\t<div data-elementor-type=\"wp-post\" data-elementor-id=\"21900\" class=\"elementor elementor-21900\" data-elementor-post-type=\"post\">\n\t\t\t\t\t\t<section class=\"elementor-section elementor-top-section elementor-element elementor-element-fd21ca4 elementor-section-boxed elementor-section-height-default elementor-section-height-default\" data-id=\"fd21ca4\" data-element_type=\"section\">\n\t\t\t\t\t\t<div class=\"elementor-container elementor-column-gap-default\">\n\t\t\t\t\t<div class=\"elementor-column elementor-col-100 elementor-top-column elementor-element elementor-element-7c38e89\" data-id=\"7c38e89\" data-element_type=\"column\">\n\t\t\t<div class=\"elementor-widget-wrap elementor-element-populated\">\n\t\t\t\t\t\t<div class=\"elementor-element elementor-element-9ddde9f elementor-widget elementor-widget-heading\" data-id=\"9ddde9f\" data-element_type=\"widget\" data-widget_type=\"heading.default\">\n\t\t\t\t<div class=\"elementor-widget-container\">\n\t\t\t\t\t<h2 class=\"elementor-heading-title elementor-size-default\">Santa Catarina compartilha conhecimento t\u00e9cnico e estrat\u00e9gico de Seguran\u00e7a com Rep\u00fablica Dominicana<\/h2>\t\t\t\t<\/div>\n\t\t\t\t<\/div>\n\t\t\t\t\t<\/div>\n\t\t<\/div>\n\t\t\t\t\t<\/div>\n\t\t<\/section>\n\t\t\t\t<section class=\"elementor-section elementor-top-section elementor-element elementor-element-dfd5514 elementor-section-boxed elementor-section-height-default elementor-section-height-default\" data-id=\"dfd5514\" data-element_type=\"section\">\n\t\t\t\t\t\t<div class=\"elementor-container elementor-column-gap-default\">\n\t\t\t\t\t<div class=\"elementor-column elementor-col-100 elementor-top-column elementor-element elementor-element-6d9246a\" data-id=\"6d9246a\" data-element_type=\"column\">\n\t\t\t<div class=\"elementor-widget-wrap elementor-element-populated\">\n\t\t\t\t\t\t<div class=\"elementor-element elementor-element-ff50620 elementor-widget elementor-widget-image\" data-id=\"ff50620\" data-element_type=\"widget\" data-widget_type=\"image.default\">\n\t\t\t\t<div class=\"elementor-widget-container\">\n\t\t\t\t\t\t\t\t\t\t\t\t\t\t\t<img fetchpriority=\"high\" decoding=\"async\" width=\"696\" height=\"522\" src=\"https:\/\/pc.sc.gov.br\/\/wp-content\/uploads\/2024\/07\/IMG_0586-1024x768.jpg\" class=\"attachment-large size-large wp-image-21901\" alt=\"\" srcset=\"https:\/\/pc.sc.gov.br\/\/wp-content\/uploads\/2024\/07\/IMG_0586-1024x768.jpg 1024w, https:\/\/pc.sc.gov.br\/\/wp-content\/uploads\/2024\/07\/IMG_0586-300x225.jpg 300w, https:\/\/pc.sc.gov.br\/\/wp-content\/uploads\/2024\/07\/IMG_0586-768x576.jpg 768w, https:\/\/pc.sc.gov.br\/\/wp-content\/uploads\/2024\/07\/IMG_0586-1536x1152.jpg 1536w, https:\/\/pc.sc.gov.br\/\/wp-content\/uploads\/2024\/07\/IMG_0586-2048x1536.jpg 2048w\" sizes=\"(max-width: 696px) 100vw, 696px\" \/>\t\t\t\t\t\t\t\t\t\t\t\t\t\t\t<\/div>\n\t\t\t\t<\/div>\n\t\t\t\t\t<\/div>\n\t\t<\/div>\n\t\t\t\t\t<\/div>\n\t\t<\/section>\n\t\t\t\t<section class=\"elementor-section elementor-top-section elementor-element elementor-element-344f169 elementor-section-boxed elementor-section-height-default elementor-section-height-default\" data-id=\"344f169\" data-element_type=\"section\">\n\t\t\t\t\t\t<div class=\"elementor-container elementor-column-gap-default\">\n\t\t\t\t\t<div class=\"elementor-column elementor-col-100 elementor-top-column elementor-element elementor-element-db69c9a\" data-id=\"db69c9a\" data-element_type=\"column\">\n\t\t\t<div class=\"elementor-widget-wrap elementor-element-populated\">\n\t\t\t\t\t\t<div class=\"elementor-element elementor-element-6a61a42 elementor-widget elementor-widget-text-editor\" data-id=\"6a61a42\" data-element_type=\"widget\" data-widget_type=\"text-editor.default\">\n\t\t\t\t<div class=\"elementor-widget-container\">\n\t\t\t\t\t\t\t\t\t<p>Os comandos das For\u00e7as Policiais de Santa Catarina apresentaram em Bras\u00edlia, na sexta-feira, 12, aos comandantes da For\u00e7a Nacional e For\u00e7as Armadas da Rep\u00fablica Dominicana, estrat\u00e9gias e t\u00e9cnicas usadas para que Santa Catarina seja considerada a \u201cmelhor Seguran\u00e7a P\u00fablica\u201d do pa\u00eds. O encontro teve uma dura\u00e7\u00e3o de cinco horas e atendeu a um pedido do governador Jorginho Mello, sendo articulado pela secret\u00e1ria de Articula\u00e7\u00e3o Nacional V\u00e2nia Franco.&nbsp;<\/p>\n<p>Os palestrantes do encontro foram o delegado da Pol\u00edcia Civil, Raphael Giordani, representando o delegado-geral, Ulisses Gabriel, o comandante-geral da Pol\u00edcia Militar de Santa Catarina, Aur\u00e9lio Jos\u00e9 Pelozato da Rosa, a perita-geral da Pol\u00edcia Cient\u00edfica, Andressa Boer Fronza, e o Tenente-Coronel T\u00falio Tartari Zanin, que representou o comandante do Corpo de Bombeiros Militar de Santa Catarina (CBMSC) Fabiano Bastos.<\/p>\n<p>Pela Rep\u00fablica Dominicana estiveram presentes o general Juan Guzm\u00e1n, o diretor do Departamento de Investiga\u00e7\u00f5es de Crimes de Alta T\u00e9cnologia, coronel Edgar Volques, o diretor de Coopera\u00e7\u00e3o e Rela\u00e7\u00f5es Internacionais, coronel Roberto Garc\u00eda, e o capit\u00e3o de Mar e Guerra, Abel Romero, que \u00e9 o adido militar das For\u00e7as Armadas da Rep\u00fablica Dominicana. Participaram tamb\u00e9m o conselheiro Rafael Trinidad, da Embaixada dominicana.&nbsp;<\/p>\n<p>Diferentemente da estrutura brasileira, na Rep\u00fablica Dominicana n\u00e3o h\u00e1 pol\u00edcias federal, militar e civil. L\u00e1, as atribui\u00e7\u00f5es s\u00e3o todas de uma s\u00f3 pol\u00edcia, a Pol\u00edcia Nacional.&nbsp;<\/p>\n<p>Durante as palestras, o delegado Raphael Giordani destacou a hist\u00f3ria da Pol\u00edcia Civil e a atual estrutura hier\u00e1rquica e f\u00edsica na Institui\u00e7\u00e3o. A perita-geral, Andressa Fronza, mostrou os ganhos do Estado ao adquirir aparelhos que escaneiam proj\u00e9teis e outros que s\u00e3o capazes de reconhecer digitais e flu\u00eddos humanos sem a necessidade de utiliza\u00e7\u00e3o de produtos qu\u00edmicos.&nbsp;<\/p>\n<p>O tenente-coronel dos bombeiros, T\u00falio Zanin, falou sobre estrat\u00e9gias e parcerias com guarda-vidas civis. Ele mostrou aos dominicanos quais programas foram utilizados para que Santa Catarina reduzisse drasticamente o n\u00famero de mortes de banhistas a partir de 1997 at\u00e9 os dias de hoje.&nbsp;<\/p>\n<p>O comandante-geral da Pol\u00edcia Militar de Santa Catarina apresentou dados que, ap\u00f3s pesquisa, mostram que Santa Catarina \u00e9 o Estado mais seguro com 8,6 mortes por 100 mil habitantes (a m\u00e9dia nacional \u00e9 de 24,9). Tem a cidade considerada mais segura do Brasil com at\u00e9 100 mil habitantes, Jaragu\u00e1 do Sul, al\u00e9m de ter a capital mais segura do pa\u00eds, Florian\u00f3polis.<\/p>\n<p>\u201cEsse interc\u00e2mbio \u00e9 importante, por que n\u00e3o ajudar um pa\u00eds que quer melhorar ainda mais sua capacidade de Seguran\u00e7a\u201d, disse a secret\u00e1ria de Articula\u00e7\u00e3o Nacional, V\u00e2nia Franco. Antes do encerramento da reuni\u00e3o, o subdiretor da Pol\u00edcia Nacional, Juan Guzm\u00e1n, agradeceu a coopera\u00e7\u00e3o, disse que vai repassar as informa\u00e7\u00f5es obtidas aqui no Brasil ao presidente do pa\u00eds dominicano e parabenizou o governo catarinense.&nbsp;<\/p>\n<p><span style=\"font-family: var( --e-global-typography-text-font-family ), Sans-serif; font-size: var( --e-global-typography-text-font-size );\">Essa reuni\u00e3o foi uma continuidade da rela\u00e7\u00e3o entre Rep\u00fablica Dominicana e Santa Catarina. Na \u00faltima semana, a embaixadora da Rep\u00fablica Dominica, Patricia Villegas, e sua comitiva visitaram o Estado e cumpriram agenda constru\u00edda junto \u00e0 Secretaria de Articula\u00e7\u00e3o Nacional e acompanhada pela secret\u00e1ria adjunta Lourdes Martini e a secret\u00e1ria adjunta de Turismo Catiane Seif.<\/span><span style=\"color: var( --e-global-color-text ); font-family: var( --e-global-typography-primary-font-family ), Sans-serif; font-size: var( --e-global-typography-primary-font-size ); font-weight: var( --e-global-typography-primary-font-weight ); letter-spacing: var( --e-global-typography-primary-letter-spacing );\">&nbsp;<\/span><\/p>\t\t\t\t\t\t\t\t<\/div>\n\t\t\t\t<\/div>\n\t\t\t\t\t<\/div>\n\t\t<\/div>\n\t\t\t\t\t<\/div>\n\t\t<\/section>\n\t\t\t\t<\/div>\n\t\t","protected":false},"excerpt":{"rendered":"<p>Santa Catarina compartilha conhecimento t\u00e9cnico e estrat\u00e9gico de Seguran\u00e7a com Rep\u00fablica Dominicana Os comandos das For\u00e7as Policiais de Santa Catarina apresentaram em Bras\u00edlia, na sexta-feira, 12, aos comandantes da For\u00e7a Nacional e For\u00e7as Armadas da Rep\u00fablica Dominicana, estrat\u00e9gias e t\u00e9cnicas usadas para que Santa Catarina seja considerada a \u201cmelhor Seguran\u00e7a P\u00fablica\u201d do pa\u00eds. O encontro [&hellip;]<\/p>\n","protected":false},"author":5,"featured_media":21901,"comment_status":"closed","ping_status":"open","sticky":false,"template":"","format":"standard","meta":{"_monsterinsights_skip_tracking":false,"_monsterinsights_sitenote_active":false,"_monsterinsights_sitenote_note":"","_monsterinsights_sitenote_category":0,"footnotes":""},"categories":[1],"tags":[],"class_list":["post-21900","post","type-post","status-publish","format-standard","has-post-thumbnail","hentry","category-sem-categoria"],"_links":{"self":[{"href":"https:\/\/pc.sc.gov.br\/index.php?rest_route=\/wp\/v2\/posts\/21900","targetHints":{"allow":["GET"]}}],"collection":[{"href":"https:\/\/pc.sc.gov.br\/index.php?rest_route=\/wp\/v2\/posts"}],"about":[{"href":"https:\/\/pc.sc.gov.br\/index.php?rest_route=\/wp\/v2\/types\/post"}],"author":[{"embeddable":true,"href":"https:\/\/pc.sc.gov.br\/index.php?rest_route=\/wp\/v2\/users\/5"}],"replies":[{"embeddable":true,"href":"https:\/\/pc.sc.gov.br\/index.php?rest_route=%2Fwp%2Fv2%2Fcomments&post=21900"}],"version-history":[{"count":4,"href":"https:\/\/pc.sc.gov.br\/index.php?rest_route=\/wp\/v2\/posts\/21900\/revisions"}],"predecessor-version":[{"id":21906,"href":"https:\/\/pc.sc.gov.br\/index.php?rest_route=\/wp\/v2\/posts\/21900\/revisions\/21906"}],"wp:featuredmedia":[{"embeddable":true,"href":"https:\/\/pc.sc.gov.br\/index.php?rest_route=\/wp\/v2\/media\/21901"}],"wp:attachment":[{"href":"https:\/\/pc.sc.gov.br\/index.php?rest_route=%2Fwp%2Fv2%2Fmedia&parent=21900"}],"wp:term":[{"taxonomy":"category","embeddable":true,"href":"https:\/\/pc.sc.gov.br\/index.php?rest_route=%2Fwp%2Fv2%2Fcategories&post=21900"},{"taxonomy":"post_tag","embeddable":true,"href":"https:\/\/pc.sc.gov.br\/index.php?rest_route=%2Fwp%2Fv2%2Ftags&post=21900"}],"curies":[{"name":"wp","href":"https:\/\/api.w.org\/{rel}","templated":true}]}}