{"id":21930,"date":"2024-07-16T18:00:03","date_gmt":"2024-07-16T21:00:03","guid":{"rendered":"https:\/\/pc.sc.gov.br\/?p=21930"},"modified":"2024-07-16T18:11:58","modified_gmt":"2024-07-16T21:11:58","slug":"pcsc-comemora-212-anos-com-entrega-de-fuzis-viaturas-e-softwares","status":"publish","type":"post","link":"https:\/\/pc.sc.gov.br\/?p=21930","title":{"rendered":"PCSC comemora 212 anos com entrega de fuzis, viaturas, softwares e homenagem aos policiais"},"content":{"rendered":"\t\t<div data-elementor-type=\"wp-post\" data-elementor-id=\"21930\" class=\"elementor elementor-21930\" data-elementor-post-type=\"post\">\n\t\t\t\t\t\t<section class=\"elementor-section elementor-top-section elementor-element elementor-element-8146e83 elementor-section-boxed elementor-section-height-default elementor-section-height-default\" data-id=\"8146e83\" data-element_type=\"section\">\n\t\t\t\t\t\t<div class=\"elementor-container elementor-column-gap-default\">\n\t\t\t\t\t<div class=\"elementor-column elementor-col-100 elementor-top-column elementor-element elementor-element-b92599f\" data-id=\"b92599f\" data-element_type=\"column\">\n\t\t\t<div class=\"elementor-widget-wrap elementor-element-populated\">\n\t\t\t\t\t\t<div class=\"elementor-element elementor-element-a85af2d elementor-widget elementor-widget-heading\" data-id=\"a85af2d\" data-element_type=\"widget\" data-widget_type=\"heading.default\">\n\t\t\t\t<div class=\"elementor-widget-container\">\n\t\t\t\t\t<h2 class=\"elementor-heading-title elementor-size-default\">PCSC comemora 212 anos com entrega de fuzis, viaturas , softwares e homenagem aos policiais civis<\/h2>\t\t\t\t<\/div>\n\t\t\t\t<\/div>\n\t\t\t\t\t<\/div>\n\t\t<\/div>\n\t\t\t\t\t<\/div>\n\t\t<\/section>\n\t\t\t\t<section class=\"elementor-section elementor-top-section elementor-element elementor-element-c41dddd elementor-section-boxed elementor-section-height-default elementor-section-height-default\" data-id=\"c41dddd\" data-element_type=\"section\">\n\t\t\t\t\t\t<div class=\"elementor-container elementor-column-gap-default\">\n\t\t\t\t\t<div class=\"elementor-column elementor-col-100 elementor-top-column elementor-element elementor-element-018ee28\" data-id=\"018ee28\" data-element_type=\"column\">\n\t\t\t<div class=\"elementor-widget-wrap elementor-element-populated\">\n\t\t\t\t\t\t<div class=\"elementor-element elementor-element-2a2d4ee elementor-widget elementor-widget-image\" data-id=\"2a2d4ee\" data-element_type=\"widget\" data-widget_type=\"image.default\">\n\t\t\t\t<div class=\"elementor-widget-container\">\n\t\t\t\t\t\t\t\t\t\t\t\t\t\t\t<img fetchpriority=\"high\" decoding=\"async\" width=\"696\" height=\"464\" src=\"https:\/\/pc.sc.gov.br\/\/wp-content\/uploads\/2024\/07\/212-FUZIS-1-1024x683.jpg\" class=\"attachment-large size-large wp-image-21934\" alt=\"\" srcset=\"https:\/\/pc.sc.gov.br\/\/wp-content\/uploads\/2024\/07\/212-FUZIS-1-1024x683.jpg 1024w, https:\/\/pc.sc.gov.br\/\/wp-content\/uploads\/2024\/07\/212-FUZIS-1-300x200.jpg 300w, https:\/\/pc.sc.gov.br\/\/wp-content\/uploads\/2024\/07\/212-FUZIS-1-768x512.jpg 768w, https:\/\/pc.sc.gov.br\/\/wp-content\/uploads\/2024\/07\/212-FUZIS-1-1536x1024.jpg 1536w, https:\/\/pc.sc.gov.br\/\/wp-content\/uploads\/2024\/07\/212-FUZIS-1-2048x1366.jpg 2048w\" sizes=\"(max-width: 696px) 100vw, 696px\" \/>\t\t\t\t\t\t\t\t\t\t\t\t\t\t\t<\/div>\n\t\t\t\t<\/div>\n\t\t\t\t\t<\/div>\n\t\t<\/div>\n\t\t\t\t\t<\/div>\n\t\t<\/section>\n\t\t\t\t<section class=\"elementor-section elementor-top-section elementor-element elementor-element-294734c elementor-section-boxed elementor-section-height-default elementor-section-height-default\" data-id=\"294734c\" data-element_type=\"section\">\n\t\t\t\t\t\t<div class=\"elementor-container elementor-column-gap-default\">\n\t\t\t\t\t<div class=\"elementor-column elementor-col-100 elementor-top-column elementor-element elementor-element-7260385\" data-id=\"7260385\" data-element_type=\"column\">\n\t\t\t<div class=\"elementor-widget-wrap elementor-element-populated\">\n\t\t\t\t\t\t<div class=\"elementor-element elementor-element-207a66d elementor-widget elementor-widget-text-editor\" data-id=\"207a66d\" data-element_type=\"widget\" data-widget_type=\"text-editor.default\">\n\t\t\t\t<div class=\"elementor-widget-container\">\n\t\t\t\t\t\t\t\t\t<p>A Pol\u00edcia Civil de Santa Catarina comemora, no pr\u00f3ximo dia 29 de julho, 212 anos de atividades da institui\u00e7\u00e3o. Para marcar a data, nesta ter\u00e7a-feira,16, foi realizada uma solenidade, na&nbsp; sede da Acadepol, em Florian\u00f3polis, que contou com a presen\u00e7a do governador Jorginho Mello, do delegado-geral da PCSC, Ulisses Gabriel, do procurador-geral do MPSC, F\u00e1bio de Souza Trajano, do Secret\u00e1rio da Seguran\u00e7a P\u00fablica, Flavio Graff, entre outras autoridades.<\/p>\n<p><span style=\"font-family: var( --e-global-typography-text-font-family ), Sans-serif; font-size: var( --e-global-typography-text-font-size );\">No evento foram entregues 145 fuzis de fabrica\u00e7\u00e3o israelense com investimento no valor de R$1,6 milh\u00e3o; 21 viaturas que representam recursos na <\/span><span style=\"font-family: var( --e-global-typography-text-font-family ), Sans-serif; font-size: var( --e-global-typography-text-font-size );\">ordem de R$ 2,8 milh\u00f5es; 10 softwares operacionais desenvolvidos pela Ger\u00eancia de Tecnologia da PCSC; 159 computadores de alto desempenho que somam investimento de R$ 1,8 milh\u00e3o e 318 cintos t\u00e1ticos que custaram cerca de R$ 81 mil. Outro importante investimento que acaba de ser concretizado \u00e9 a aquisi\u00e7\u00e3o de 459 mil muni\u00e7\u00f5es, a maior compra da hist\u00f3ria da Pol\u00edcia Civil Catarinense, que representam a soma de R$ 2,6 milh\u00f5es.<\/span><\/p>\n<p><span style=\"font-family: var( --e-global-typography-text-font-family ), Sans-serif; font-size: var( --e-global-typography-text-font-size );\">Tamb\u00e9m foram aplicados cerca de R$ 3 milh\u00f5es em obras nas diversas unidades policiais. Apenas com essas entregas, o investimento do Governo do Estado ultrapassou os R$ 11 milh\u00f5es. Na solenidade foram homenageados seis policiais por tempo de servi\u00e7o (30, 35 e 40 anos) e 12 policiais civis promovidos por ato de bravura.&nbsp;<\/span><\/p>\n<p>O governador lembrou o destaque que a Pol\u00edcia Civil de Santa Catarina vem tendo, sendo a que mais resolve crimes no pa\u00eds. \u201cA Pol\u00edcia Civil faz parte da Seguran\u00e7a P\u00fablica e tem desempenhado \u00e0 altura, por isso estamos aqui hoje para entregar, promover e agradecer pessoas que j\u00e1 dedicaram 30, 35, 40 anos de pol\u00edcia. Estamos gastando em intelig\u00eancia, em armas, ve\u00edculos, uma s\u00e9rie de fuzis, numa s\u00e9rie de equipamentos que v\u00e3o dar condi\u00e7\u00e3o ainda melhor para a Pol\u00edcia Civil fazer o trabalho que faz\u201d, afirmou.<\/p>\n<p>Em sua manifesta\u00e7\u00e3o, o delegado-geral Ulisses Gabriel destacou os \u00edndices de produtividades que a PCSC vem alcan\u00e7ando. \u201cTemos 80% dos \u00edndices de homic\u00eddios esclarecidos, queda nos \u00edndices de furto, roubo e homic\u00eddio. E tudo isso porque os policiais civis est\u00e3o motivados a dar o seu melhor em prol da sociedade\u201d, assinalou. O delegado Ulisses destacou ainda a import\u00e2ncia do apoio recebido do governador Jorginho Mello. \u201cO apoio, a integra\u00e7\u00e3o entre as for\u00e7as de seguran\u00e7a, a parceria com o Minist\u00e9rio P\u00fablico, com o Poder Judici\u00e1rio tudo isso contribui para os bons resultados da nossa seguran\u00e7a p\u00fablica.\u201d<\/p>\t\t\t\t\t\t\t\t<\/div>\n\t\t\t\t<\/div>\n\t\t\t\t\t<\/div>\n\t\t<\/div>\n\t\t\t\t\t<\/div>\n\t\t<\/section>\n\t\t\t\t<section class=\"elementor-section elementor-top-section elementor-element elementor-element-2a7cd93 elementor-section-boxed elementor-section-height-default elementor-section-height-default\" data-id=\"2a7cd93\" data-element_type=\"section\">\n\t\t\t\t\t\t<div class=\"elementor-container elementor-column-gap-default\">\n\t\t\t\t\t<div class=\"elementor-column elementor-col-100 elementor-top-column elementor-element elementor-element-6c8e95c\" data-id=\"6c8e95c\" data-element_type=\"column\">\n\t\t\t<div class=\"elementor-widget-wrap elementor-element-populated\">\n\t\t\t\t\t\t<div class=\"elementor-element elementor-element-f33eecf elementor-widget elementor-widget-image\" data-id=\"f33eecf\" data-element_type=\"widget\" data-widget_type=\"image.default\">\n\t\t\t\t<div class=\"elementor-widget-container\">\n\t\t\t\t\t\t\t\t\t\t\t\t\t\t\t<img decoding=\"async\" width=\"696\" height=\"464\" src=\"https:\/\/pc.sc.gov.br\/\/wp-content\/uploads\/2024\/07\/212-ULISSES-1024x683.jpg\" class=\"attachment-large size-large wp-image-21935\" alt=\"\" srcset=\"https:\/\/pc.sc.gov.br\/\/wp-content\/uploads\/2024\/07\/212-ULISSES-1024x683.jpg 1024w, https:\/\/pc.sc.gov.br\/\/wp-content\/uploads\/2024\/07\/212-ULISSES-300x200.jpg 300w, https:\/\/pc.sc.gov.br\/\/wp-content\/uploads\/2024\/07\/212-ULISSES-768x512.jpg 768w, https:\/\/pc.sc.gov.br\/\/wp-content\/uploads\/2024\/07\/212-ULISSES-1536x1024.jpg 1536w, https:\/\/pc.sc.gov.br\/\/wp-content\/uploads\/2024\/07\/212-ULISSES-2048x1366.jpg 2048w\" sizes=\"(max-width: 696px) 100vw, 696px\" \/>\t\t\t\t\t\t\t\t\t\t\t\t\t\t\t<\/div>\n\t\t\t\t<\/div>\n\t\t\t\t\t<\/div>\n\t\t<\/div>\n\t\t\t\t\t<\/div>\n\t\t<\/section>\n\t\t\t\t<section class=\"elementor-section elementor-top-section elementor-element elementor-element-9b27bf2 elementor-section-boxed elementor-section-height-default elementor-section-height-default\" data-id=\"9b27bf2\" data-element_type=\"section\">\n\t\t\t\t\t\t<div class=\"elementor-container elementor-column-gap-default\">\n\t\t\t\t\t<div class=\"elementor-column elementor-col-100 elementor-top-column elementor-element elementor-element-b7c5645\" data-id=\"b7c5645\" data-element_type=\"column\">\n\t\t\t<div class=\"elementor-widget-wrap elementor-element-populated\">\n\t\t\t\t\t\t<div class=\"elementor-element elementor-element-b3d12bf elementor-widget elementor-widget-text-editor\" data-id=\"b3d12bf\" data-element_type=\"widget\" data-widget_type=\"text-editor.default\">\n\t\t\t\t<div class=\"elementor-widget-container\">\n\t\t\t\t\t\t\t\t\t<p>O procurador-geral do Minist\u00e9rio P\u00fablico de Santa Catarina, promotor F\u00e1bio de Souza Trajano, disse que a PCSC presta um servi\u00e7o de alta qualidade para a popula\u00e7\u00e3o catarinense. \u201cUma institui\u00e7\u00e3o forte precisa de equipamentos, mas fundamentalmente do seu capital humano, por isso aqui fa\u00e7o uma homenagem a todos os policiais civis que dedicam suas vidas ao bem-estar dos catarinenses\u201d, afirmou o procurador-geral do Minist\u00e9rio P\u00fablico de Santa Catarina.<\/p>\n<p><span style=\"font-family: var( --e-global-typography-text-font-family ), Sans-serif; font-size: var( --e-global-typography-text-font-size );\">O secret\u00e1rio da Seguran\u00e7a P\u00fablica, Flavio Graff, enalteceu o servi\u00e7o prestado pela PCSC. \u201cA Pol\u00edcia Civil elucidou 80% dos crimes violentos e todas as for\u00e7as de seguran\u00e7a est\u00e3o prestando o melhor dos seus servi\u00e7os ao cidad\u00e3o\u201d, disse o secret\u00e1rio da SSP.<\/span><\/p>\n<p><span style=\"font-family: var( --e-global-typography-text-font-family ), Sans-serif; font-size: var( --e-global-typography-text-font-size );\"><b>GETIN<\/b> &#8211; A PCSC, por meio da sua Ger\u00eancia de Tecnologia (GETIN), desenvolveu 10 softwares operacionais, totalmente programados pelos pr\u00f3prios policiais da GETIN. Vale destacar o SOS Pets (m\u00f3dulo de ado\u00e7\u00e3o de pet) e mais as \u00e1reas especiais da Delegacia Virtual para atender idosos e estrangeiros. Tamb\u00e9m j\u00e1 est\u00e3o ativados Portal de login e instala\u00e7\u00e3o da Rede Wi-fi Corporativa (PC); Sistema de Jornada de Trabalho (GEPES); Sistema de Gest\u00e3o de Opera\u00e7\u00f5es Policiais (GEAPO); Formul\u00e1rio do Cyberlab (DINT); Painel de Gest\u00e3o Intranet (GEPES); Carta Precat\u00f3rio (POLINTER); Ambiente Administrativo (PC);&nbsp;<\/span><span style=\"font-family: var( --e-global-typography-text-font-family ), Sans-serif; font-size: var( --e-global-typography-text-font-size );\">Em breve ser\u00e3o lan\u00e7ados tamb\u00e9m os softwares: SISBEL: Gest\u00e3o de Material B\u00e9lico; o FISCALIZA: de jogos e divers\u00f5es; e o SISCOR: Sistema de Gest\u00e3o da Corregedoria.&nbsp;&nbsp;<\/span><span style=\"font-family: var( --e-global-typography-text-font-family ), Sans-serif; font-size: var( --e-global-typography-text-font-size );\">Para o ano de 2024 a previs\u00e3o de investimento na Policia Civil \u00e9 de aproximadamente R$ 14 milh\u00f5es exclusivamente para a \u00e1rea de Tecnologia da Informa\u00e7\u00e3o.<\/span><span style=\"font-family: var( --e-global-typography-text-font-family ), Sans-serif; font-size: var( --e-global-typography-text-font-size );\"><br><\/span><\/p>\n<p><span style=\"font-family: var( --e-global-typography-text-font-family ), Sans-serif; font-size: var( --e-global-typography-text-font-size );\">Ainda em 2024, a PCSC concluiu obras nas unidades de Jaguaruna, Central de Plant\u00e3o Policial e DIC de Joinville. Tamb\u00e9m est\u00e3o em andamentos reformas estruturais na Acadepol; DPCAMI da Capital e Joinville; DP de Trombudo Central, Navegantes, Joinville, 3\u00aa DP De S\u00e3o Jos\u00e9, DP de Romel\u00e2ndia e Lontras, CPP de Chapec\u00f3, DRP de Rio do Sul, Chapec\u00f3, Joinville e Ararangu\u00e1, com investimentos de mais de R$ 3 milh\u00f5es.<\/span><\/p>\n<p><span style=\"font-family: var( --e-global-typography-text-font-family ), Sans-serif; font-size: var( --e-global-typography-text-font-size );\"><b>Fuzis<\/b> &#8211; O armamento ser\u00e1 destinado para as seguintes unidades de pol\u00edcia:&nbsp;&nbsp;<\/span><span style=\"font-family: var( --e-global-typography-text-font-family ), Sans-serif; font-size: var( --e-global-typography-text-font-size );\">DICS de S\u00e3o Jos\u00e9, Blumenau, Itaja\u00ed, Tubar\u00e3o, Crici\u00fama, Rio do Sul, Lages, Mafra, Ca\u00e7ador, Joa\u00e7aba, Chapec\u00f3, S\u00e3o Miguel do Oeste, Conc\u00f3rdia, Jaragu\u00e1 do Sul, Xanxer\u00ea, Brusque, Laguna, Ararangu\u00e1, Ituporanga, S\u00e3o Bento do Sul, Canoinhas, Porto Uni\u00e3o, Curitibanos, Videira, Campos Novos, S\u00e3o Joaquim, S\u00e3o Louren\u00e7o do Oeste, Balne\u00e1rio Cambori\u00fa, Palho\u00e7a e Maravilha;&nbsp;<\/span><span style=\"font-family: var( --e-global-typography-text-font-family ), Sans-serif; font-size: var( --e-global-typography-text-font-size );\">Delegacia de Homic\u00eddios de Joinville e da Capital, Delegacia de Prote\u00e7\u00e3o \u00e0 Crian\u00e7a, Adolescente, Mulher e Idoso de Conc\u00f3rdia, Blumenau, Crici\u00fama e Jaragu\u00e1 Do Sul.&nbsp;<\/span><span style=\"font-family: var( --e-global-typography-text-font-family ), Sans-serif; font-size: var( --e-global-typography-text-font-size );\">Delegacia de Pol\u00edcia de Comarca de Conc\u00f3rdia, Ipumirim, Navegantes, Santo Amaro da Imperatriz, Monda\u00ed, Tangar\u00e1, Laguna, S\u00e3o Jos\u00e9 Do Cedro, Capivari de Baixo, Im<\/span><span style=\"font-family: var( --e-global-typography-text-font-family ), Sans-serif; font-size: var( --e-global-typography-text-font-size );\">bituba, Urussanga, Xaxim, Crici\u00fama, Jaragu\u00e1 Do Sul, Guaramirim, Otac\u00edlio Costa, Abelardo Luz, I\u00e7ara, Garopaba, Pomerode, Itapiranga, Ca\u00e7ador, Santa Cec\u00edlia e Maravilha.&nbsp;&nbsp;<\/span><span style=\"font-family: var( --e-global-typography-text-font-family ), Sans-serif; font-size: var( --e-global-typography-text-font-size );\">Delegacia de Pol\u00edcia do Munic\u00edpio de Bombinhas, Morro da Fuma\u00e7a, Tr\u00eas Barras, Major Vieira, Caxamb\u00fa do Sul, Witmarsum, Corup\u00e1, Jacinto Machado e Irine\u00f3polis.&nbsp;<\/span><span style=\"font-family: var( --e-global-typography-text-font-family ), Sans-serif; font-size: var( --e-global-typography-text-font-size );\">Delegacia Regional de Pol\u00edcia de Itaja\u00ed, S\u00e3o Miguel do Oeste, Chapec\u00f3, Ituporanga, Crici\u00fama e Campos Novos; 3\u00aa Delegacia de Pol\u00edcia de Fronteira de Chapec\u00f3; Central de Plant\u00e3o Policial de Crici\u00fama; N\u00facleo de Opera\u00e7\u00f5es com C\u00e3es de Crici\u00fama e Canoinhas; CORE (Coordenadoria de Opera\u00e7\u00f5es Policiais Especiais); DEIC (Diretoria Estadual de Investiga\u00e7\u00f5es Criminais); DRR (Delegacia de Repress\u00e3o a Roubos de Florian\u00f3polis); DECOD (Delegacia de Combate \u00e0s Drogas) DECRIM (Delegacia de Combate ao Crime Organizado) SAER FRON (Servi\u00e7o Aeropolicial da Fronteira) e SAER Sul (Servi\u00e7o Aeropolicial Sul).<\/span><\/p>\n<p><span style=\"font-family: var( --e-global-typography-text-font-family ), Sans-serif; font-size: var( --e-global-typography-text-font-size );\"><b>Viaturas &#8211;<\/b>&nbsp;<\/span><span style=\"font-family: var( --e-global-typography-text-font-family ), Sans-serif; font-size: var( --e-global-typography-text-font-size );\">As 21 viaturas v\u00e3o atender as demandas das seguintes unidades: DICs de Joinville, Blumenau, Lages, Chapec\u00f3 e S\u00e3o Jos\u00e9, 2\u00aa DP de Chapec\u00f3 e DPMU de Antonio Carlos, DRPs de Tubar\u00e3o, Xanxer\u00ea, Itaja\u00ed e Jaragu\u00e1 do sul; DRP de Ararangu\u00e1; DRP de Jaragu\u00e1 do sul e DPCo de Pomerode; DRP de Brusque e de Jaragu\u00e1 do Sul.<\/span><\/p>\n<p><span style=\"font-family: var( --e-global-typography-text-font-family ), Sans-serif; font-size: var( --e-global-typography-text-font-size );\"><b>Homenagem aos policiais por tempo de servi\u00e7o:&nbsp;<\/b><\/span><\/p>\n<p><span style=\"font-family: var( --e-global-typography-text-font-family ), Sans-serif; font-size: var( --e-global-typography-text-font-size );\">30 anos &#8211;&nbsp;<\/span><span style=\"font-family: var( --e-global-typography-text-font-family ), Sans-serif; font-size: var( --e-global-typography-text-font-size );\">Agente de Pol\u00edcia Dulce Maria Halfpap (lotada na 1\u00aa DP de comarca de S\u00e3o Jos\u00e9);&nbsp;<\/span><span style=\"font-family: var( --e-global-typography-text-font-family ), Sans-serif; font-size: var( --e-global-typography-text-font-size );\">Delegado de Pol\u00edcia&nbsp; Eduardo Andre Senna (lotado na <\/span><span style=\"font-family: var( --e-global-typography-text-font-family ), Sans-serif; font-size: var( --e-global-typography-text-font-size );\">Core)&nbsp;<\/span><\/p>\n<p><span style=\"font-family: var( --e-global-typography-text-font-family ), Sans-serif; font-size: var( --e-global-typography-text-font-size );\">35 anos-&nbsp;&nbsp;<\/span><span style=\"font-family: var( --e-global-typography-text-font-family ), Sans-serif; font-size: var( --e-global-typography-text-font-size );\">Agente de Pol\u00edcia Leo Milkievicz, (DPMu de Cerro Negro);&nbsp;<\/span><span style=\"font-family: var( --e-global-typography-text-font-family ), Sans-serif; font-size: var( --e-global-typography-text-font-size );\">Escriv\u00e3o de Pol\u00edcia Tadeu Wilkosz (Porto Uni\u00e3o)<\/span><\/p>\n<p><span style=\"font-family: var( --e-global-typography-text-font-family ), Sans-serif; font-size: var( --e-global-typography-text-font-size );\">40 anos &#8211;&nbsp;&nbsp;<\/span><span style=\"font-family: var( --e-global-typography-text-font-family ), Sans-serif; font-size: var( --e-global-typography-text-font-size );\">Agente de Pol\u00edcia Carlos Jos\u00e9 Aranha Sanches (Campos Novos);&nbsp;<\/span><span style=\"font-family: var( --e-global-typography-text-font-family ), Sans-serif; font-size: var( --e-global-typography-text-font-size );\">Delegado de Pol\u00edcia Jose Celso Correa (DPOL)<\/span><\/p>\n<p><span style=\"font-family: var( --e-global-typography-text-font-family ), Sans-serif; font-size: var( --e-global-typography-text-font-size ); font-weight: var( --e-global-typography-text-font-weight );\">Homenagem aos policiais por Ato de Bravura:&nbsp;<\/span><span style=\"font-family: var( --e-global-typography-text-font-family ), Sans-serif; font-size: var( --e-global-typography-text-font-size );\">Escriv\u00e3o de Pol\u00edcia Bernardo Bianchi Mendon\u00e7a;&nbsp;<\/span><span style=\"font-family: var( --e-global-typography-text-font-family ), Sans-serif; font-size: var( --e-global-typography-text-font-size );\">Agente de Pol\u00edcia Carlos Augusto Maes;&nbsp;&nbsp;<\/span><span style=\"font-family: var( --e-global-typography-text-font-family ), Sans-serif; font-size: var( --e-global-typography-text-font-size );\">Escriv\u00e3o de Pol\u00edcia Eduardo Filipe Theiss;&nbsp;<\/span><span style=\"font-family: var( --e-global-typography-text-font-family ), Sans-serif; font-size: var( --e-global-typography-text-font-size );\">Escriv\u00e3o de Pol\u00edcia Lecson Ottonelli Bellinaso;&nbsp;<\/span><span style=\"font-family: var( --e-global-typography-text-font-family ), Sans-serif; font-size: var( --e-global-typography-text-font-size );\">Escriv\u00e3o de Pol\u00edcia Marcel Tome Jabur;&nbsp;<\/span><span style=\"font-family: var( --e-global-typography-text-font-family ), Sans-serif; font-size: var( --e-global-typography-text-font-size );\">Escriv\u00e3o de Pol\u00edcia Maria Cecilia Murta Morais;&nbsp;&nbsp;<\/span><span style=\"font-family: var( --e-global-typography-text-font-family ), Sans-serif; font-size: var( --e-global-typography-text-font-size );\">Agente de Pol\u00edcia Priscila Vales Mesquita;&nbsp;&nbsp;<\/span><span style=\"font-family: var( --e-global-typography-text-font-family ), Sans-serif; font-size: var( --e-global-typography-text-font-size );\">Delegado de Pol\u00edcia Rodrigo Aislon Perico Silva Moura;&nbsp;<\/span><span style=\"font-family: var( --e-global-typography-text-font-family ), Sans-serif; font-size: var( --e-global-typography-text-font-size );\">Agente de Pol\u00edcia Rogildo Marcos De Melo Chaves;&nbsp;<\/span><span style=\"font-family: var( --e-global-typography-text-font-family ), Sans-serif; font-size: var( --e-global-typography-text-font-size );\">Delegado de Pol\u00edcia Thiago de Oliveira;&nbsp;<\/span><span style=\"font-family: var( --e-global-typography-text-font-family ), Sans-serif; font-size: var( --e-global-typography-text-font-size );\">Agente de Pol\u00edcia Vital Salvador de Oliveira Junior;&nbsp;<\/span><span style=\"font-family: var( --e-global-typography-text-font-family ), Sans-serif; font-size: var( --e-global-typography-text-font-size );\">Delegado de Pol\u00edcia Yuri Junieh Miqueluzzi.<\/span><\/p>\n<p><span style=\"font-family: var( --e-global-typography-text-font-family ), Sans-serif; font-size: var( --e-global-typography-text-font-size ); font-weight: var( --e-global-typography-text-font-weight );\">A\u00e7\u00f5es sociais &#8211;&nbsp;<\/span><span style=\"font-family: var( --e-global-typography-text-font-family ), Sans-serif; font-size: var( --e-global-typography-text-font-size );\">Desde o in\u00edcio do ano, a Pol\u00edcia Civil, por meio do Setor de Opera\u00e7\u00f5es (SEOPE\/DG) mobilizou os policiais civis de todo o estado para participar das diversas atividades sociais, solid\u00e1rias e de aproxima\u00e7\u00e3o com a comunidade, como, por exemplo, as campanhas de arrecada\u00e7\u00e3o de alimentos, produtos de higiene, limpeza e roupas para ajudar tanto as v\u00edtimas das enchentes no Rio Grande do Sul, bem como fam\u00edlias em situa\u00e7\u00e3o de vulnerabilidade em SC.<\/span><\/p>\n<p>Para o RS foram enviadas cerca de duas toneladas de produtos. O ranking final das arrecada\u00e7\u00f5es ficou assim: 1\u00ba lugar: Delegacia-Geral com 727 quilos de alimentos; 2\u00ba lugar: DRP de Jaragu\u00e1 do Sul 618 quilos de alimentos e 3\u00ba lugar DRP de Conc\u00f3rdia com 421 quilos de alimentos. Outra importante a\u00e7\u00e3o social foi a Campanha de Doa\u00e7\u00e3o de Sangue que mobilizou policiais civis em todo o estado.<\/p>\t\t\t\t\t\t\t\t<\/div>\n\t\t\t\t<\/div>\n\t\t\t\t\t<\/div>\n\t\t<\/div>\n\t\t\t\t\t<\/div>\n\t\t<\/section>\n\t\t\t\t<\/div>\n\t\t","protected":false},"excerpt":{"rendered":"<p>PCSC comemora 212 anos com entrega de fuzis, viaturas , softwares e homenagem aos policiais civis A Pol\u00edcia Civil de Santa Catarina comemora, no pr\u00f3ximo dia 29 de julho, 212 anos de atividades da institui\u00e7\u00e3o. Para marcar a data, nesta ter\u00e7a-feira,16, foi realizada uma solenidade, na&nbsp; sede da Acadepol, em Florian\u00f3polis, que contou com a [&hellip;]<\/p>\n","protected":false},"author":5,"featured_media":21939,"comment_status":"closed","ping_status":"open","sticky":false,"template":"","format":"standard","meta":{"_monsterinsights_skip_tracking":false,"_monsterinsights_sitenote_active":false,"_monsterinsights_sitenote_note":"","_monsterinsights_sitenote_category":0,"footnotes":""},"categories":[1],"tags":[],"class_list":["post-21930","post","type-post","status-publish","format-standard","has-post-thumbnail","hentry","category-sem-categoria"],"_links":{"self":[{"href":"https:\/\/pc.sc.gov.br\/index.php?rest_route=\/wp\/v2\/posts\/21930","targetHints":{"allow":["GET"]}}],"collection":[{"href":"https:\/\/pc.sc.gov.br\/index.php?rest_route=\/wp\/v2\/posts"}],"about":[{"href":"https:\/\/pc.sc.gov.br\/index.php?rest_route=\/wp\/v2\/types\/post"}],"author":[{"embeddable":true,"href":"https:\/\/pc.sc.gov.br\/index.php?rest_route=\/wp\/v2\/users\/5"}],"replies":[{"embeddable":true,"href":"https:\/\/pc.sc.gov.br\/index.php?rest_route=%2Fwp%2Fv2%2Fcomments&post=21930"}],"version-history":[{"count":8,"href":"https:\/\/pc.sc.gov.br\/index.php?rest_route=\/wp\/v2\/posts\/21930\/revisions"}],"predecessor-version":[{"id":21944,"href":"https:\/\/pc.sc.gov.br\/index.php?rest_route=\/wp\/v2\/posts\/21930\/revisions\/21944"}],"wp:featuredmedia":[{"embeddable":true,"href":"https:\/\/pc.sc.gov.br\/index.php?rest_route=\/wp\/v2\/media\/21939"}],"wp:attachment":[{"href":"https:\/\/pc.sc.gov.br\/index.php?rest_route=%2Fwp%2Fv2%2Fmedia&parent=21930"}],"wp:term":[{"taxonomy":"category","embeddable":true,"href":"https:\/\/pc.sc.gov.br\/index.php?rest_route=%2Fwp%2Fv2%2Fcategories&post=21930"},{"taxonomy":"post_tag","embeddable":true,"href":"https:\/\/pc.sc.gov.br\/index.php?rest_route=%2Fwp%2Fv2%2Ftags&post=21930"}],"curies":[{"name":"wp","href":"https:\/\/api.w.org\/{rel}","templated":true}]}}