{"id":21945,"date":"2024-07-17T13:41:05","date_gmt":"2024-07-17T16:41:05","guid":{"rendered":"https:\/\/pc.sc.gov.br\/?p=21945"},"modified":"2024-07-17T13:44:16","modified_gmt":"2024-07-17T16:44:16","slug":"em-palhoca-dfrv-deic-estoura-desmanche-e-prende-em-flagrante-o-proprietario-do-local","status":"publish","type":"post","link":"https:\/\/pc.sc.gov.br\/?p=21945","title":{"rendered":"Em Palho\u00e7a, DFRV\/DEIC estoura desmanche e prende em flagrante o propriet\u00e1rio do local"},"content":{"rendered":"\t\t<div data-elementor-type=\"wp-post\" data-elementor-id=\"21945\" class=\"elementor elementor-21945\" data-elementor-post-type=\"post\">\n\t\t\t\t\t\t<section class=\"elementor-section elementor-top-section elementor-element elementor-element-a94a51d elementor-section-boxed elementor-section-height-default elementor-section-height-default\" data-id=\"a94a51d\" data-element_type=\"section\">\n\t\t\t\t\t\t<div class=\"elementor-container elementor-column-gap-default\">\n\t\t\t\t\t<div class=\"elementor-column elementor-col-100 elementor-top-column elementor-element elementor-element-43bddee\" data-id=\"43bddee\" data-element_type=\"column\">\n\t\t\t<div class=\"elementor-widget-wrap elementor-element-populated\">\n\t\t\t\t\t\t<div class=\"elementor-element elementor-element-d95b0a8 elementor-widget elementor-widget-heading\" data-id=\"d95b0a8\" data-element_type=\"widget\" data-widget_type=\"heading.default\">\n\t\t\t\t<div class=\"elementor-widget-container\">\n\t\t\t\t\t<h2 class=\"elementor-heading-title elementor-size-default\">Em Palho\u00e7a, DFRV\/DEIC estoura desmanche e prende em flagrante o propriet\u00e1rio do local<\/h2>\t\t\t\t<\/div>\n\t\t\t\t<\/div>\n\t\t\t\t\t<\/div>\n\t\t<\/div>\n\t\t\t\t\t<\/div>\n\t\t<\/section>\n\t\t\t\t<section class=\"elementor-section elementor-top-section elementor-element elementor-element-01f3329 elementor-section-boxed elementor-section-height-default elementor-section-height-default\" data-id=\"01f3329\" data-element_type=\"section\">\n\t\t\t\t\t\t<div class=\"elementor-container elementor-column-gap-default\">\n\t\t\t\t\t<div class=\"elementor-column elementor-col-100 elementor-top-column elementor-element elementor-element-26276d6\" data-id=\"26276d6\" data-element_type=\"column\">\n\t\t\t<div class=\"elementor-widget-wrap elementor-element-populated\">\n\t\t\t\t\t\t<div class=\"elementor-element elementor-element-0619677 elementor-widget elementor-widget-image\" data-id=\"0619677\" data-element_type=\"widget\" data-widget_type=\"image.default\">\n\t\t\t\t<div class=\"elementor-widget-container\">\n\t\t\t\t\t\t\t\t\t\t\t\t\t\t\t<img fetchpriority=\"high\" decoding=\"async\" width=\"696\" height=\"456\" src=\"https:\/\/pc.sc.gov.br\/\/wp-content\/uploads\/2024\/07\/WhatsApp-Image-2024-07-17-at-10.48.26-fotor-20240717134245-1024x671.jpg\" class=\"attachment-large size-large wp-image-21948\" alt=\"\" srcset=\"https:\/\/pc.sc.gov.br\/\/wp-content\/uploads\/2024\/07\/WhatsApp-Image-2024-07-17-at-10.48.26-fotor-20240717134245-1024x671.jpg 1024w, https:\/\/pc.sc.gov.br\/\/wp-content\/uploads\/2024\/07\/WhatsApp-Image-2024-07-17-at-10.48.26-fotor-20240717134245-300x196.jpg 300w, https:\/\/pc.sc.gov.br\/\/wp-content\/uploads\/2024\/07\/WhatsApp-Image-2024-07-17-at-10.48.26-fotor-20240717134245-768x503.jpg 768w, https:\/\/pc.sc.gov.br\/\/wp-content\/uploads\/2024\/07\/WhatsApp-Image-2024-07-17-at-10.48.26-fotor-20240717134245.jpg 1237w\" sizes=\"(max-width: 696px) 100vw, 696px\" \/>\t\t\t\t\t\t\t\t\t\t\t\t\t\t\t<\/div>\n\t\t\t\t<\/div>\n\t\t\t\t\t<\/div>\n\t\t<\/div>\n\t\t\t\t\t<\/div>\n\t\t<\/section>\n\t\t\t\t<section class=\"elementor-section elementor-top-section elementor-element elementor-element-5f47719 elementor-section-boxed elementor-section-height-default elementor-section-height-default\" data-id=\"5f47719\" data-element_type=\"section\">\n\t\t\t\t\t\t<div class=\"elementor-container elementor-column-gap-default\">\n\t\t\t\t\t<div class=\"elementor-column elementor-col-100 elementor-top-column elementor-element elementor-element-fbe6c73\" data-id=\"fbe6c73\" data-element_type=\"column\">\n\t\t\t<div class=\"elementor-widget-wrap elementor-element-populated\">\n\t\t\t\t\t\t<div class=\"elementor-element elementor-element-7b3b326 elementor-widget elementor-widget-text-editor\" data-id=\"7b3b326\" data-element_type=\"widget\" data-widget_type=\"text-editor.default\">\n\t\t\t\t<div class=\"elementor-widget-container\">\n\t\t\t\t\t\t\t\t\t<p><span style=\"font-family: var( --e-global-typography-text-font-family ), Sans-serif; font-size: var( --e-global-typography-text-font-size );\">Em opera\u00e7\u00e3o na tarde de ter\u00e7a-feira (16), a Pol\u00edcia Civil de Santa Catarina, por interm\u00e9dio da Delegacia de Furtos e Roubos de Ve\u00edculos (DFRV\/ D<\/span><span style=\"font-family: var( --e-global-typography-text-font-family ), Sans-serif; font-size: var( --e-global-typography-text-font-size );\">EIC) estourou desmanche de ve\u00edculos, na Guarda do Cubat\u00e3o, em Palho\u00e7a. No local havia diversos ve\u00edculos desmontados e com registro de furto ou roubo.<\/span><\/p>\n<p>Durante as dilig\u00eancias foram localizadas diversas pe\u00e7as de ve\u00edculos como JEEP COMPASS, VW POLO,&nbsp; GRAN SIENA, com restri\u00e7\u00e3o de furto\/roubo em S\u00e3o Paulo (SP), Rio de Janeiro (RJ), em junho de2024, al\u00e9m de GM AGILE furtado em S\u00e3o Jos\u00e9 tamb\u00e9m em junho de 2024, al\u00e9m de pe\u00e7as com as numera\u00e7\u00f5es suprimidas.<\/p>\n<p>O propriet\u00e1rio foi preso em flagrante e encaminhado para sede da DEIC, onde foi autuado por recepta\u00e7\u00e3o e adultera\u00e7\u00e3o de sinal identificador de ve\u00edculo automotor. A DFRV\/DEIC agradece o apoio da Pol\u00edcia Cient\u00edfica e da Guarda Municipal de Palho\u00e7a. A opera\u00e7\u00e3o foi coordenada pelo Anselmo Cruz da DRAS\/DEIC.<\/p>\t\t\t\t\t\t\t\t<\/div>\n\t\t\t\t<\/div>\n\t\t\t\t\t<\/div>\n\t\t<\/div>\n\t\t\t\t\t<\/div>\n\t\t<\/section>\n\t\t\t\t<\/div>\n\t\t","protected":false},"excerpt":{"rendered":"<p>Em Palho\u00e7a, DFRV\/DEIC estoura desmanche e prende em flagrante o propriet\u00e1rio do local Em opera\u00e7\u00e3o na tarde de ter\u00e7a-feira (16), a Pol\u00edcia Civil de Santa Catarina, por interm\u00e9dio da Delegacia de Furtos e Roubos de Ve\u00edculos (DFRV\/ DEIC) estourou desmanche de ve\u00edculos, na Guarda do Cubat\u00e3o, em Palho\u00e7a. No local havia diversos ve\u00edculos desmontados e [&hellip;]<\/p>\n","protected":false},"author":5,"featured_media":21946,"comment_status":"closed","ping_status":"open","sticky":false,"template":"","format":"standard","meta":{"_monsterinsights_skip_tracking":false,"_monsterinsights_sitenote_active":false,"_monsterinsights_sitenote_note":"","_monsterinsights_sitenote_category":0,"footnotes":""},"categories":[1],"tags":[],"class_list":["post-21945","post","type-post","status-publish","format-standard","has-post-thumbnail","hentry","category-sem-categoria"],"_links":{"self":[{"href":"https:\/\/pc.sc.gov.br\/index.php?rest_route=\/wp\/v2\/posts\/21945","targetHints":{"allow":["GET"]}}],"collection":[{"href":"https:\/\/pc.sc.gov.br\/index.php?rest_route=\/wp\/v2\/posts"}],"about":[{"href":"https:\/\/pc.sc.gov.br\/index.php?rest_route=\/wp\/v2\/types\/post"}],"author":[{"embeddable":true,"href":"https:\/\/pc.sc.gov.br\/index.php?rest_route=\/wp\/v2\/users\/5"}],"replies":[{"embeddable":true,"href":"https:\/\/pc.sc.gov.br\/index.php?rest_route=%2Fwp%2Fv2%2Fcomments&post=21945"}],"version-history":[{"count":4,"href":"https:\/\/pc.sc.gov.br\/index.php?rest_route=\/wp\/v2\/posts\/21945\/revisions"}],"predecessor-version":[{"id":21951,"href":"https:\/\/pc.sc.gov.br\/index.php?rest_route=\/wp\/v2\/posts\/21945\/revisions\/21951"}],"wp:featuredmedia":[{"embeddable":true,"href":"https:\/\/pc.sc.gov.br\/index.php?rest_route=\/wp\/v2\/media\/21946"}],"wp:attachment":[{"href":"https:\/\/pc.sc.gov.br\/index.php?rest_route=%2Fwp%2Fv2%2Fmedia&parent=21945"}],"wp:term":[{"taxonomy":"category","embeddable":true,"href":"https:\/\/pc.sc.gov.br\/index.php?rest_route=%2Fwp%2Fv2%2Fcategories&post=21945"},{"taxonomy":"post_tag","embeddable":true,"href":"https:\/\/pc.sc.gov.br\/index.php?rest_route=%2Fwp%2Fv2%2Ftags&post=21945"}],"curies":[{"name":"wp","href":"https:\/\/api.w.org\/{rel}","templated":true}]}}