{"id":21952,"date":"2024-07-17T15:49:18","date_gmt":"2024-07-17T18:49:18","guid":{"rendered":"https:\/\/pc.sc.gov.br\/?p=21952"},"modified":"2024-07-17T15:50:44","modified_gmt":"2024-07-17T18:50:44","slug":"pcsc-prende-condenado-por-porte-ilegal-de-arma-de-fogo-de-uso-restrito-em-xanxere","status":"publish","type":"post","link":"https:\/\/pc.sc.gov.br\/?p=21952","title":{"rendered":"PCSC prende condenado por porte ilegal de arma de fogo de uso restrito em Xanxer\u00ea"},"content":{"rendered":"\t\t<div data-elementor-type=\"wp-post\" data-elementor-id=\"21952\" class=\"elementor elementor-21952\" data-elementor-post-type=\"post\">\n\t\t\t\t\t\t<section class=\"elementor-section elementor-top-section elementor-element elementor-element-cae2f64 elementor-section-boxed elementor-section-height-default elementor-section-height-default\" data-id=\"cae2f64\" data-element_type=\"section\">\n\t\t\t\t\t\t<div class=\"elementor-container elementor-column-gap-default\">\n\t\t\t\t\t<div class=\"elementor-column elementor-col-100 elementor-top-column elementor-element elementor-element-d739105\" data-id=\"d739105\" data-element_type=\"column\">\n\t\t\t<div class=\"elementor-widget-wrap elementor-element-populated\">\n\t\t\t\t\t\t<div class=\"elementor-element elementor-element-a1f54ba elementor-widget elementor-widget-heading\" data-id=\"a1f54ba\" data-element_type=\"widget\" data-widget_type=\"heading.default\">\n\t\t\t\t<div class=\"elementor-widget-container\">\n\t\t\t\t\t<h2 class=\"elementor-heading-title elementor-size-default\">PCSC prende condenado por porte ilegal de arma de fogo de uso restrito em Xanxer\u00ea<\/h2>\t\t\t\t<\/div>\n\t\t\t\t<\/div>\n\t\t\t\t\t<\/div>\n\t\t<\/div>\n\t\t\t\t\t<\/div>\n\t\t<\/section>\n\t\t\t\t<section class=\"elementor-section elementor-top-section elementor-element elementor-element-cc0131c elementor-section-boxed elementor-section-height-default elementor-section-height-default\" data-id=\"cc0131c\" data-element_type=\"section\">\n\t\t\t\t\t\t<div class=\"elementor-container elementor-column-gap-default\">\n\t\t\t\t\t<div class=\"elementor-column elementor-col-100 elementor-top-column elementor-element elementor-element-2d210ed\" data-id=\"2d210ed\" data-element_type=\"column\">\n\t\t\t<div class=\"elementor-widget-wrap elementor-element-populated\">\n\t\t\t\t\t\t<div class=\"elementor-element elementor-element-3ec1509 elementor-widget elementor-widget-image\" data-id=\"3ec1509\" data-element_type=\"widget\" data-widget_type=\"image.default\">\n\t\t\t\t<div class=\"elementor-widget-container\">\n\t\t\t\t\t\t\t\t\t\t\t\t\t\t\t<img fetchpriority=\"high\" decoding=\"async\" width=\"696\" height=\"504\" src=\"https:\/\/pc.sc.gov.br\/\/wp-content\/uploads\/2024\/07\/91e852b4-0856-4cd1-a90c-9a3f0173a776-fotor-20240717144615-1024x742.jpg\" class=\"attachment-large size-large wp-image-21953\" alt=\"\" srcset=\"https:\/\/pc.sc.gov.br\/\/wp-content\/uploads\/2024\/07\/91e852b4-0856-4cd1-a90c-9a3f0173a776-fotor-20240717144615-1024x742.jpg 1024w, https:\/\/pc.sc.gov.br\/\/wp-content\/uploads\/2024\/07\/91e852b4-0856-4cd1-a90c-9a3f0173a776-fotor-20240717144615-300x217.jpg 300w, https:\/\/pc.sc.gov.br\/\/wp-content\/uploads\/2024\/07\/91e852b4-0856-4cd1-a90c-9a3f0173a776-fotor-20240717144615-768x556.jpg 768w, https:\/\/pc.sc.gov.br\/\/wp-content\/uploads\/2024\/07\/91e852b4-0856-4cd1-a90c-9a3f0173a776-fotor-20240717144615.jpg 1073w\" sizes=\"(max-width: 696px) 100vw, 696px\" \/>\t\t\t\t\t\t\t\t\t\t\t\t\t\t\t<\/div>\n\t\t\t\t<\/div>\n\t\t\t\t\t<\/div>\n\t\t<\/div>\n\t\t\t\t\t<\/div>\n\t\t<\/section>\n\t\t\t\t<section class=\"elementor-section elementor-top-section elementor-element elementor-element-e3f9bc9 elementor-section-boxed elementor-section-height-default elementor-section-height-default\" data-id=\"e3f9bc9\" data-element_type=\"section\">\n\t\t\t\t\t\t<div class=\"elementor-container elementor-column-gap-default\">\n\t\t\t\t\t<div class=\"elementor-column elementor-col-100 elementor-top-column elementor-element elementor-element-d8a25ab\" data-id=\"d8a25ab\" data-element_type=\"column\">\n\t\t\t<div class=\"elementor-widget-wrap elementor-element-populated\">\n\t\t\t\t\t\t<div class=\"elementor-element elementor-element-b6f4433 elementor-widget elementor-widget-text-editor\" data-id=\"b6f4433\" data-element_type=\"widget\" data-widget_type=\"text-editor.default\">\n\t\t\t\t<div class=\"elementor-widget-container\">\n\t\t\t\t\t\t\t\t\t<p>A Pol\u00edcia Civil de Santa Catarina, por meio da Delegacia de Pol\u00edcia da Comarca de Xanxer\u00ea, prendeu, nesta quarta-feira, 17, um indiv\u00edduo, natural de Abelardo Luz, condenado a uma pena de tr\u00eas anos de reclus\u00e3o, em raz\u00e3o da pr\u00e1tica da infra\u00e7\u00e3o penal de porte ilegal de arma de fogo de uso restrito. O pedido de pris\u00e3o foi expedido na ter\u00e7a-feira, 16, pelo ju\u00edzo criminal de Xanxer\u00ea, em virtude da condena\u00e7\u00e3o.&nbsp;<\/p>\n<p>Na manh\u00e3 de hoje, 17, ent\u00e3o, os policiais civis passaram a realizar dilig\u00eancias e encontraram o apenado em uma propriedade rural, na Linha Faxinal do Iran\u00ed, em Xanxer\u00ea.&nbsp;<span style=\"font-family: var( --e-global-typography-primary-font-family ), Sans-serif; font-size: var( --e-global-typography-primary-font-size ); font-weight: var( --e-global-typography-primary-font-weight ); letter-spacing: var( --e-global-typography-primary-letter-spacing );\">Ap\u00f3s os procedimentos legais, o condenado foi encaminhado ao sistema prisional da cidade de Xanxer\u00ea, local em que permanecer\u00e1 \u00e0 disposi\u00e7\u00e3o do Poder Judici\u00e1rio.&nbsp;<\/span><\/p>\t\t\t\t\t\t\t\t<\/div>\n\t\t\t\t<\/div>\n\t\t\t\t\t<\/div>\n\t\t<\/div>\n\t\t\t\t\t<\/div>\n\t\t<\/section>\n\t\t\t\t<\/div>\n\t\t","protected":false},"excerpt":{"rendered":"<p>PCSC prende condenado por porte ilegal de arma de fogo de uso restrito em Xanxer\u00ea A Pol\u00edcia Civil de Santa Catarina, por meio da Delegacia de Pol\u00edcia da Comarca de Xanxer\u00ea, prendeu, nesta quarta-feira, 17, um indiv\u00edduo, natural de Abelardo Luz, condenado a uma pena de tr\u00eas anos de reclus\u00e3o, em raz\u00e3o da pr\u00e1tica da [&hellip;]<\/p>\n","protected":false},"author":5,"featured_media":21953,"comment_status":"closed","ping_status":"open","sticky":false,"template":"","format":"standard","meta":{"_monsterinsights_skip_tracking":false,"_monsterinsights_sitenote_active":false,"_monsterinsights_sitenote_note":"","_monsterinsights_sitenote_category":0,"footnotes":""},"categories":[1],"tags":[],"class_list":["post-21952","post","type-post","status-publish","format-standard","has-post-thumbnail","hentry","category-sem-categoria"],"_links":{"self":[{"href":"https:\/\/pc.sc.gov.br\/index.php?rest_route=\/wp\/v2\/posts\/21952","targetHints":{"allow":["GET"]}}],"collection":[{"href":"https:\/\/pc.sc.gov.br\/index.php?rest_route=\/wp\/v2\/posts"}],"about":[{"href":"https:\/\/pc.sc.gov.br\/index.php?rest_route=\/wp\/v2\/types\/post"}],"author":[{"embeddable":true,"href":"https:\/\/pc.sc.gov.br\/index.php?rest_route=\/wp\/v2\/users\/5"}],"replies":[{"embeddable":true,"href":"https:\/\/pc.sc.gov.br\/index.php?rest_route=%2Fwp%2Fv2%2Fcomments&post=21952"}],"version-history":[{"count":4,"href":"https:\/\/pc.sc.gov.br\/index.php?rest_route=\/wp\/v2\/posts\/21952\/revisions"}],"predecessor-version":[{"id":21957,"href":"https:\/\/pc.sc.gov.br\/index.php?rest_route=\/wp\/v2\/posts\/21952\/revisions\/21957"}],"wp:featuredmedia":[{"embeddable":true,"href":"https:\/\/pc.sc.gov.br\/index.php?rest_route=\/wp\/v2\/media\/21953"}],"wp:attachment":[{"href":"https:\/\/pc.sc.gov.br\/index.php?rest_route=%2Fwp%2Fv2%2Fmedia&parent=21952"}],"wp:term":[{"taxonomy":"category","embeddable":true,"href":"https:\/\/pc.sc.gov.br\/index.php?rest_route=%2Fwp%2Fv2%2Fcategories&post=21952"},{"taxonomy":"post_tag","embeddable":true,"href":"https:\/\/pc.sc.gov.br\/index.php?rest_route=%2Fwp%2Fv2%2Ftags&post=21952"}],"curies":[{"name":"wp","href":"https:\/\/api.w.org\/{rel}","templated":true}]}}