{"id":21958,"date":"2024-07-17T16:09:41","date_gmt":"2024-07-17T19:09:41","guid":{"rendered":"https:\/\/pc.sc.gov.br\/?p=21958"},"modified":"2024-07-17T16:10:33","modified_gmt":"2024-07-17T19:10:33","slug":"delegacia-de-protecao-a-animais-domesticos-prende-em-flagrante-mulher-que-mantinha-cao-em-condicoes-de-maus-tratos","status":"publish","type":"post","link":"https:\/\/pc.sc.gov.br\/?p=21958","title":{"rendered":"Delegacia de Prote\u00e7\u00e3o a Animais Dom\u00e9sticos prende em flagrante mulher que mantinha c\u00e3o em condi\u00e7\u00f5es de maus-tratos"},"content":{"rendered":"\t\t<div data-elementor-type=\"wp-post\" data-elementor-id=\"21958\" class=\"elementor elementor-21958\" data-elementor-post-type=\"post\">\n\t\t\t\t\t\t<section class=\"elementor-section elementor-top-section elementor-element elementor-element-8d452be elementor-section-boxed elementor-section-height-default elementor-section-height-default\" data-id=\"8d452be\" data-element_type=\"section\">\n\t\t\t\t\t\t<div class=\"elementor-container elementor-column-gap-default\">\n\t\t\t\t\t<div class=\"elementor-column elementor-col-100 elementor-top-column elementor-element elementor-element-19d2fb8\" data-id=\"19d2fb8\" data-element_type=\"column\">\n\t\t\t<div class=\"elementor-widget-wrap elementor-element-populated\">\n\t\t\t\t\t\t<div class=\"elementor-element elementor-element-1d260f9 elementor-widget elementor-widget-heading\" data-id=\"1d260f9\" data-element_type=\"widget\" data-widget_type=\"heading.default\">\n\t\t\t\t<div class=\"elementor-widget-container\">\n\t\t\t\t\t<h2 class=\"elementor-heading-title elementor-size-default\">Delegacia de Prote\u00e7\u00e3o a Animais Dom\u00e9sticos prende em flagrante mulher que mantinha c\u00e3o em condi\u00e7\u00f5es de maus-tratos<\/h2>\t\t\t\t<\/div>\n\t\t\t\t<\/div>\n\t\t\t\t\t<\/div>\n\t\t<\/div>\n\t\t\t\t\t<\/div>\n\t\t<\/section>\n\t\t\t\t<section class=\"elementor-section elementor-top-section elementor-element elementor-element-a7f901c elementor-section-boxed elementor-section-height-default elementor-section-height-default\" data-id=\"a7f901c\" data-element_type=\"section\">\n\t\t\t\t\t\t<div class=\"elementor-container elementor-column-gap-default\">\n\t\t\t\t\t<div class=\"elementor-column elementor-col-100 elementor-top-column elementor-element elementor-element-14b357d\" data-id=\"14b357d\" data-element_type=\"column\">\n\t\t\t<div class=\"elementor-widget-wrap elementor-element-populated\">\n\t\t\t\t\t\t<div class=\"elementor-element elementor-element-34609fb elementor-widget elementor-widget-image\" data-id=\"34609fb\" data-element_type=\"widget\" data-widget_type=\"image.default\">\n\t\t\t\t<div class=\"elementor-widget-container\">\n\t\t\t\t\t\t\t\t\t\t\t\t\t\t\t<img fetchpriority=\"high\" decoding=\"async\" width=\"696\" height=\"705\" src=\"https:\/\/pc.sc.gov.br\/\/wp-content\/uploads\/2024\/07\/3be47d94-30da-42a5-8ad8-e29476bb82ed-fotor-20240717155930.jpg\" class=\"attachment-large size-large wp-image-21959\" alt=\"\" srcset=\"https:\/\/pc.sc.gov.br\/\/wp-content\/uploads\/2024\/07\/3be47d94-30da-42a5-8ad8-e29476bb82ed-fotor-20240717155930.jpg 900w, https:\/\/pc.sc.gov.br\/\/wp-content\/uploads\/2024\/07\/3be47d94-30da-42a5-8ad8-e29476bb82ed-fotor-20240717155930-296x300.jpg 296w, https:\/\/pc.sc.gov.br\/\/wp-content\/uploads\/2024\/07\/3be47d94-30da-42a5-8ad8-e29476bb82ed-fotor-20240717155930-768x778.jpg 768w\" sizes=\"(max-width: 696px) 100vw, 696px\" \/>\t\t\t\t\t\t\t\t\t\t\t\t\t\t\t<\/div>\n\t\t\t\t<\/div>\n\t\t\t\t\t<\/div>\n\t\t<\/div>\n\t\t\t\t\t<\/div>\n\t\t<\/section>\n\t\t\t\t<section class=\"elementor-section elementor-top-section elementor-element elementor-element-4894b02 elementor-section-boxed elementor-section-height-default elementor-section-height-default\" data-id=\"4894b02\" data-element_type=\"section\">\n\t\t\t\t\t\t<div class=\"elementor-container elementor-column-gap-default\">\n\t\t\t\t\t<div class=\"elementor-column elementor-col-100 elementor-top-column elementor-element elementor-element-0c4f175\" data-id=\"0c4f175\" data-element_type=\"column\">\n\t\t\t<div class=\"elementor-widget-wrap elementor-element-populated\">\n\t\t\t\t\t\t<div class=\"elementor-element elementor-element-1abc492 elementor-widget elementor-widget-text-editor\" data-id=\"1abc492\" data-element_type=\"widget\" data-widget_type=\"text-editor.default\">\n\t\t\t\t<div class=\"elementor-widget-container\">\n\t\t\t\t\t\t\t\t\t<p>A Pol\u00edcia Civil do Estado de Santa Catarina, por meio da Delegacia de Prote\u00e7\u00e3o a Animais Dom\u00e9sticos, do Departamento de Investiga\u00e7\u00e3o Criminal da Capital (DPA\/DIC), em opera\u00e7\u00e3o conjunta com a Diretoria de Bem-Estar Animal de Palho\u00e7a, prendeu nesta ter\u00e7a-feira, 16, em flagrante uma mulher pelo crime de maus-tratos qualificado contra cadela, sem ra\u00e7a definida, em Palho\u00e7a.<\/p><p>As den\u00fancias mencionavam que a cachorra era mantida em p\u00e9ssimas condi\u00e7\u00f5es de sa\u00fade e de salubridade, sendo que o animal apresentava um problema s\u00e9rio de pele que apenas se agravava, devido ao n\u00e3o tratamento.<\/p><p>Ap\u00f3s algumas dilig\u00eancias de fiscaliza\u00e7\u00e3o, a tutora apresentou resist\u00eancia \u00e0s determina\u00e7\u00f5es do \u00f3rg\u00e3o municipal, em especial quanto \u00e0 obrigatoriedade de atendimento m\u00e9dico-veterin\u00e1rio ao animal, ainda que ofertado de forma gratuita.\u00a0<\/p><p>Nesta ter\u00e7a-feira, 16, as equipes retornaram ao local, constatando que a situa\u00e7\u00e3o havia piorado e a cachorra corria risco de vida. A mulher apresentou medica\u00e7\u00e3o humana para trombose, alegando ser o medicamento \u201cprescrito por veterin\u00e1rio\u201d para tratar o animal.<\/p><p>A cadela foi resgatada pela DIBEA de Palho\u00e7a, receber\u00e1 atendimento cl\u00ednico e os devidos cuidados at\u00e9 eventual ado\u00e7\u00e3o respons\u00e1vel. Formalizado o procedimento criminal na Central de Plant\u00e3o Policial de Palho\u00e7a, a presa permaneceu \u00e0 disposi\u00e7\u00e3o do Poder Judici\u00e1rio.<\/p>\t\t\t\t\t\t\t\t<\/div>\n\t\t\t\t<\/div>\n\t\t\t\t\t<\/div>\n\t\t<\/div>\n\t\t\t\t\t<\/div>\n\t\t<\/section>\n\t\t\t\t<\/div>\n\t\t","protected":false},"excerpt":{"rendered":"<p>Delegacia de Prote\u00e7\u00e3o a Animais Dom\u00e9sticos prende em flagrante mulher que mantinha c\u00e3o em condi\u00e7\u00f5es de maus-tratos A Pol\u00edcia Civil do Estado de Santa Catarina, por meio da Delegacia de Prote\u00e7\u00e3o a Animais Dom\u00e9sticos, do Departamento de Investiga\u00e7\u00e3o Criminal da Capital (DPA\/DIC), em opera\u00e7\u00e3o conjunta com a Diretoria de Bem-Estar Animal de Palho\u00e7a, prendeu nesta [&hellip;]<\/p>\n","protected":false},"author":5,"featured_media":21959,"comment_status":"closed","ping_status":"open","sticky":false,"template":"","format":"standard","meta":{"_monsterinsights_skip_tracking":false,"_monsterinsights_sitenote_active":false,"_monsterinsights_sitenote_note":"","_monsterinsights_sitenote_category":0,"footnotes":""},"categories":[1],"tags":[],"class_list":["post-21958","post","type-post","status-publish","format-standard","has-post-thumbnail","hentry","category-sem-categoria"],"_links":{"self":[{"href":"https:\/\/pc.sc.gov.br\/index.php?rest_route=\/wp\/v2\/posts\/21958","targetHints":{"allow":["GET"]}}],"collection":[{"href":"https:\/\/pc.sc.gov.br\/index.php?rest_route=\/wp\/v2\/posts"}],"about":[{"href":"https:\/\/pc.sc.gov.br\/index.php?rest_route=\/wp\/v2\/types\/post"}],"author":[{"embeddable":true,"href":"https:\/\/pc.sc.gov.br\/index.php?rest_route=\/wp\/v2\/users\/5"}],"replies":[{"embeddable":true,"href":"https:\/\/pc.sc.gov.br\/index.php?rest_route=%2Fwp%2Fv2%2Fcomments&post=21958"}],"version-history":[{"count":4,"href":"https:\/\/pc.sc.gov.br\/index.php?rest_route=\/wp\/v2\/posts\/21958\/revisions"}],"predecessor-version":[{"id":21963,"href":"https:\/\/pc.sc.gov.br\/index.php?rest_route=\/wp\/v2\/posts\/21958\/revisions\/21963"}],"wp:featuredmedia":[{"embeddable":true,"href":"https:\/\/pc.sc.gov.br\/index.php?rest_route=\/wp\/v2\/media\/21959"}],"wp:attachment":[{"href":"https:\/\/pc.sc.gov.br\/index.php?rest_route=%2Fwp%2Fv2%2Fmedia&parent=21958"}],"wp:term":[{"taxonomy":"category","embeddable":true,"href":"https:\/\/pc.sc.gov.br\/index.php?rest_route=%2Fwp%2Fv2%2Fcategories&post=21958"},{"taxonomy":"post_tag","embeddable":true,"href":"https:\/\/pc.sc.gov.br\/index.php?rest_route=%2Fwp%2Fv2%2Ftags&post=21958"}],"curies":[{"name":"wp","href":"https:\/\/api.w.org\/{rel}","templated":true}]}}