{"id":21971,"date":"2024-07-18T16:23:07","date_gmt":"2024-07-18T19:23:07","guid":{"rendered":"https:\/\/pc.sc.gov.br\/?p=21971"},"modified":"2024-07-18T16:24:24","modified_gmt":"2024-07-18T19:24:24","slug":"em-operacao-conjunta-pcrs-e-core-prendem-lideranca-do-trafico-de-drogas-e-integrante-de-faccao-crimonosa-do-rs","status":"publish","type":"post","link":"https:\/\/pc.sc.gov.br\/?p=21971","title":{"rendered":"Em opera\u00e7\u00e3o conjunta, PCRS e CORE prendem lideran\u00e7a do tr\u00e1fico de drogas e integrante de fac\u00e7\u00e3o criminosa do RS"},"content":{"rendered":"\t\t<div data-elementor-type=\"wp-post\" data-elementor-id=\"21971\" class=\"elementor elementor-21971\" data-elementor-post-type=\"post\">\n\t\t\t\t\t\t<section class=\"elementor-section elementor-top-section elementor-element elementor-element-ced4eea elementor-section-boxed elementor-section-height-default elementor-section-height-default\" data-id=\"ced4eea\" data-element_type=\"section\">\n\t\t\t\t\t\t<div class=\"elementor-container elementor-column-gap-default\">\n\t\t\t\t\t<div class=\"elementor-column elementor-col-100 elementor-top-column elementor-element elementor-element-6673119\" data-id=\"6673119\" data-element_type=\"column\">\n\t\t\t<div class=\"elementor-widget-wrap elementor-element-populated\">\n\t\t\t\t\t\t<div class=\"elementor-element elementor-element-bc23c00 elementor-widget elementor-widget-heading\" data-id=\"bc23c00\" data-element_type=\"widget\" data-widget_type=\"heading.default\">\n\t\t\t\t<div class=\"elementor-widget-container\">\n\t\t\t\t\t<h2 class=\"elementor-heading-title elementor-size-default\">Em opera\u00e7\u00e3o conjunta PCRS e CORE prendem lideran\u00e7a do tr\u00e1fico de drogas e integrante de fac\u00e7\u00e3o criminosa do RS<\/h2>\t\t\t\t<\/div>\n\t\t\t\t<\/div>\n\t\t\t\t\t<\/div>\n\t\t<\/div>\n\t\t\t\t\t<\/div>\n\t\t<\/section>\n\t\t\t\t<section class=\"elementor-section elementor-top-section elementor-element elementor-element-ee469c0 elementor-section-boxed elementor-section-height-default elementor-section-height-default\" data-id=\"ee469c0\" data-element_type=\"section\">\n\t\t\t\t\t\t<div class=\"elementor-container elementor-column-gap-default\">\n\t\t\t\t\t<div class=\"elementor-column elementor-col-100 elementor-top-column elementor-element elementor-element-da5a0cc\" data-id=\"da5a0cc\" data-element_type=\"column\">\n\t\t\t<div class=\"elementor-widget-wrap elementor-element-populated\">\n\t\t\t\t\t\t<div class=\"elementor-element elementor-element-8f54597 elementor-widget elementor-widget-image\" data-id=\"8f54597\" data-element_type=\"widget\" data-widget_type=\"image.default\">\n\t\t\t\t<div class=\"elementor-widget-container\">\n\t\t\t\t\t\t\t\t\t\t\t\t\t\t\t<img fetchpriority=\"high\" decoding=\"async\" width=\"696\" height=\"696\" src=\"https:\/\/pc.sc.gov.br\/\/wp-content\/uploads\/2024\/07\/WhatsApp-Image-2024-07-18-at-11.12.46-1024x1024.jpeg\" class=\"attachment-large size-large wp-image-21969\" alt=\"\" srcset=\"https:\/\/pc.sc.gov.br\/\/wp-content\/uploads\/2024\/07\/WhatsApp-Image-2024-07-18-at-11.12.46-1024x1024.jpeg 1024w, https:\/\/pc.sc.gov.br\/\/wp-content\/uploads\/2024\/07\/WhatsApp-Image-2024-07-18-at-11.12.46-300x300.jpeg 300w, https:\/\/pc.sc.gov.br\/\/wp-content\/uploads\/2024\/07\/WhatsApp-Image-2024-07-18-at-11.12.46-150x150.jpeg 150w, https:\/\/pc.sc.gov.br\/\/wp-content\/uploads\/2024\/07\/WhatsApp-Image-2024-07-18-at-11.12.46-768x768.jpeg 768w, https:\/\/pc.sc.gov.br\/\/wp-content\/uploads\/2024\/07\/WhatsApp-Image-2024-07-18-at-11.12.46.jpeg 1280w\" sizes=\"(max-width: 696px) 100vw, 696px\" \/>\t\t\t\t\t\t\t\t\t\t\t\t\t\t\t<\/div>\n\t\t\t\t<\/div>\n\t\t\t\t\t<\/div>\n\t\t<\/div>\n\t\t\t\t\t<\/div>\n\t\t<\/section>\n\t\t\t\t<section class=\"elementor-section elementor-top-section elementor-element elementor-element-6afdfb9 elementor-section-boxed elementor-section-height-default elementor-section-height-default\" data-id=\"6afdfb9\" data-element_type=\"section\">\n\t\t\t\t\t\t<div class=\"elementor-container elementor-column-gap-default\">\n\t\t\t\t\t<div class=\"elementor-column elementor-col-100 elementor-top-column elementor-element elementor-element-78d0374\" data-id=\"78d0374\" data-element_type=\"column\">\n\t\t\t<div class=\"elementor-widget-wrap elementor-element-populated\">\n\t\t\t\t\t\t<div class=\"elementor-element elementor-element-3631d7e elementor-widget elementor-widget-text-editor\" data-id=\"3631d7e\" data-element_type=\"widget\" data-widget_type=\"text-editor.default\">\n\t\t\t\t<div class=\"elementor-widget-container\">\n\t\t\t\t\t\t\t\t\t<p>A Pol\u00edcia Civil de Santa Catarina, por meio da Coordenadoria de Opera\u00e7\u00f5es e Recursos Especiais (CORE\/PCSC), participou na manh\u00e3 desta quinta feira, 18, de opera\u00e7\u00e3o policial no munic\u00edpio de Major Gercino, em apoio \u00e0 Pol\u00edcia Civil do Rio Grande do Sul.<\/p><p>O alvo desta opera\u00e7\u00e3o foi um homem, lideran\u00e7a do tr\u00e1fico de drogas em Charqueadas, munic\u00edpio localizado pr\u00f3ximo \u00e0 Capital Ga\u00facha e vinculado a organiza\u00e7\u00e3o criminosa ga\u00facha.<\/p><p>Foi cumprido na ocasi\u00e3o, mandado de pris\u00e3o preventiva referente a uma dupla tentativa de homic\u00eddio em estabelecimento comercial no munic\u00edpio de Charqueadas. Restaram apreendidos, uma pistola, drogas e dinheiro em esp\u00e9cie.<\/p>\t\t\t\t\t\t\t\t<\/div>\n\t\t\t\t<\/div>\n\t\t\t\t\t<\/div>\n\t\t<\/div>\n\t\t\t\t\t<\/div>\n\t\t<\/section>\n\t\t\t\t<\/div>\n\t\t","protected":false},"excerpt":{"rendered":"<p>Em opera\u00e7\u00e3o conjunta PCRS e CORE prendem lideran\u00e7a do tr\u00e1fico de drogas e integrante de fac\u00e7\u00e3o criminosa do RS A Pol\u00edcia Civil de Santa Catarina, por meio da Coordenadoria de Opera\u00e7\u00f5es e Recursos Especiais (CORE\/PCSC), participou na manh\u00e3 desta quinta feira, 18, de opera\u00e7\u00e3o policial no munic\u00edpio de Major Gercino, em apoio \u00e0 Pol\u00edcia Civil [&hellip;]<\/p>\n","protected":false},"author":5,"featured_media":21969,"comment_status":"closed","ping_status":"open","sticky":false,"template":"","format":"standard","meta":{"_monsterinsights_skip_tracking":false,"_monsterinsights_sitenote_active":false,"_monsterinsights_sitenote_note":"","_monsterinsights_sitenote_category":0,"footnotes":""},"categories":[1],"tags":[],"class_list":["post-21971","post","type-post","status-publish","format-standard","has-post-thumbnail","hentry","category-sem-categoria"],"_links":{"self":[{"href":"https:\/\/pc.sc.gov.br\/index.php?rest_route=\/wp\/v2\/posts\/21971","targetHints":{"allow":["GET"]}}],"collection":[{"href":"https:\/\/pc.sc.gov.br\/index.php?rest_route=\/wp\/v2\/posts"}],"about":[{"href":"https:\/\/pc.sc.gov.br\/index.php?rest_route=\/wp\/v2\/types\/post"}],"author":[{"embeddable":true,"href":"https:\/\/pc.sc.gov.br\/index.php?rest_route=\/wp\/v2\/users\/5"}],"replies":[{"embeddable":true,"href":"https:\/\/pc.sc.gov.br\/index.php?rest_route=%2Fwp%2Fv2%2Fcomments&post=21971"}],"version-history":[{"count":5,"href":"https:\/\/pc.sc.gov.br\/index.php?rest_route=\/wp\/v2\/posts\/21971\/revisions"}],"predecessor-version":[{"id":21976,"href":"https:\/\/pc.sc.gov.br\/index.php?rest_route=\/wp\/v2\/posts\/21971\/revisions\/21976"}],"wp:featuredmedia":[{"embeddable":true,"href":"https:\/\/pc.sc.gov.br\/index.php?rest_route=\/wp\/v2\/media\/21969"}],"wp:attachment":[{"href":"https:\/\/pc.sc.gov.br\/index.php?rest_route=%2Fwp%2Fv2%2Fmedia&parent=21971"}],"wp:term":[{"taxonomy":"category","embeddable":true,"href":"https:\/\/pc.sc.gov.br\/index.php?rest_route=%2Fwp%2Fv2%2Fcategories&post=21971"},{"taxonomy":"post_tag","embeddable":true,"href":"https:\/\/pc.sc.gov.br\/index.php?rest_route=%2Fwp%2Fv2%2Ftags&post=21971"}],"curies":[{"name":"wp","href":"https:\/\/api.w.org\/{rel}","templated":true}]}}