{"id":21977,"date":"2024-07-18T16:42:20","date_gmt":"2024-07-18T19:42:20","guid":{"rendered":"https:\/\/pc.sc.gov.br\/?p=21977"},"modified":"2024-07-18T16:44:25","modified_gmt":"2024-07-18T19:44:25","slug":"em-investigacao-sobre-envenenamento-delegacia-de-protecao-a-animais-prende-dois-homens-por-posse-irregular-de-armas-de-fogo","status":"publish","type":"post","link":"https:\/\/pc.sc.gov.br\/?p=21977","title":{"rendered":"Em investiga\u00e7\u00e3o sobre envenenamento, Delegacia de Prote\u00e7\u00e3o a Animais prende dois homens por posse irregular de armas de fogo"},"content":{"rendered":"\t\t<div data-elementor-type=\"wp-post\" data-elementor-id=\"21977\" class=\"elementor elementor-21977\" data-elementor-post-type=\"post\">\n\t\t\t\t\t\t<section class=\"elementor-section elementor-top-section elementor-element elementor-element-2d0af0b elementor-section-boxed elementor-section-height-default elementor-section-height-default\" data-id=\"2d0af0b\" data-element_type=\"section\">\n\t\t\t\t\t\t<div class=\"elementor-container elementor-column-gap-default\">\n\t\t\t\t\t<div class=\"elementor-column elementor-col-100 elementor-top-column elementor-element elementor-element-f337bc2\" data-id=\"f337bc2\" data-element_type=\"column\">\n\t\t\t<div class=\"elementor-widget-wrap elementor-element-populated\">\n\t\t\t\t\t\t<div class=\"elementor-element elementor-element-b4c5795 elementor-widget elementor-widget-heading\" data-id=\"b4c5795\" data-element_type=\"widget\" data-widget_type=\"heading.default\">\n\t\t\t\t<div class=\"elementor-widget-container\">\n\t\t\t\t\t<h2 class=\"elementor-heading-title elementor-size-default\">Em investiga\u00e7\u00e3o sobre envenenamento, Delegacia de Prote\u00e7\u00e3o a Animais, prende dois homens por posse de armas e muni\u00e7\u00f5es<\/h2>\t\t\t\t<\/div>\n\t\t\t\t<\/div>\n\t\t\t\t\t<\/div>\n\t\t<\/div>\n\t\t\t\t\t<\/div>\n\t\t<\/section>\n\t\t\t\t<section class=\"elementor-section elementor-top-section elementor-element elementor-element-2e4c719 elementor-section-boxed elementor-section-height-default elementor-section-height-default\" data-id=\"2e4c719\" data-element_type=\"section\">\n\t\t\t\t\t\t<div class=\"elementor-container elementor-column-gap-default\">\n\t\t\t\t\t<div class=\"elementor-column elementor-col-100 elementor-top-column elementor-element elementor-element-1ba33c0\" data-id=\"1ba33c0\" data-element_type=\"column\">\n\t\t\t<div class=\"elementor-widget-wrap elementor-element-populated\">\n\t\t\t\t\t\t<div class=\"elementor-element elementor-element-ee4238d elementor-widget elementor-widget-image\" data-id=\"ee4238d\" data-element_type=\"widget\" data-widget_type=\"image.default\">\n\t\t\t\t<div class=\"elementor-widget-container\">\n\t\t\t\t\t\t\t\t\t\t\t\t\t\t\t<img fetchpriority=\"high\" decoding=\"async\" width=\"696\" height=\"538\" src=\"https:\/\/pc.sc.gov.br\/\/wp-content\/uploads\/2024\/07\/WhatsApp-Image-2024-07-18-at-14.09.03-fotor-20240718164152-1024x791.jpg\" class=\"attachment-large size-large wp-image-21979\" alt=\"\" srcset=\"https:\/\/pc.sc.gov.br\/\/wp-content\/uploads\/2024\/07\/WhatsApp-Image-2024-07-18-at-14.09.03-fotor-20240718164152-1024x791.jpg 1024w, https:\/\/pc.sc.gov.br\/\/wp-content\/uploads\/2024\/07\/WhatsApp-Image-2024-07-18-at-14.09.03-fotor-20240718164152-300x232.jpg 300w, https:\/\/pc.sc.gov.br\/\/wp-content\/uploads\/2024\/07\/WhatsApp-Image-2024-07-18-at-14.09.03-fotor-20240718164152-768x593.jpg 768w, https:\/\/pc.sc.gov.br\/\/wp-content\/uploads\/2024\/07\/WhatsApp-Image-2024-07-18-at-14.09.03-fotor-20240718164152.jpg 1075w\" sizes=\"(max-width: 696px) 100vw, 696px\" \/>\t\t\t\t\t\t\t\t\t\t\t\t\t\t\t<\/div>\n\t\t\t\t<\/div>\n\t\t\t\t\t<\/div>\n\t\t<\/div>\n\t\t\t\t\t<\/div>\n\t\t<\/section>\n\t\t\t\t<section class=\"elementor-section elementor-top-section elementor-element elementor-element-ebcceb2 elementor-section-boxed elementor-section-height-default elementor-section-height-default\" data-id=\"ebcceb2\" data-element_type=\"section\">\n\t\t\t\t\t\t<div class=\"elementor-container elementor-column-gap-default\">\n\t\t\t\t\t<div class=\"elementor-column elementor-col-100 elementor-top-column elementor-element elementor-element-7a88420\" data-id=\"7a88420\" data-element_type=\"column\">\n\t\t\t<div class=\"elementor-widget-wrap elementor-element-populated\">\n\t\t\t\t\t\t<div class=\"elementor-element elementor-element-9c763e9 elementor-widget elementor-widget-text-editor\" data-id=\"9c763e9\" data-element_type=\"widget\" data-widget_type=\"text-editor.default\">\n\t\t\t\t<div class=\"elementor-widget-container\">\n\t\t\t\t\t\t\t\t\t<p>A Pol\u00edcia Civil de Santa Catarina, por meio da Delegacia de Prote\u00e7\u00e3o a Animais Dom\u00e9sticos do Departamento de Investiga\u00e7\u00e3o Criminal da Capital (DPA\/DIC), com apoio da Delegacia de Pol\u00edcia do Munic\u00edpio de S\u00e3o Bonif\u00e1cio, na manh\u00e3 desta quinta-feira (18), em meio \u00e0 investiga\u00e7\u00e3o de \u201cenvenenamento\u201d de animal dom\u00e9stico, cumpriu mandados de busca e apreens\u00e3o e prendeu dois homens em flagrante pelos crimes de posse irregular de armas de fogo e muni\u00e7\u00f5es, no bairro Rio do Poncho, em S\u00e3o Bonif\u00e1cio.<\/p>\n<p><b>Entenda o caso<\/b><\/p>\n<p>A Pol\u00edcia Civil recebeu boletim de ocorr\u00eancia notificando suposto \u201cenvenenamento\u201d de c\u00e3o, ap\u00f3s conflito entre vizinhos. \u201cLupi\u201d n\u00e3o resistiu, foi encaminhado \u00e0 Pol\u00edcia Cient\u00edfica e a per\u00edcia confirmou a utiliza\u00e7\u00e3o de \u201cchumbinho\u201d, produto irregular de elevada toxidade. Instaurou-se inqu\u00e9rito policial e, durante as dilig\u00eancias de investiga\u00e7\u00e3o, obtiveram-se informa\u00e7\u00f5es de que o suspeito tamb\u00e9m possu\u00eda arma de fogo irregular em sua posse, bem como de um terceiro que comercializava armas de fogo e muni\u00e7\u00f5es na regi\u00e3o.<\/p>\n<p>A autoridade policial representou por mandados de busca e apreens\u00e3o nos endere\u00e7os, onde foram apreendidos materiais de interesse \u00e0 investiga\u00e7\u00e3o do crime qualificado de maus-tratos a animal, bem como um total de 05 armas de fogo, 01 arma de press\u00e3o, al\u00e9m de 191 muni\u00e7\u00f5es de diversos calibres.<\/p>\n<p>Formalizado o procedimento criminal na unidade policial do munic\u00edpio, os presos permanecem \u00e0 disposi\u00e7\u00e3o do Poder Judici\u00e1rio.<\/p>\n<div>&nbsp;<\/div>\t\t\t\t\t\t\t\t<\/div>\n\t\t\t\t<\/div>\n\t\t\t\t\t<\/div>\n\t\t<\/div>\n\t\t\t\t\t<\/div>\n\t\t<\/section>\n\t\t\t\t<\/div>\n\t\t","protected":false},"excerpt":{"rendered":"<p>Em investiga\u00e7\u00e3o sobre envenenamento, Delegacia de Prote\u00e7\u00e3o a Animais, prende dois homens por posse de armas e muni\u00e7\u00f5es A Pol\u00edcia Civil de Santa Catarina, por meio da Delegacia de Prote\u00e7\u00e3o a Animais Dom\u00e9sticos do Departamento de Investiga\u00e7\u00e3o Criminal da Capital (DPA\/DIC), com apoio da Delegacia de Pol\u00edcia do Munic\u00edpio de S\u00e3o Bonif\u00e1cio, na manh\u00e3 desta [&hellip;]<\/p>\n","protected":false},"author":5,"featured_media":21979,"comment_status":"closed","ping_status":"open","sticky":false,"template":"","format":"standard","meta":{"_monsterinsights_skip_tracking":false,"_monsterinsights_sitenote_active":false,"_monsterinsights_sitenote_note":"","_monsterinsights_sitenote_category":0,"footnotes":""},"categories":[1],"tags":[],"class_list":["post-21977","post","type-post","status-publish","format-standard","has-post-thumbnail","hentry","category-sem-categoria"],"_links":{"self":[{"href":"https:\/\/pc.sc.gov.br\/index.php?rest_route=\/wp\/v2\/posts\/21977","targetHints":{"allow":["GET"]}}],"collection":[{"href":"https:\/\/pc.sc.gov.br\/index.php?rest_route=\/wp\/v2\/posts"}],"about":[{"href":"https:\/\/pc.sc.gov.br\/index.php?rest_route=\/wp\/v2\/types\/post"}],"author":[{"embeddable":true,"href":"https:\/\/pc.sc.gov.br\/index.php?rest_route=\/wp\/v2\/users\/5"}],"replies":[{"embeddable":true,"href":"https:\/\/pc.sc.gov.br\/index.php?rest_route=%2Fwp%2Fv2%2Fcomments&post=21977"}],"version-history":[{"count":3,"href":"https:\/\/pc.sc.gov.br\/index.php?rest_route=\/wp\/v2\/posts\/21977\/revisions"}],"predecessor-version":[{"id":21982,"href":"https:\/\/pc.sc.gov.br\/index.php?rest_route=\/wp\/v2\/posts\/21977\/revisions\/21982"}],"wp:featuredmedia":[{"embeddable":true,"href":"https:\/\/pc.sc.gov.br\/index.php?rest_route=\/wp\/v2\/media\/21979"}],"wp:attachment":[{"href":"https:\/\/pc.sc.gov.br\/index.php?rest_route=%2Fwp%2Fv2%2Fmedia&parent=21977"}],"wp:term":[{"taxonomy":"category","embeddable":true,"href":"https:\/\/pc.sc.gov.br\/index.php?rest_route=%2Fwp%2Fv2%2Fcategories&post=21977"},{"taxonomy":"post_tag","embeddable":true,"href":"https:\/\/pc.sc.gov.br\/index.php?rest_route=%2Fwp%2Fv2%2Ftags&post=21977"}],"curies":[{"name":"wp","href":"https:\/\/api.w.org\/{rel}","templated":true}]}}