{"id":21995,"date":"2024-07-19T16:41:30","date_gmt":"2024-07-19T19:41:30","guid":{"rendered":"https:\/\/pc.sc.gov.br\/?p=21995"},"modified":"2024-07-19T16:46:13","modified_gmt":"2024-07-19T19:46:13","slug":"caoagro-da-pcsc-participa-de-forca-tarefa-e-cumpre-mandado-de-busca-e-apreensao-em-suposto-criatorio-de-javalis-em-rancho-queimado","status":"publish","type":"post","link":"https:\/\/pc.sc.gov.br\/?p=21995","title":{"rendered":"CAOAGRO da PCSC participa de for\u00e7a-tarefa e cumpre mandado de busca e apreens\u00e3o em suposto criat\u00f3rio de javalis em Rancho Queimado"},"content":{"rendered":"\t\t<div data-elementor-type=\"wp-post\" data-elementor-id=\"21995\" class=\"elementor elementor-21995\" data-elementor-post-type=\"post\">\n\t\t\t\t\t\t<section class=\"elementor-section elementor-top-section elementor-element elementor-element-ab69221 elementor-section-boxed elementor-section-height-default elementor-section-height-default\" data-id=\"ab69221\" data-element_type=\"section\">\n\t\t\t\t\t\t<div class=\"elementor-container elementor-column-gap-default\">\n\t\t\t\t\t<div class=\"elementor-column elementor-col-100 elementor-top-column elementor-element elementor-element-41501cd\" data-id=\"41501cd\" data-element_type=\"column\">\n\t\t\t<div class=\"elementor-widget-wrap elementor-element-populated\">\n\t\t\t\t\t\t<div class=\"elementor-element elementor-element-1021307 elementor-widget elementor-widget-heading\" data-id=\"1021307\" data-element_type=\"widget\" data-widget_type=\"heading.default\">\n\t\t\t\t<div class=\"elementor-widget-container\">\n\t\t\t\t\t<h2 class=\"elementor-heading-title elementor-size-default\">CAOAGRO da PCSC participa de for\u00e7a-tarefa e cumpre mandado de busca e apreens\u00e3o em suposto criat\u00f3rio de javalis em Rancho Queimado<\/h2>\t\t\t\t<\/div>\n\t\t\t\t<\/div>\n\t\t\t\t\t<\/div>\n\t\t<\/div>\n\t\t\t\t\t<\/div>\n\t\t<\/section>\n\t\t\t\t<section class=\"elementor-section elementor-top-section elementor-element elementor-element-9b98796 elementor-section-boxed elementor-section-height-default elementor-section-height-default\" data-id=\"9b98796\" data-element_type=\"section\">\n\t\t\t\t\t\t<div class=\"elementor-container elementor-column-gap-default\">\n\t\t\t\t\t<div class=\"elementor-column elementor-col-100 elementor-top-column elementor-element elementor-element-d9808cf\" data-id=\"d9808cf\" data-element_type=\"column\">\n\t\t\t<div class=\"elementor-widget-wrap elementor-element-populated\">\n\t\t\t\t\t\t<div class=\"elementor-element elementor-element-db446c9 elementor-widget elementor-widget-image\" data-id=\"db446c9\" data-element_type=\"widget\" data-widget_type=\"image.default\">\n\t\t\t\t<div class=\"elementor-widget-container\">\n\t\t\t\t\t\t\t\t\t\t\t\t\t\t\t<img fetchpriority=\"high\" decoding=\"async\" width=\"696\" height=\"522\" src=\"https:\/\/pc.sc.gov.br\/\/wp-content\/uploads\/2024\/07\/WhatsApp-Image-2024-07-19-at-16.00.03-1024x768.jpeg\" class=\"attachment-large size-large wp-image-21997\" alt=\"\" srcset=\"https:\/\/pc.sc.gov.br\/\/wp-content\/uploads\/2024\/07\/WhatsApp-Image-2024-07-19-at-16.00.03-1024x768.jpeg 1024w, https:\/\/pc.sc.gov.br\/\/wp-content\/uploads\/2024\/07\/WhatsApp-Image-2024-07-19-at-16.00.03-300x225.jpeg 300w, https:\/\/pc.sc.gov.br\/\/wp-content\/uploads\/2024\/07\/WhatsApp-Image-2024-07-19-at-16.00.03-768x576.jpeg 768w, https:\/\/pc.sc.gov.br\/\/wp-content\/uploads\/2024\/07\/WhatsApp-Image-2024-07-19-at-16.00.03.jpeg 1280w\" sizes=\"(max-width: 696px) 100vw, 696px\" \/>\t\t\t\t\t\t\t\t\t\t\t\t\t\t\t<\/div>\n\t\t\t\t<\/div>\n\t\t\t\t\t<\/div>\n\t\t<\/div>\n\t\t\t\t\t<\/div>\n\t\t<\/section>\n\t\t\t\t<section class=\"elementor-section elementor-top-section elementor-element elementor-element-bf67436 elementor-section-boxed elementor-section-height-default elementor-section-height-default\" data-id=\"bf67436\" data-element_type=\"section\">\n\t\t\t\t\t\t<div class=\"elementor-container elementor-column-gap-default\">\n\t\t\t\t\t<div class=\"elementor-column elementor-col-100 elementor-top-column elementor-element elementor-element-77f096c\" data-id=\"77f096c\" data-element_type=\"column\">\n\t\t\t<div class=\"elementor-widget-wrap elementor-element-populated\">\n\t\t\t\t\t\t<div class=\"elementor-element elementor-element-6c9faec elementor-widget elementor-widget-text-editor\" data-id=\"6c9faec\" data-element_type=\"widget\" data-widget_type=\"text-editor.default\">\n\t\t\t\t<div class=\"elementor-widget-container\">\n\t\t\t\t\t\t\t\t\t<p>A Pol\u00edcia Civil de Santa Catarina, por meio do Centro de Apoio Operacional de Combate aos Crimes Contra o Agroneg\u00f3cio (CAOAGRO) e da Pol\u00edcia Civil de Rancho Queimado, juntamente com a Companhia Integrada de Desenvolvimento Agr\u00edcola de Santa Catarina (CIDASC), o Instituto do Meio Ambiente de Santa Catarina (IMA), a Pol\u00edcia Militar de Santa Catarina (PM) e a Pol\u00edcia Militar Ambiental de Santa Catarina (PMA), cumpriram mandado judicial de busca e apreens\u00e3o em propriedade rural suspeita de manter esp\u00e9cies nocivas, localizada no interior do Vale Serra da Boa Vista, em Rancho Queimado.<\/p>\n<p>Essa for\u00e7a-tarefa teve por base den\u00fancias an\u00f4nimas realizadas \u00e0 CIDASC, dando conta de que nessa localidade havia uma cria\u00e7\u00e3o antiga de javalis e javaporcos. Durante a fiscaliza\u00e7\u00e3o, a equipe n\u00e3o localizou nenhuma esp\u00e9cie nociva ou outras irregularidades, t\u00e3o somente su\u00ednos dom\u00e9sticos devidamente cadastrados. Os fatos seguem sob investiga\u00e7\u00e3o.&nbsp;<span style=\"font-family: var( --e-global-typography-text-font-family ), Sans-serif; font-size: var( --e-global-typography-text-font-size );\">O tamanho da propriedade e o seu dif\u00edcil acesso motivou o uso de drones para mapear a localidade, garantindo a seguran\u00e7a dos profissionais e o \u00eaxito da opera\u00e7\u00e3o conjunta.<\/span><\/p>\n<p>A cria\u00e7\u00e3o de javalis ou javaporcos \u00e9 proibida pela legisla\u00e7\u00e3o brasileira, devido ao risco que representam como fauna ex\u00f3tica invasora. Esses animais selvagens s\u00e3o capazes de causar danos significativos \u00e0s lavouras, \u00e0 flora e \u00e0 fauna local. Al\u00e9m disso, representam uma amea\u00e7a \u00e0 sa\u00fade p\u00fablica, podendo transmitir doen\u00e7as graves tanto para su\u00ednos quanto para seres humanos. A cria\u00e7\u00e3o de javalis e sua cruza com o porco dom\u00e9stico \u00e9 um risco \u00e0 agricultura e \u00e0 sa\u00fade p\u00fablica.<\/p>\n<p>A a\u00e7\u00e3o conjunta entre as entidades visa ampliar as a\u00e7\u00f5es de defesa agropecu\u00e1ria no Estado e prevenir a ocorr\u00eancia de crimes patrimoniais contra o agroneg\u00f3cio, al\u00e9m de combater a prolifera\u00e7\u00e3o desse tipo de fauna invasora.<span style=\"color: var( --e-global-color-text ); font-family: var( --e-global-typography-primary-font-family ), Sans-serif; font-size: var( --e-global-typography-primary-font-size ); font-weight: var( --e-global-typography-primary-font-weight ); letter-spacing: var( --e-global-typography-primary-letter-spacing );\">&nbsp;<\/span><\/p>\t\t\t\t\t\t\t\t<\/div>\n\t\t\t\t<\/div>\n\t\t\t\t\t<\/div>\n\t\t<\/div>\n\t\t\t\t\t<\/div>\n\t\t<\/section>\n\t\t\t\t<section class=\"elementor-section elementor-top-section elementor-element elementor-element-05d1d12 elementor-section-boxed elementor-section-height-default elementor-section-height-default\" data-id=\"05d1d12\" data-element_type=\"section\">\n\t\t\t\t\t\t<div class=\"elementor-container elementor-column-gap-default\">\n\t\t\t\t\t<div class=\"elementor-column elementor-col-100 elementor-top-column elementor-element elementor-element-65a61c8\" data-id=\"65a61c8\" data-element_type=\"column\">\n\t\t\t<div class=\"elementor-widget-wrap elementor-element-populated\">\n\t\t\t\t\t\t<div class=\"elementor-element elementor-element-e9f665a elementor-widget elementor-widget-video\" data-id=\"e9f665a\" data-element_type=\"widget\" data-settings=\"{&quot;video_type&quot;:&quot;hosted&quot;,&quot;controls&quot;:&quot;yes&quot;}\" data-widget_type=\"video.default\">\n\t\t\t\t<div class=\"elementor-widget-container\">\n\t\t\t\t\t\t\t<div class=\"e-hosted-video elementor-wrapper elementor-open-inline\">\n\t\t\t\t\t<video class=\"elementor-video\" src=\"https:\/\/pc.sc.gov.br\/wp-content\/uploads\/2024\/07\/WhatsApp-Video-2024-07-19-at-16.00.05.mp4\" controls=\"\" preload=\"metadata\"><\/video>\n\t\t\t\t<\/div>\n\t\t\t\t\t\t<\/div>\n\t\t\t\t<\/div>\n\t\t\t\t\t<\/div>\n\t\t<\/div>\n\t\t\t\t\t<\/div>\n\t\t<\/section>\n\t\t\t\t<\/div>\n\t\t","protected":false},"excerpt":{"rendered":"<p>CAOAGRO da PCSC participa de for\u00e7a-tarefa e cumpre mandado de busca e apreens\u00e3o em suposto criat\u00f3rio de javalis em Rancho Queimado A Pol\u00edcia Civil de Santa Catarina, por meio do Centro de Apoio Operacional de Combate aos Crimes Contra o Agroneg\u00f3cio (CAOAGRO) e da Pol\u00edcia Civil de Rancho Queimado, juntamente com a Companhia Integrada de [&hellip;]<\/p>\n","protected":false},"author":5,"featured_media":21996,"comment_status":"closed","ping_status":"open","sticky":false,"template":"","format":"standard","meta":{"_monsterinsights_skip_tracking":false,"_monsterinsights_sitenote_active":false,"_monsterinsights_sitenote_note":"","_monsterinsights_sitenote_category":0,"footnotes":""},"categories":[1],"tags":[],"class_list":["post-21995","post","type-post","status-publish","format-standard","has-post-thumbnail","hentry","category-sem-categoria"],"_links":{"self":[{"href":"https:\/\/pc.sc.gov.br\/index.php?rest_route=\/wp\/v2\/posts\/21995","targetHints":{"allow":["GET"]}}],"collection":[{"href":"https:\/\/pc.sc.gov.br\/index.php?rest_route=\/wp\/v2\/posts"}],"about":[{"href":"https:\/\/pc.sc.gov.br\/index.php?rest_route=\/wp\/v2\/types\/post"}],"author":[{"embeddable":true,"href":"https:\/\/pc.sc.gov.br\/index.php?rest_route=\/wp\/v2\/users\/5"}],"replies":[{"embeddable":true,"href":"https:\/\/pc.sc.gov.br\/index.php?rest_route=%2Fwp%2Fv2%2Fcomments&post=21995"}],"version-history":[{"count":6,"href":"https:\/\/pc.sc.gov.br\/index.php?rest_route=\/wp\/v2\/posts\/21995\/revisions"}],"predecessor-version":[{"id":22004,"href":"https:\/\/pc.sc.gov.br\/index.php?rest_route=\/wp\/v2\/posts\/21995\/revisions\/22004"}],"wp:featuredmedia":[{"embeddable":true,"href":"https:\/\/pc.sc.gov.br\/index.php?rest_route=\/wp\/v2\/media\/21996"}],"wp:attachment":[{"href":"https:\/\/pc.sc.gov.br\/index.php?rest_route=%2Fwp%2Fv2%2Fmedia&parent=21995"}],"wp:term":[{"taxonomy":"category","embeddable":true,"href":"https:\/\/pc.sc.gov.br\/index.php?rest_route=%2Fwp%2Fv2%2Fcategories&post=21995"},{"taxonomy":"post_tag","embeddable":true,"href":"https:\/\/pc.sc.gov.br\/index.php?rest_route=%2Fwp%2Fv2%2Ftags&post=21995"}],"curies":[{"name":"wp","href":"https:\/\/api.w.org\/{rel}","templated":true}]}}