{"id":22005,"date":"2024-07-19T17:16:37","date_gmt":"2024-07-19T20:16:37","guid":{"rendered":"https:\/\/pc.sc.gov.br\/?p=22005"},"modified":"2024-07-19T17:24:00","modified_gmt":"2024-07-19T20:24:00","slug":"pcsc-prende-terceiro-suspeito-de-assalto-a-loja-de-conveniencia-em-maracaja","status":"publish","type":"post","link":"https:\/\/pc.sc.gov.br\/?p=22005","title":{"rendered":"PCSC prende terceiro suspeito de assalto \u00e0 loja de conveni\u00eancia em Maracaj\u00e1"},"content":{"rendered":"\t\t<div data-elementor-type=\"wp-post\" data-elementor-id=\"22005\" class=\"elementor elementor-22005\" data-elementor-post-type=\"post\">\n\t\t\t\t\t\t<section class=\"elementor-section elementor-top-section elementor-element elementor-element-657f3d8 elementor-section-boxed elementor-section-height-default elementor-section-height-default\" data-id=\"657f3d8\" data-element_type=\"section\">\n\t\t\t\t\t\t<div class=\"elementor-container elementor-column-gap-default\">\n\t\t\t\t\t<div class=\"elementor-column elementor-col-100 elementor-top-column elementor-element elementor-element-243bc61\" data-id=\"243bc61\" data-element_type=\"column\">\n\t\t\t<div class=\"elementor-widget-wrap elementor-element-populated\">\n\t\t\t\t\t\t<div class=\"elementor-element elementor-element-bd3c554 elementor-widget elementor-widget-heading\" data-id=\"bd3c554\" data-element_type=\"widget\" data-widget_type=\"heading.default\">\n\t\t\t\t<div class=\"elementor-widget-container\">\n\t\t\t\t\t<h2 class=\"elementor-heading-title elementor-size-default\">PCSC prende terceiro suspeito de assalto \u00e0 loja de conveni\u00eancia em Maracaj\u00e1<\/h2>\t\t\t\t<\/div>\n\t\t\t\t<\/div>\n\t\t\t\t\t<\/div>\n\t\t<\/div>\n\t\t\t\t\t<\/div>\n\t\t<\/section>\n\t\t\t\t<section class=\"elementor-section elementor-top-section elementor-element elementor-element-b4686b9 elementor-section-boxed elementor-section-height-default elementor-section-height-default\" data-id=\"b4686b9\" data-element_type=\"section\">\n\t\t\t\t\t\t<div class=\"elementor-container elementor-column-gap-default\">\n\t\t\t\t\t<div class=\"elementor-column elementor-col-100 elementor-top-column elementor-element elementor-element-96b5ddc\" data-id=\"96b5ddc\" data-element_type=\"column\">\n\t\t\t<div class=\"elementor-widget-wrap elementor-element-populated\">\n\t\t\t\t\t\t<div class=\"elementor-element elementor-element-59ed5e5 elementor-widget elementor-widget-image\" data-id=\"59ed5e5\" data-element_type=\"widget\" data-widget_type=\"image.default\">\n\t\t\t\t<div class=\"elementor-widget-container\">\n\t\t\t\t\t\t\t\t\t\t\t\t\t\t\t<img fetchpriority=\"high\" decoding=\"async\" width=\"696\" height=\"583\" src=\"https:\/\/pc.sc.gov.br\/\/wp-content\/uploads\/2024\/07\/52798047036_d7bc95aaed_k-fotor-20231101135311-1.jpg\" class=\"attachment-large size-large wp-image-22006\" alt=\"\" srcset=\"https:\/\/pc.sc.gov.br\/\/wp-content\/uploads\/2024\/07\/52798047036_d7bc95aaed_k-fotor-20231101135311-1.jpg 961w, https:\/\/pc.sc.gov.br\/\/wp-content\/uploads\/2024\/07\/52798047036_d7bc95aaed_k-fotor-20231101135311-1-300x251.jpg 300w, https:\/\/pc.sc.gov.br\/\/wp-content\/uploads\/2024\/07\/52798047036_d7bc95aaed_k-fotor-20231101135311-1-768x643.jpg 768w\" sizes=\"(max-width: 696px) 100vw, 696px\" \/>\t\t\t\t\t\t\t\t\t\t\t\t\t\t\t<\/div>\n\t\t\t\t<\/div>\n\t\t\t\t\t<\/div>\n\t\t<\/div>\n\t\t\t\t\t<\/div>\n\t\t<\/section>\n\t\t\t\t<section class=\"elementor-section elementor-top-section elementor-element elementor-element-6d4a6a6 elementor-section-boxed elementor-section-height-default elementor-section-height-default\" data-id=\"6d4a6a6\" data-element_type=\"section\">\n\t\t\t\t\t\t<div class=\"elementor-container elementor-column-gap-default\">\n\t\t\t\t\t<div class=\"elementor-column elementor-col-100 elementor-top-column elementor-element elementor-element-b2f9b01\" data-id=\"b2f9b01\" data-element_type=\"column\">\n\t\t\t<div class=\"elementor-widget-wrap elementor-element-populated\">\n\t\t\t\t\t\t<div class=\"elementor-element elementor-element-9301846 elementor-widget elementor-widget-text-editor\" data-id=\"9301846\" data-element_type=\"widget\" data-widget_type=\"text-editor.default\">\n\t\t\t\t<div class=\"elementor-widget-container\">\n\t\t\t\t\t\t\t\t\t<p>Na madrugada do \u00faltimo dia 13 de abril, tr\u00eas indiv\u00edduos armados com uma faca invadiram a conveni\u00eancia de um posto de gasolina localizado \u00e0s margens da BR-101, no munic\u00edpio de Maracaj\u00e1. Os criminosos praticaram um assalto e fugiram em um ve\u00edculo logo ap\u00f3s o delito.&nbsp;<span style=\"font-family: var( --e-global-typography-text-font-family ), Sans-serif; font-size: var( --e-global-typography-text-font-size );\">No dia do crime, a a\u00e7\u00e3o da Pol\u00edcia Militar resultou na pris\u00e3o de dois dos suspeitos, mas a identifica\u00e7\u00e3o do terceiro indiv\u00edduo envolvido no assalto permaneceu pendente.<\/span><\/p>\n<p>A Pol\u00edcia Civil, por meio da Delegacia de Pol\u00edcia de Maracaj\u00e1, instaurou um inqu\u00e9rito policial com o objetivo de identificar e capturar o terceiro suspeito. Ap\u00f3s investiga\u00e7\u00f5es, foi identificado um jovem como o terceiro participante do crime.&nbsp;<span style=\"font-family: var( --e-global-typography-text-font-family ), Sans-serif; font-size: var( --e-global-typography-text-font-size );\">Diante dos fatos apurados, o delegado Lucas Fernandes da Rosa representou pela pris\u00e3o do suspeito junto ao ju\u00edzo da comarca de Ararangu\u00e1. O pedido foi prontamente deferido pelo ju\u00edzo.<\/span><\/p>\n<p>Na manh\u00e3 de hoje, 19, policiais civis da 1\u00aa Delegacia de Pol\u00edcia de Ararangu\u00e1 e da Delegacia de Pol\u00edcia de Maracaj\u00e1 cumpriram o mandado de pris\u00e3o e busca. O suspeito foi localizado e, sem oferecer resist\u00eancia, foi preso. Ap\u00f3s os procedimentos legais, ele foi encaminhado ao sistema prisional.<\/p>\n<p>A pris\u00e3o do terceiro suspeito marca um importante avan\u00e7o na resolu\u00e7\u00e3o deste caso, refor\u00e7ando o compromisso da Pol\u00edcia Civil com a seguran\u00e7a p\u00fablica e a justi\u00e7a.&nbsp;<span style=\"font-family: var( --e-global-typography-text-font-family ), Sans-serif; font-size: var( --e-global-typography-text-font-size );\">A comunidade de Maracaj\u00e1 pode agora respirar um pouco mais aliviada, sabendo que os respons\u00e1veis por este crime violento est\u00e3o sob cust\u00f3dia e responder\u00e3o por seus atos na justi\u00e7a.&nbsp;<\/span><span style=\"color: var( --e-global-color-text ); font-family: var( --e-global-typography-primary-font-family ), Sans-serif; font-size: var( --e-global-typography-primary-font-size ); font-weight: var( --e-global-typography-primary-font-weight ); letter-spacing: var( --e-global-typography-primary-letter-spacing );\">&nbsp;<\/span><\/p><p><span style=\"color: var( --e-global-color-text ); font-family: var( --e-global-typography-primary-font-family ), Sans-serif; font-size: var( --e-global-typography-primary-font-size ); font-weight: var( --e-global-typography-primary-font-weight ); letter-spacing: var( --e-global-typography-primary-letter-spacing );\">V\u00eddeo: Delegado Lucas Fernandes da Rosa<\/span><\/p>\t\t\t\t\t\t\t\t<\/div>\n\t\t\t\t<\/div>\n\t\t\t\t\t<\/div>\n\t\t<\/div>\n\t\t\t\t\t<\/div>\n\t\t<\/section>\n\t\t\t\t<section class=\"elementor-section elementor-top-section elementor-element elementor-element-a5a6302 elementor-section-boxed elementor-section-height-default elementor-section-height-default\" data-id=\"a5a6302\" data-element_type=\"section\">\n\t\t\t\t\t\t<div class=\"elementor-container elementor-column-gap-default\">\n\t\t\t\t\t<div class=\"elementor-column elementor-col-100 elementor-top-column elementor-element elementor-element-900c762\" data-id=\"900c762\" data-element_type=\"column\">\n\t\t\t<div class=\"elementor-widget-wrap elementor-element-populated\">\n\t\t\t\t\t\t<div class=\"elementor-element elementor-element-2163fdc elementor-widget elementor-widget-video\" data-id=\"2163fdc\" data-element_type=\"widget\" data-settings=\"{&quot;video_type&quot;:&quot;hosted&quot;,&quot;controls&quot;:&quot;yes&quot;}\" data-widget_type=\"video.default\">\n\t\t\t\t<div class=\"elementor-widget-container\">\n\t\t\t\t\t\t\t<div class=\"e-hosted-video elementor-wrapper elementor-open-inline\">\n\t\t\t\t\t<video class=\"elementor-video\" src=\"https:\/\/pc.sc.gov.br\/wp-content\/uploads\/2024\/07\/WhatsApp-Video-2024-07-19-at-16.48.02-1.mp4\" controls=\"\" preload=\"metadata\"><\/video>\n\t\t\t\t<\/div>\n\t\t\t\t\t\t<\/div>\n\t\t\t\t<\/div>\n\t\t\t\t\t<\/div>\n\t\t<\/div>\n\t\t\t\t\t<\/div>\n\t\t<\/section>\n\t\t\t\t<\/div>\n\t\t","protected":false},"excerpt":{"rendered":"<p>PCSC prende terceiro suspeito de assalto \u00e0 loja de conveni\u00eancia em Maracaj\u00e1 Na madrugada do \u00faltimo dia 13 de abril, tr\u00eas indiv\u00edduos armados com uma faca invadiram a conveni\u00eancia de um posto de gasolina localizado \u00e0s margens da BR-101, no munic\u00edpio de Maracaj\u00e1. Os criminosos praticaram um assalto e fugiram em um ve\u00edculo logo ap\u00f3s [&hellip;]<\/p>\n","protected":false},"author":5,"featured_media":22006,"comment_status":"closed","ping_status":"open","sticky":false,"template":"","format":"standard","meta":{"_monsterinsights_skip_tracking":false,"_monsterinsights_sitenote_active":false,"_monsterinsights_sitenote_note":"","_monsterinsights_sitenote_category":0,"footnotes":""},"categories":[1],"tags":[],"class_list":["post-22005","post","type-post","status-publish","format-standard","has-post-thumbnail","hentry","category-sem-categoria"],"_links":{"self":[{"href":"https:\/\/pc.sc.gov.br\/index.php?rest_route=\/wp\/v2\/posts\/22005","targetHints":{"allow":["GET"]}}],"collection":[{"href":"https:\/\/pc.sc.gov.br\/index.php?rest_route=\/wp\/v2\/posts"}],"about":[{"href":"https:\/\/pc.sc.gov.br\/index.php?rest_route=\/wp\/v2\/types\/post"}],"author":[{"embeddable":true,"href":"https:\/\/pc.sc.gov.br\/index.php?rest_route=\/wp\/v2\/users\/5"}],"replies":[{"embeddable":true,"href":"https:\/\/pc.sc.gov.br\/index.php?rest_route=%2Fwp%2Fv2%2Fcomments&post=22005"}],"version-history":[{"count":3,"href":"https:\/\/pc.sc.gov.br\/index.php?rest_route=\/wp\/v2\/posts\/22005\/revisions"}],"predecessor-version":[{"id":22010,"href":"https:\/\/pc.sc.gov.br\/index.php?rest_route=\/wp\/v2\/posts\/22005\/revisions\/22010"}],"wp:featuredmedia":[{"embeddable":true,"href":"https:\/\/pc.sc.gov.br\/index.php?rest_route=\/wp\/v2\/media\/22006"}],"wp:attachment":[{"href":"https:\/\/pc.sc.gov.br\/index.php?rest_route=%2Fwp%2Fv2%2Fmedia&parent=22005"}],"wp:term":[{"taxonomy":"category","embeddable":true,"href":"https:\/\/pc.sc.gov.br\/index.php?rest_route=%2Fwp%2Fv2%2Fcategories&post=22005"},{"taxonomy":"post_tag","embeddable":true,"href":"https:\/\/pc.sc.gov.br\/index.php?rest_route=%2Fwp%2Fv2%2Ftags&post=22005"}],"curies":[{"name":"wp","href":"https:\/\/api.w.org\/{rel}","templated":true}]}}