{"id":22011,"date":"2024-07-19T17:41:46","date_gmt":"2024-07-19T20:41:46","guid":{"rendered":"https:\/\/pc.sc.gov.br\/?p=22011"},"modified":"2024-07-19T18:03:33","modified_gmt":"2024-07-19T21:03:33","slug":"pcsc-finaliza-investigacao-e-cumpre-mandado-de-prisao-de-suspeita-de-auxiliar-no-roubo-a-residencia-ocorrido-em-blumenau","status":"publish","type":"post","link":"https:\/\/pc.sc.gov.br\/?p=22011","title":{"rendered":"PCSC finaliza investiga\u00e7\u00e3o e cumpre mandado de pris\u00e3o de suspeita de auxiliar no roubo \u00e0 resid\u00eancia ocorrido em Blumenau"},"content":{"rendered":"\t\t<div data-elementor-type=\"wp-post\" data-elementor-id=\"22011\" class=\"elementor elementor-22011\" data-elementor-post-type=\"post\">\n\t\t\t\t\t\t<section class=\"elementor-section elementor-top-section elementor-element elementor-element-6208a8a elementor-section-boxed elementor-section-height-default elementor-section-height-default\" data-id=\"6208a8a\" data-element_type=\"section\">\n\t\t\t\t\t\t<div class=\"elementor-container elementor-column-gap-default\">\n\t\t\t\t\t<div class=\"elementor-column elementor-col-100 elementor-top-column elementor-element elementor-element-30599c0\" data-id=\"30599c0\" data-element_type=\"column\">\n\t\t\t<div class=\"elementor-widget-wrap elementor-element-populated\">\n\t\t\t\t\t\t<div class=\"elementor-element elementor-element-1e92048 elementor-widget elementor-widget-heading\" data-id=\"1e92048\" data-element_type=\"widget\" data-widget_type=\"heading.default\">\n\t\t\t\t<div class=\"elementor-widget-container\">\n\t\t\t\t\t<h2 class=\"elementor-heading-title elementor-size-default\">PCSC finaliza investiga\u00e7\u00e3o e cumpre mandado de pris\u00e3o de mulher suspeita de auxiliar no roubo em resid\u00eancia ocorrido em Blumenau<\/h2>\t\t\t\t<\/div>\n\t\t\t\t<\/div>\n\t\t\t\t\t<\/div>\n\t\t<\/div>\n\t\t\t\t\t<\/div>\n\t\t<\/section>\n\t\t\t\t<section class=\"elementor-section elementor-top-section elementor-element elementor-element-5a62911 elementor-section-boxed elementor-section-height-default elementor-section-height-default\" data-id=\"5a62911\" data-element_type=\"section\">\n\t\t\t\t\t\t<div class=\"elementor-container elementor-column-gap-default\">\n\t\t\t\t\t<div class=\"elementor-column elementor-col-100 elementor-top-column elementor-element elementor-element-9fed241\" data-id=\"9fed241\" data-element_type=\"column\">\n\t\t\t<div class=\"elementor-widget-wrap elementor-element-populated\">\n\t\t\t\t\t\t<div class=\"elementor-element elementor-element-de169a1 elementor-widget elementor-widget-image\" data-id=\"de169a1\" data-element_type=\"widget\" data-widget_type=\"image.default\">\n\t\t\t\t<div class=\"elementor-widget-container\">\n\t\t\t\t\t\t\t\t\t\t\t\t\t\t\t<img fetchpriority=\"high\" decoding=\"async\" width=\"696\" height=\"661\" src=\"https:\/\/pc.sc.gov.br\/\/wp-content\/uploads\/2024\/07\/WhatsApp-Image-2024-07-19-at-16.33.48-fotor-20240719174151-1024x972.jpg\" class=\"attachment-large size-large wp-image-22012\" alt=\"\" srcset=\"https:\/\/pc.sc.gov.br\/\/wp-content\/uploads\/2024\/07\/WhatsApp-Image-2024-07-19-at-16.33.48-fotor-20240719174151-1024x972.jpg 1024w, https:\/\/pc.sc.gov.br\/\/wp-content\/uploads\/2024\/07\/WhatsApp-Image-2024-07-19-at-16.33.48-fotor-20240719174151-300x285.jpg 300w, https:\/\/pc.sc.gov.br\/\/wp-content\/uploads\/2024\/07\/WhatsApp-Image-2024-07-19-at-16.33.48-fotor-20240719174151-768x729.jpg 768w, https:\/\/pc.sc.gov.br\/\/wp-content\/uploads\/2024\/07\/WhatsApp-Image-2024-07-19-at-16.33.48-fotor-20240719174151.jpg 1190w\" sizes=\"(max-width: 696px) 100vw, 696px\" \/>\t\t\t\t\t\t\t\t\t\t\t\t\t\t\t<\/div>\n\t\t\t\t<\/div>\n\t\t\t\t\t<\/div>\n\t\t<\/div>\n\t\t\t\t\t<\/div>\n\t\t<\/section>\n\t\t\t\t<section class=\"elementor-section elementor-top-section elementor-element elementor-element-ad7be45 elementor-section-boxed elementor-section-height-default elementor-section-height-default\" data-id=\"ad7be45\" data-element_type=\"section\">\n\t\t\t\t\t\t<div class=\"elementor-container elementor-column-gap-default\">\n\t\t\t\t\t<div class=\"elementor-column elementor-col-100 elementor-top-column elementor-element elementor-element-8b47f23\" data-id=\"8b47f23\" data-element_type=\"column\">\n\t\t\t<div class=\"elementor-widget-wrap elementor-element-populated\">\n\t\t\t\t\t\t<div class=\"elementor-element elementor-element-ec8042a elementor-widget elementor-widget-text-editor\" data-id=\"ec8042a\" data-element_type=\"widget\" data-widget_type=\"text-editor.default\">\n\t\t\t\t<div class=\"elementor-widget-container\">\n\t\t\t\t\t\t\t\t\t<p>Na manh\u00e3 desta sexta-feira, 19, a Pol\u00edcia Civil de Santa Catarina, por interm\u00e9dio da Delegacia de Repress\u00e3o a Roubos (DRR\/DIC), do Departamento de Investiga\u00e7\u00e3o Criminal de Blumenau, deu cumprimento a um mandado de pris\u00e3o preventiva expedido em desfavor de uma mulher, suspeita de auxiliar o seu namorado e mais um indiv\u00edduo no cometimento de um roubo em resid\u00eancia no dia 29 de abril de 2024.&nbsp;<\/p>\n<p>Segundo consta, no dia mencionado, por volta das 15h00min, dois homens entraram na resid\u00eancia e mantiveram a fam\u00edlia e funcion\u00e1rios ref\u00e9ns por algumas horas. Enquanto isso, al\u00e9m das amea\u00e7as de morte e restri\u00e7\u00e3o da liberdade das v\u00edtimas, os autores subtra\u00edram sete armas de fogo e um ve\u00edculo. Ressalta-se que, na fuga, a Pol\u00edcia Militar conseguiu abordar um dos suspeitos na cidade de Ibirama, sendo que, ap\u00f3s confronto, foi a \u00f3bito no local.&nbsp;<\/p>\n<p>Com o aprofundamento da investiga\u00e7\u00e3o, foi poss\u00edvel comprovar que a companheira do homem morto o auxiliou no cometimento do crime, principalmente no transporte e na fuga, como tamb\u00e9m na vinda da cidade de Curitibanos, no dia anterior, s\u00f3 para cometer o crime. A mulher foi presa na cidade de Cambori\u00fa nesta manh\u00e3. Al\u00e9m dela, a Pol\u00edcia Civil identificou o comparsa do indiv\u00edduo morto, ou seja, o outro homem que entrou na resid\u00eancia e fez as v\u00edtimas de ref\u00e9m. Ele \u00e9 um criminoso de alta periculosidade, com diversas passagens por crimes violentos no estado, dentre eles um sequestro de gerente de institui\u00e7\u00e3o financeira no ano de 2023, na cidade de Santa Cec\u00edlia, em que amarraram um falso explosivo junto ao corpo como forma de amedront\u00e1-lo.&nbsp;<\/p>\n<p>Apesar da sua pris\u00e3o naquela oportunidade, ele foi posto em liberdade recentemente sob a condi\u00e7\u00e3o da utiliza\u00e7\u00e3o de tornozeleira eletr\u00f4nica, por\u00e9m deixou de enviar informa\u00e7\u00f5es quatro dias antes do roubo. No entanto, apesar da sua identifica\u00e7\u00e3o e expedi\u00e7\u00e3o de novo mandado de pris\u00e3o em seu desfavor, o investigado ainda n\u00e3o foi localizado pela equipe de investiga\u00e7\u00e3o. Por fim, ambos foram indiciados pelo cometimento do crime de roubo qualificado, sendo, inclusive, j\u00e1 denunciados pelo Minist\u00e9rio P\u00fablico.<span style=\"color: var( --e-global-color-text ); font-family: var( --e-global-typography-primary-font-family ), Sans-serif; font-size: var( --e-global-typography-primary-font-size ); font-weight: var( --e-global-typography-primary-font-weight ); letter-spacing: var( --e-global-typography-primary-letter-spacing );\">&nbsp;<\/span><\/p>\t\t\t\t\t\t\t\t<\/div>\n\t\t\t\t<\/div>\n\t\t\t\t\t<\/div>\n\t\t<\/div>\n\t\t\t\t\t<\/div>\n\t\t<\/section>\n\t\t\t\t<\/div>\n\t\t","protected":false},"excerpt":{"rendered":"<p>PCSC finaliza investiga\u00e7\u00e3o e cumpre mandado de pris\u00e3o de mulher suspeita de auxiliar no roubo em resid\u00eancia ocorrido em Blumenau Na manh\u00e3 desta sexta-feira, 19, a Pol\u00edcia Civil de Santa Catarina, por interm\u00e9dio da Delegacia de Repress\u00e3o a Roubos (DRR\/DIC), do Departamento de Investiga\u00e7\u00e3o Criminal de Blumenau, deu cumprimento a um mandado de pris\u00e3o preventiva [&hellip;]<\/p>\n","protected":false},"author":5,"featured_media":22012,"comment_status":"closed","ping_status":"open","sticky":false,"template":"","format":"standard","meta":{"_monsterinsights_skip_tracking":false,"_monsterinsights_sitenote_active":false,"_monsterinsights_sitenote_note":"","_monsterinsights_sitenote_category":0,"footnotes":""},"categories":[1],"tags":[],"class_list":["post-22011","post","type-post","status-publish","format-standard","has-post-thumbnail","hentry","category-sem-categoria"],"_links":{"self":[{"href":"https:\/\/pc.sc.gov.br\/index.php?rest_route=\/wp\/v2\/posts\/22011","targetHints":{"allow":["GET"]}}],"collection":[{"href":"https:\/\/pc.sc.gov.br\/index.php?rest_route=\/wp\/v2\/posts"}],"about":[{"href":"https:\/\/pc.sc.gov.br\/index.php?rest_route=\/wp\/v2\/types\/post"}],"author":[{"embeddable":true,"href":"https:\/\/pc.sc.gov.br\/index.php?rest_route=\/wp\/v2\/users\/5"}],"replies":[{"embeddable":true,"href":"https:\/\/pc.sc.gov.br\/index.php?rest_route=%2Fwp%2Fv2%2Fcomments&post=22011"}],"version-history":[{"count":3,"href":"https:\/\/pc.sc.gov.br\/index.php?rest_route=\/wp\/v2\/posts\/22011\/revisions"}],"predecessor-version":[{"id":22015,"href":"https:\/\/pc.sc.gov.br\/index.php?rest_route=\/wp\/v2\/posts\/22011\/revisions\/22015"}],"wp:featuredmedia":[{"embeddable":true,"href":"https:\/\/pc.sc.gov.br\/index.php?rest_route=\/wp\/v2\/media\/22012"}],"wp:attachment":[{"href":"https:\/\/pc.sc.gov.br\/index.php?rest_route=%2Fwp%2Fv2%2Fmedia&parent=22011"}],"wp:term":[{"taxonomy":"category","embeddable":true,"href":"https:\/\/pc.sc.gov.br\/index.php?rest_route=%2Fwp%2Fv2%2Fcategories&post=22011"},{"taxonomy":"post_tag","embeddable":true,"href":"https:\/\/pc.sc.gov.br\/index.php?rest_route=%2Fwp%2Fv2%2Ftags&post=22011"}],"curies":[{"name":"wp","href":"https:\/\/api.w.org\/{rel}","templated":true}]}}