{"id":22017,"date":"2024-07-22T14:38:55","date_gmt":"2024-07-22T17:38:55","guid":{"rendered":"https:\/\/pc.sc.gov.br\/?p=22017"},"modified":"2024-07-22T14:41:47","modified_gmt":"2024-07-22T17:41:47","slug":"dic-de-balneario-camboriu-deflagra-operacao-coroa-contra-associacao-criminosa-especializada-em-roubo-de-relogios-de-luxo","status":"publish","type":"post","link":"https:\/\/pc.sc.gov.br\/?p=22017","title":{"rendered":"DIC de Balne\u00e1rio Cambori\u00fa deflagra opera\u00e7\u00e3o \u201cCoroa\u201d contra associa\u00e7\u00e3o criminosa especializada em roubo de rel\u00f3gios de luxo"},"content":{"rendered":"\t\t<div data-elementor-type=\"wp-post\" data-elementor-id=\"22017\" class=\"elementor elementor-22017\" data-elementor-post-type=\"post\">\n\t\t\t\t\t\t<section class=\"elementor-section elementor-top-section elementor-element elementor-element-cd0e237 elementor-section-boxed elementor-section-height-default elementor-section-height-default\" data-id=\"cd0e237\" data-element_type=\"section\">\n\t\t\t\t\t\t<div class=\"elementor-container elementor-column-gap-default\">\n\t\t\t\t\t<div class=\"elementor-column elementor-col-100 elementor-top-column elementor-element elementor-element-7f544b5\" data-id=\"7f544b5\" data-element_type=\"column\">\n\t\t\t<div class=\"elementor-widget-wrap elementor-element-populated\">\n\t\t\t\t\t\t<div class=\"elementor-element elementor-element-4c0fc83 elementor-widget elementor-widget-heading\" data-id=\"4c0fc83\" data-element_type=\"widget\" data-widget_type=\"heading.default\">\n\t\t\t\t<div class=\"elementor-widget-container\">\n\t\t\t\t\t<h2 class=\"elementor-heading-title elementor-size-default\">DIC de Balne\u00e1rio Cambori\u00fa deflagra opera\u00e7\u00e3o \u201cCoroa\u201d contra associa\u00e7\u00e3o criminosa especializada em roubo de rel\u00f3gios de luxo<\/h2>\t\t\t\t<\/div>\n\t\t\t\t<\/div>\n\t\t\t\t\t<\/div>\n\t\t<\/div>\n\t\t\t\t\t<\/div>\n\t\t<\/section>\n\t\t\t\t<section class=\"elementor-section elementor-top-section elementor-element elementor-element-9570753 elementor-section-boxed elementor-section-height-default elementor-section-height-default\" data-id=\"9570753\" data-element_type=\"section\">\n\t\t\t\t\t\t<div class=\"elementor-container elementor-column-gap-default\">\n\t\t\t\t\t<div class=\"elementor-column elementor-col-100 elementor-top-column elementor-element elementor-element-cbdb5e3\" data-id=\"cbdb5e3\" data-element_type=\"column\">\n\t\t\t<div class=\"elementor-widget-wrap elementor-element-populated\">\n\t\t\t\t\t\t<div class=\"elementor-element elementor-element-2779da7 elementor-widget elementor-widget-image\" data-id=\"2779da7\" data-element_type=\"widget\" data-widget_type=\"image.default\">\n\t\t\t\t<div class=\"elementor-widget-container\">\n\t\t\t\t\t\t\t\t\t\t\t\t\t\t\t<img fetchpriority=\"high\" decoding=\"async\" width=\"696\" height=\"392\" src=\"https:\/\/pc.sc.gov.br\/\/wp-content\/uploads\/2024\/07\/WhatsApp-Image-2024-07-22-at-14.32.34-fotor-20240722143922-1024x576.jpg\" class=\"attachment-large size-large wp-image-22018\" alt=\"\" srcset=\"https:\/\/pc.sc.gov.br\/\/wp-content\/uploads\/2024\/07\/WhatsApp-Image-2024-07-22-at-14.32.34-fotor-20240722143922-1024x576.jpg 1024w, https:\/\/pc.sc.gov.br\/\/wp-content\/uploads\/2024\/07\/WhatsApp-Image-2024-07-22-at-14.32.34-fotor-20240722143922-300x169.jpg 300w, https:\/\/pc.sc.gov.br\/\/wp-content\/uploads\/2024\/07\/WhatsApp-Image-2024-07-22-at-14.32.34-fotor-20240722143922-768x432.jpg 768w, https:\/\/pc.sc.gov.br\/\/wp-content\/uploads\/2024\/07\/WhatsApp-Image-2024-07-22-at-14.32.34-fotor-20240722143922-1536x864.jpg 1536w, https:\/\/pc.sc.gov.br\/\/wp-content\/uploads\/2024\/07\/WhatsApp-Image-2024-07-22-at-14.32.34-fotor-20240722143922.jpg 1599w\" sizes=\"(max-width: 696px) 100vw, 696px\" \/>\t\t\t\t\t\t\t\t\t\t\t\t\t\t\t<\/div>\n\t\t\t\t<\/div>\n\t\t\t\t\t<\/div>\n\t\t<\/div>\n\t\t\t\t\t<\/div>\n\t\t<\/section>\n\t\t\t\t<section class=\"elementor-section elementor-top-section elementor-element elementor-element-44ef95e elementor-section-boxed elementor-section-height-default elementor-section-height-default\" data-id=\"44ef95e\" data-element_type=\"section\">\n\t\t\t\t\t\t<div class=\"elementor-container elementor-column-gap-default\">\n\t\t\t\t\t<div class=\"elementor-column elementor-col-100 elementor-top-column elementor-element elementor-element-605b8d2\" data-id=\"605b8d2\" data-element_type=\"column\">\n\t\t\t<div class=\"elementor-widget-wrap elementor-element-populated\">\n\t\t\t\t\t\t<div class=\"elementor-element elementor-element-a12ba12 elementor-widget elementor-widget-text-editor\" data-id=\"a12ba12\" data-element_type=\"widget\" data-widget_type=\"text-editor.default\">\n\t\t\t\t<div class=\"elementor-widget-container\">\n\t\t\t\t\t\t\t\t\t<p>A Pol\u00edcia Civil de Santa Catarina, por meio da Delegacia de Investiga\u00e7\u00e3o Criminal (DIC) de Balne\u00e1rio Cambori\u00fa, deflagrou, na manh\u00e3 dessa segunda-feira (22), opera\u00e7\u00e3o para cumprimento de 10 ordens judiciais, sendo 05 mandados de busca e apreens\u00e3o e 05 de pris\u00e3o preventiva, em investiga\u00e7\u00e3o que apura tr\u00eas roubos de rel\u00f3gios de luxo, cometidos em Balne\u00e1rio Cambori\u00fa, na noite do dia 26 de janeiro deste ano.<\/p>\n<p>A investiga\u00e7\u00e3o apurou que os crimes foram praticados por um grupo criminoso composto de cinco indiv\u00edduos, oriundos do estado de S\u00e3o Paulo, que utiliza motocicletas clonadas e roupas de entregadores para suas a\u00e7\u00f5es.&nbsp;<\/p>\n<p>Os mandados foram cumpridos nas cidades de Tabo\u00e3o da Serra (SP) e Embu das Artes (SP), resultando na pris\u00e3o de dois criminosos e na apreens\u00e3o de aparelhos eletr\u00f4nicos. As dilig\u00eancias continuam para localiza\u00e7\u00e3o dos outros tr\u00eas foragidos.&nbsp;<span style=\"font-family: var( --e-global-typography-primary-font-family ), Sans-serif; font-size: var( --e-global-typography-primary-font-size ); font-weight: var( --e-global-typography-primary-font-weight ); letter-spacing: var( --e-global-typography-primary-letter-spacing );\">A investiga\u00e7\u00e3o teve troca de informa\u00e7\u00f5es com a Pol\u00edcia Militar de Santa Catarina (PMSC) e a opera\u00e7\u00e3o contou com o apoio da Pol\u00edcia Civil de S\u00e3o Paulo (PMSP).<\/span><\/p>\n<p><b>Colabore com a Pol\u00edcia Civil fazendo den\u00fancias pelo telefone 181 ou atrav\u00e9s do WhatsApp, pelo n\u00famero (48)98844-0011. O sigilo \u00e9 absoluto!<\/b><span style=\"color: var( --e-global-color-text ); font-family: var( --e-global-typography-primary-font-family ), Sans-serif; font-size: var( --e-global-typography-primary-font-size ); font-weight: var( --e-global-typography-primary-font-weight ); letter-spacing: var( --e-global-typography-primary-letter-spacing );\">&nbsp;<\/span><\/p>\t\t\t\t\t\t\t\t<\/div>\n\t\t\t\t<\/div>\n\t\t\t\t\t<\/div>\n\t\t<\/div>\n\t\t\t\t\t<\/div>\n\t\t<\/section>\n\t\t\t\t<\/div>\n\t\t","protected":false},"excerpt":{"rendered":"<p>DIC de Balne\u00e1rio Cambori\u00fa deflagra opera\u00e7\u00e3o \u201cCoroa\u201d contra associa\u00e7\u00e3o criminosa especializada em roubo de rel\u00f3gios de luxo A Pol\u00edcia Civil de Santa Catarina, por meio da Delegacia de Investiga\u00e7\u00e3o Criminal (DIC) de Balne\u00e1rio Cambori\u00fa, deflagrou, na manh\u00e3 dessa segunda-feira (22), opera\u00e7\u00e3o para cumprimento de 10 ordens judiciais, sendo 05 mandados de busca e apreens\u00e3o e [&hellip;]<\/p>\n","protected":false},"author":5,"featured_media":22018,"comment_status":"closed","ping_status":"open","sticky":false,"template":"","format":"standard","meta":{"_monsterinsights_skip_tracking":false,"_monsterinsights_sitenote_active":false,"_monsterinsights_sitenote_note":"","_monsterinsights_sitenote_category":0,"footnotes":""},"categories":[1],"tags":[],"class_list":["post-22017","post","type-post","status-publish","format-standard","has-post-thumbnail","hentry","category-sem-categoria"],"_links":{"self":[{"href":"https:\/\/pc.sc.gov.br\/index.php?rest_route=\/wp\/v2\/posts\/22017","targetHints":{"allow":["GET"]}}],"collection":[{"href":"https:\/\/pc.sc.gov.br\/index.php?rest_route=\/wp\/v2\/posts"}],"about":[{"href":"https:\/\/pc.sc.gov.br\/index.php?rest_route=\/wp\/v2\/types\/post"}],"author":[{"embeddable":true,"href":"https:\/\/pc.sc.gov.br\/index.php?rest_route=\/wp\/v2\/users\/5"}],"replies":[{"embeddable":true,"href":"https:\/\/pc.sc.gov.br\/index.php?rest_route=%2Fwp%2Fv2%2Fcomments&post=22017"}],"version-history":[{"count":3,"href":"https:\/\/pc.sc.gov.br\/index.php?rest_route=\/wp\/v2\/posts\/22017\/revisions"}],"predecessor-version":[{"id":22021,"href":"https:\/\/pc.sc.gov.br\/index.php?rest_route=\/wp\/v2\/posts\/22017\/revisions\/22021"}],"wp:featuredmedia":[{"embeddable":true,"href":"https:\/\/pc.sc.gov.br\/index.php?rest_route=\/wp\/v2\/media\/22018"}],"wp:attachment":[{"href":"https:\/\/pc.sc.gov.br\/index.php?rest_route=%2Fwp%2Fv2%2Fmedia&parent=22017"}],"wp:term":[{"taxonomy":"category","embeddable":true,"href":"https:\/\/pc.sc.gov.br\/index.php?rest_route=%2Fwp%2Fv2%2Fcategories&post=22017"},{"taxonomy":"post_tag","embeddable":true,"href":"https:\/\/pc.sc.gov.br\/index.php?rest_route=%2Fwp%2Fv2%2Ftags&post=22017"}],"curies":[{"name":"wp","href":"https:\/\/api.w.org\/{rel}","templated":true}]}}