{"id":22022,"date":"2024-07-22T16:18:14","date_gmt":"2024-07-22T19:18:14","guid":{"rendered":"https:\/\/pc.sc.gov.br\/?p=22022"},"modified":"2024-07-22T16:19:16","modified_gmt":"2024-07-22T19:19:16","slug":"em-barra-velha-pcsc-prende-mais-dois-suspeitos-em-operacao-contra-lavagem-de-dinheiro","status":"publish","type":"post","link":"https:\/\/pc.sc.gov.br\/?p=22022","title":{"rendered":"Em Barra Velha, PCSC prende mais dois suspeitos em opera\u00e7\u00e3o contra lavagem de dinheiro"},"content":{"rendered":"\t\t<div data-elementor-type=\"wp-post\" data-elementor-id=\"22022\" class=\"elementor elementor-22022\" data-elementor-post-type=\"post\">\n\t\t\t\t\t\t<section class=\"elementor-section elementor-top-section elementor-element elementor-element-3d1cb74 elementor-section-boxed elementor-section-height-default elementor-section-height-default\" data-id=\"3d1cb74\" data-element_type=\"section\">\n\t\t\t\t\t\t<div class=\"elementor-container elementor-column-gap-default\">\n\t\t\t\t\t<div class=\"elementor-column elementor-col-100 elementor-top-column elementor-element elementor-element-cbcb6f5\" data-id=\"cbcb6f5\" data-element_type=\"column\">\n\t\t\t<div class=\"elementor-widget-wrap elementor-element-populated\">\n\t\t\t\t\t\t<div class=\"elementor-element elementor-element-04becc2 elementor-widget elementor-widget-heading\" data-id=\"04becc2\" data-element_type=\"widget\" data-widget_type=\"heading.default\">\n\t\t\t\t<div class=\"elementor-widget-container\">\n\t\t\t\t\t<h2 class=\"elementor-heading-title elementor-size-default\">Em Barra Velha, PCSC prende mais dois suspeitos em opera\u00e7\u00e3o contra lavagem de dinheiro<\/h2>\t\t\t\t<\/div>\n\t\t\t\t<\/div>\n\t\t\t\t\t<\/div>\n\t\t<\/div>\n\t\t\t\t\t<\/div>\n\t\t<\/section>\n\t\t\t\t<section class=\"elementor-section elementor-top-section elementor-element elementor-element-da6ba33 elementor-section-boxed elementor-section-height-default elementor-section-height-default\" data-id=\"da6ba33\" data-element_type=\"section\">\n\t\t\t\t\t\t<div class=\"elementor-container elementor-column-gap-default\">\n\t\t\t\t\t<div class=\"elementor-column elementor-col-100 elementor-top-column elementor-element elementor-element-9781ac1\" data-id=\"9781ac1\" data-element_type=\"column\">\n\t\t\t<div class=\"elementor-widget-wrap elementor-element-populated\">\n\t\t\t\t\t\t<div class=\"elementor-element elementor-element-e13c38d elementor-widget elementor-widget-image\" data-id=\"e13c38d\" data-element_type=\"widget\" data-widget_type=\"image.default\">\n\t\t\t\t<div class=\"elementor-widget-container\">\n\t\t\t\t\t\t\t\t\t\t\t\t\t\t\t<img fetchpriority=\"high\" decoding=\"async\" width=\"385\" height=\"238\" src=\"https:\/\/pc.sc.gov.br\/\/wp-content\/uploads\/2024\/07\/WhatsApp-Image-2024-03-19-at-3.22.02-PM-fotor-2024041817100.jpg\" class=\"attachment-large size-large wp-image-21662\" alt=\"\" srcset=\"https:\/\/pc.sc.gov.br\/\/wp-content\/uploads\/2024\/07\/WhatsApp-Image-2024-03-19-at-3.22.02-PM-fotor-2024041817100.jpg 385w, https:\/\/pc.sc.gov.br\/\/wp-content\/uploads\/2024\/07\/WhatsApp-Image-2024-03-19-at-3.22.02-PM-fotor-2024041817100-300x185.jpg 300w\" sizes=\"(max-width: 385px) 100vw, 385px\" \/>\t\t\t\t\t\t\t\t\t\t\t\t\t\t\t<\/div>\n\t\t\t\t<\/div>\n\t\t\t\t\t<\/div>\n\t\t<\/div>\n\t\t\t\t\t<\/div>\n\t\t<\/section>\n\t\t\t\t<section class=\"elementor-section elementor-top-section elementor-element elementor-element-104d9d2 elementor-section-boxed elementor-section-height-default elementor-section-height-default\" data-id=\"104d9d2\" data-element_type=\"section\">\n\t\t\t\t\t\t<div class=\"elementor-container elementor-column-gap-default\">\n\t\t\t\t\t<div class=\"elementor-column elementor-col-100 elementor-top-column elementor-element elementor-element-86b1c07\" data-id=\"86b1c07\" data-element_type=\"column\">\n\t\t\t<div class=\"elementor-widget-wrap elementor-element-populated\">\n\t\t\t\t\t\t<div class=\"elementor-element elementor-element-e1efcd7 elementor-widget elementor-widget-text-editor\" data-id=\"e1efcd7\" data-element_type=\"widget\" data-widget_type=\"text-editor.default\">\n\t\t\t\t<div class=\"elementor-widget-container\">\n\t\t\t\t\t\t\t\t\t<p>A Pol\u00edcia Civil de Santa Catarina, por meio de a\u00e7\u00e3o conjunta da Delegacia de Pol\u00edcia da Comarca de Barra Velha e da Divis\u00e3o de Investiga\u00e7\u00e3o Criminal de Itaja\u00ed, deu cumprimento na tarde de sexta-feira, 19, a mais dois mandados de pris\u00e3o preventiva em continuidade \u00e0 opera\u00e7\u00e3o contra grupo criminoso atuante no tr\u00e1fico de drogas e na lavagem de capitais.<\/p><p>Em janeiro de 2023, a equipe de investiga\u00e7\u00e3o da Delegacia de Pol\u00edcia de Barra Velha prendeu um homem transportando 120 quilos de coca\u00edna, no referido munic\u00edpio. A partir deste fato, iniciou-se investiga\u00e7\u00e3o que identificou outros envolvidos no tr\u00e1fico de drogas, bem como um esquema de lavagem de dinheiro que movimentou mais de R$ 2 milh\u00f5es por meio de laranjas e empresas de fachada, em menos de um ano.<\/p><p>Na \u00faltima quarta-feira foi dado cumprimento a 13 mandados de busca e apreens\u00e3o domiciliar e tr\u00eas mandados de pris\u00e3o preventiva em oito diferentes munic\u00edpios de Santa Catarina. Em continuidade \u00e0s dilig\u00eancias, na sexta, 19, dois outros suspeitos &#8211; um homem e uma mulher &#8211; que estavam foragidos, foram localizados e presos em uma casa de shows no munic\u00edpio de Cambori\u00fa. Na posse deles foram apreendidos ve\u00edculos, celulares e documentos que permitir\u00e3o o aprofundamento das investiga\u00e7\u00f5es.<\/p>\t\t\t\t\t\t\t\t<\/div>\n\t\t\t\t<\/div>\n\t\t\t\t\t<\/div>\n\t\t<\/div>\n\t\t\t\t\t<\/div>\n\t\t<\/section>\n\t\t\t\t<\/div>\n\t\t","protected":false},"excerpt":{"rendered":"<p>Em Barra Velha, PCSC prende mais dois suspeitos em opera\u00e7\u00e3o contra lavagem de dinheiro A Pol\u00edcia Civil de Santa Catarina, por meio de a\u00e7\u00e3o conjunta da Delegacia de Pol\u00edcia da Comarca de Barra Velha e da Divis\u00e3o de Investiga\u00e7\u00e3o Criminal de Itaja\u00ed, deu cumprimento na tarde de sexta-feira, 19, a mais dois mandados de pris\u00e3o [&hellip;]<\/p>\n","protected":false},"author":5,"featured_media":21177,"comment_status":"closed","ping_status":"open","sticky":false,"template":"","format":"standard","meta":{"_monsterinsights_skip_tracking":false,"_monsterinsights_sitenote_active":false,"_monsterinsights_sitenote_note":"","_monsterinsights_sitenote_category":0,"footnotes":""},"categories":[1],"tags":[],"class_list":["post-22022","post","type-post","status-publish","format-standard","has-post-thumbnail","hentry","category-sem-categoria"],"_links":{"self":[{"href":"https:\/\/pc.sc.gov.br\/index.php?rest_route=\/wp\/v2\/posts\/22022","targetHints":{"allow":["GET"]}}],"collection":[{"href":"https:\/\/pc.sc.gov.br\/index.php?rest_route=\/wp\/v2\/posts"}],"about":[{"href":"https:\/\/pc.sc.gov.br\/index.php?rest_route=\/wp\/v2\/types\/post"}],"author":[{"embeddable":true,"href":"https:\/\/pc.sc.gov.br\/index.php?rest_route=\/wp\/v2\/users\/5"}],"replies":[{"embeddable":true,"href":"https:\/\/pc.sc.gov.br\/index.php?rest_route=%2Fwp%2Fv2%2Fcomments&post=22022"}],"version-history":[{"count":4,"href":"https:\/\/pc.sc.gov.br\/index.php?rest_route=\/wp\/v2\/posts\/22022\/revisions"}],"predecessor-version":[{"id":22026,"href":"https:\/\/pc.sc.gov.br\/index.php?rest_route=\/wp\/v2\/posts\/22022\/revisions\/22026"}],"wp:featuredmedia":[{"embeddable":true,"href":"https:\/\/pc.sc.gov.br\/index.php?rest_route=\/wp\/v2\/media\/21177"}],"wp:attachment":[{"href":"https:\/\/pc.sc.gov.br\/index.php?rest_route=%2Fwp%2Fv2%2Fmedia&parent=22022"}],"wp:term":[{"taxonomy":"category","embeddable":true,"href":"https:\/\/pc.sc.gov.br\/index.php?rest_route=%2Fwp%2Fv2%2Fcategories&post=22022"},{"taxonomy":"post_tag","embeddable":true,"href":"https:\/\/pc.sc.gov.br\/index.php?rest_route=%2Fwp%2Fv2%2Ftags&post=22022"}],"curies":[{"name":"wp","href":"https:\/\/api.w.org\/{rel}","templated":true}]}}