{"id":22027,"date":"2024-07-22T16:47:58","date_gmt":"2024-07-22T19:47:58","guid":{"rendered":"https:\/\/pc.sc.gov.br\/?p=22027"},"modified":"2024-07-22T16:48:49","modified_gmt":"2024-07-22T19:48:49","slug":"dic-de-sao-jose-prende-em-flagrante-casal-pelo-crime-de-trafico-de-drogas","status":"publish","type":"post","link":"https:\/\/pc.sc.gov.br\/?p=22027","title":{"rendered":"DIC de S\u00e3o Jos\u00e9 prende, em flagrante, casal pelo crime de tr\u00e1fico de drogas"},"content":{"rendered":"\t\t<div data-elementor-type=\"wp-post\" data-elementor-id=\"22027\" class=\"elementor elementor-22027\" data-elementor-post-type=\"post\">\n\t\t\t\t\t\t<section class=\"elementor-section elementor-top-section elementor-element elementor-element-03bfd32 elementor-section-boxed elementor-section-height-default elementor-section-height-default\" data-id=\"03bfd32\" data-element_type=\"section\">\n\t\t\t\t\t\t<div class=\"elementor-container elementor-column-gap-default\">\n\t\t\t\t\t<div class=\"elementor-column elementor-col-100 elementor-top-column elementor-element elementor-element-59eb4e3\" data-id=\"59eb4e3\" data-element_type=\"column\">\n\t\t\t<div class=\"elementor-widget-wrap elementor-element-populated\">\n\t\t\t\t\t\t<div class=\"elementor-element elementor-element-e084dd1 elementor-widget elementor-widget-heading\" data-id=\"e084dd1\" data-element_type=\"widget\" data-widget_type=\"heading.default\">\n\t\t\t\t<div class=\"elementor-widget-container\">\n\t\t\t\t\t<h2 class=\"elementor-heading-title elementor-size-default\">DIC de S\u00e3o Jos\u00e9 prende, em flagrante, casal pelo crime de tr\u00e1fico de drogas<\/h2>\t\t\t\t<\/div>\n\t\t\t\t<\/div>\n\t\t\t\t\t<\/div>\n\t\t<\/div>\n\t\t\t\t\t<\/div>\n\t\t<\/section>\n\t\t\t\t<section class=\"elementor-section elementor-top-section elementor-element elementor-element-0a2625c elementor-section-boxed elementor-section-height-default elementor-section-height-default\" data-id=\"0a2625c\" data-element_type=\"section\">\n\t\t\t\t\t\t<div class=\"elementor-container elementor-column-gap-default\">\n\t\t\t\t\t<div class=\"elementor-column elementor-col-100 elementor-top-column elementor-element elementor-element-ffd675f\" data-id=\"ffd675f\" data-element_type=\"column\">\n\t\t\t<div class=\"elementor-widget-wrap elementor-element-populated\">\n\t\t\t\t\t\t<div class=\"elementor-element elementor-element-bcb174c elementor-widget elementor-widget-image\" data-id=\"bcb174c\" data-element_type=\"widget\" data-widget_type=\"image.default\">\n\t\t\t\t<div class=\"elementor-widget-container\">\n\t\t\t\t\t\t\t\t\t\t\t\t\t\t\t<img fetchpriority=\"high\" decoding=\"async\" width=\"499\" height=\"345\" src=\"https:\/\/pc.sc.gov.br\/\/wp-content\/uploads\/2024\/07\/a2dbb181-8fea-4491-9f21-ab050c390973-fotor-2024072216458.jpg\" class=\"attachment-large size-large wp-image-22028\" alt=\"\" srcset=\"https:\/\/pc.sc.gov.br\/\/wp-content\/uploads\/2024\/07\/a2dbb181-8fea-4491-9f21-ab050c390973-fotor-2024072216458.jpg 499w, https:\/\/pc.sc.gov.br\/\/wp-content\/uploads\/2024\/07\/a2dbb181-8fea-4491-9f21-ab050c390973-fotor-2024072216458-300x207.jpg 300w\" sizes=\"(max-width: 499px) 100vw, 499px\" \/>\t\t\t\t\t\t\t\t\t\t\t\t\t\t\t<\/div>\n\t\t\t\t<\/div>\n\t\t\t\t\t<\/div>\n\t\t<\/div>\n\t\t\t\t\t<\/div>\n\t\t<\/section>\n\t\t\t\t<section class=\"elementor-section elementor-top-section elementor-element elementor-element-6abaa62 elementor-section-boxed elementor-section-height-default elementor-section-height-default\" data-id=\"6abaa62\" data-element_type=\"section\">\n\t\t\t\t\t\t<div class=\"elementor-container elementor-column-gap-default\">\n\t\t\t\t\t<div class=\"elementor-column elementor-col-100 elementor-top-column elementor-element elementor-element-20de609\" data-id=\"20de609\" data-element_type=\"column\">\n\t\t\t<div class=\"elementor-widget-wrap elementor-element-populated\">\n\t\t\t\t\t\t<div class=\"elementor-element elementor-element-386ad84 elementor-widget elementor-widget-text-editor\" data-id=\"386ad84\" data-element_type=\"widget\" data-widget_type=\"text-editor.default\">\n\t\t\t\t<div class=\"elementor-widget-container\">\n\t\t\t\t\t\t\t\t\t<p>A Pol\u00edcia Civil de Santa Catarina, por meio da Divis\u00e3o de Investiga\u00e7\u00e3o Criminal (DIC) de S\u00e3o Jos\u00e9, em apoio operacional Divis\u00e3o de Investiga\u00e7\u00e3o Criminal (DIC) de Joa\u00e7aba, deu cumprimento na sexta-feira, 19, ao mandado de busca e apreens\u00e3o em uma resid\u00eancia, situada no munic\u00edpio de S\u00e3o Jos\u00e9, localidade do Morro do Ava\u00ed, decorrente de investiga\u00e7\u00e3o relacionada ao tr\u00e1fico de drogas.<\/p>\n<p>Na resid\u00eancia alvo das investiga\u00e7\u00f5es, a equipe de policiais localizou uma estufa em pleno funcionamento para cultivo de maconha e foi apreendido, al\u00e9m de v\u00e1rios p\u00e9s da planta, uma por\u00e7\u00e3o de maconha prensada.&nbsp;<span style=\"font-family: var( --e-global-typography-text-font-family ), Sans-serif; font-size: var( --e-global-typography-text-font-size );\">O casal que residia no local foi preso em flagrante e encaminhado a Central de Plant\u00e3o Policial, para os procedimentos de praxe cab\u00edveis.<\/span><\/p>\n<p>A Pol\u00edcia Civil de Santa Catarina reitera o seu compromisso de combater o crime em todas as suas formas.<\/p>\n<p><b>Colabore com a Pol\u00edcia Civil, denuncie pelo telefone 181. Para registro de boletim de ocorr\u00eancia pela internet:&nbsp;<\/b><a href=\"https:\/\/delegaciavirtual.sc.gov.br\/\" target=\"_blank\" style=\"font-family: var( --e-global-typography-primary-font-family ), Sans-serif; font-size: var( --e-global-typography-primary-font-size ); font-weight: var( --e-global-typography-primary-font-weight ); letter-spacing: var( --e-global-typography-primary-letter-spacing ); background-color: rgb(255, 255, 255);\">www.delegaciavirtual.sc.gov.br<\/a><\/p>\n<div>&nbsp;<\/div>\t\t\t\t\t\t\t\t<\/div>\n\t\t\t\t<\/div>\n\t\t\t\t\t<\/div>\n\t\t<\/div>\n\t\t\t\t\t<\/div>\n\t\t<\/section>\n\t\t\t\t<\/div>\n\t\t","protected":false},"excerpt":{"rendered":"<p>DIC de S\u00e3o Jos\u00e9 prende, em flagrante, casal pelo crime de tr\u00e1fico de drogas A Pol\u00edcia Civil de Santa Catarina, por meio da Divis\u00e3o de Investiga\u00e7\u00e3o Criminal (DIC) de S\u00e3o Jos\u00e9, em apoio operacional Divis\u00e3o de Investiga\u00e7\u00e3o Criminal (DIC) de Joa\u00e7aba, deu cumprimento na sexta-feira, 19, ao mandado de busca e apreens\u00e3o em uma resid\u00eancia, [&hellip;]<\/p>\n","protected":false},"author":5,"featured_media":22028,"comment_status":"closed","ping_status":"open","sticky":false,"template":"","format":"standard","meta":{"_monsterinsights_skip_tracking":false,"_monsterinsights_sitenote_active":false,"_monsterinsights_sitenote_note":"","_monsterinsights_sitenote_category":0,"footnotes":""},"categories":[1],"tags":[],"class_list":["post-22027","post","type-post","status-publish","format-standard","has-post-thumbnail","hentry","category-sem-categoria"],"_links":{"self":[{"href":"https:\/\/pc.sc.gov.br\/index.php?rest_route=\/wp\/v2\/posts\/22027","targetHints":{"allow":["GET"]}}],"collection":[{"href":"https:\/\/pc.sc.gov.br\/index.php?rest_route=\/wp\/v2\/posts"}],"about":[{"href":"https:\/\/pc.sc.gov.br\/index.php?rest_route=\/wp\/v2\/types\/post"}],"author":[{"embeddable":true,"href":"https:\/\/pc.sc.gov.br\/index.php?rest_route=\/wp\/v2\/users\/5"}],"replies":[{"embeddable":true,"href":"https:\/\/pc.sc.gov.br\/index.php?rest_route=%2Fwp%2Fv2%2Fcomments&post=22027"}],"version-history":[{"count":6,"href":"https:\/\/pc.sc.gov.br\/index.php?rest_route=\/wp\/v2\/posts\/22027\/revisions"}],"predecessor-version":[{"id":22034,"href":"https:\/\/pc.sc.gov.br\/index.php?rest_route=\/wp\/v2\/posts\/22027\/revisions\/22034"}],"wp:featuredmedia":[{"embeddable":true,"href":"https:\/\/pc.sc.gov.br\/index.php?rest_route=\/wp\/v2\/media\/22028"}],"wp:attachment":[{"href":"https:\/\/pc.sc.gov.br\/index.php?rest_route=%2Fwp%2Fv2%2Fmedia&parent=22027"}],"wp:term":[{"taxonomy":"category","embeddable":true,"href":"https:\/\/pc.sc.gov.br\/index.php?rest_route=%2Fwp%2Fv2%2Fcategories&post=22027"},{"taxonomy":"post_tag","embeddable":true,"href":"https:\/\/pc.sc.gov.br\/index.php?rest_route=%2Fwp%2Fv2%2Ftags&post=22027"}],"curies":[{"name":"wp","href":"https:\/\/api.w.org\/{rel}","templated":true}]}}