{"id":22035,"date":"2024-07-22T17:59:23","date_gmt":"2024-07-22T20:59:23","guid":{"rendered":"https:\/\/pc.sc.gov.br\/?p=22035"},"modified":"2024-07-22T17:59:55","modified_gmt":"2024-07-22T20:59:55","slug":"em-chapeco-operacao-das-forcas-de-seguranca-para-desmantelar-grupo-pelo-crime-de-trafico-de-drogas-resulta-na-prisao-de-duas-pessoas","status":"publish","type":"post","link":"https:\/\/pc.sc.gov.br\/?p=22035","title":{"rendered":"Em Chapec\u00f3, opera\u00e7\u00e3o das for\u00e7as de seguran\u00e7a para desmantelar grupo pelo crime de tr\u00e1fico de drogas resulta na pris\u00e3o de duas pessoas"},"content":{"rendered":"\t\t<div data-elementor-type=\"wp-post\" data-elementor-id=\"22035\" class=\"elementor elementor-22035\" data-elementor-post-type=\"post\">\n\t\t\t\t\t\t<section class=\"elementor-section elementor-top-section elementor-element elementor-element-b0b5d86 elementor-section-boxed elementor-section-height-default elementor-section-height-default\" data-id=\"b0b5d86\" data-element_type=\"section\">\n\t\t\t\t\t\t<div class=\"elementor-container elementor-column-gap-default\">\n\t\t\t\t\t<div class=\"elementor-column elementor-col-100 elementor-top-column elementor-element elementor-element-0e537e5\" data-id=\"0e537e5\" data-element_type=\"column\">\n\t\t\t<div class=\"elementor-widget-wrap elementor-element-populated\">\n\t\t\t\t\t\t<div class=\"elementor-element elementor-element-1602b95 elementor-widget elementor-widget-heading\" data-id=\"1602b95\" data-element_type=\"widget\" data-widget_type=\"heading.default\">\n\t\t\t\t<div class=\"elementor-widget-container\">\n\t\t\t\t\t<h2 class=\"elementor-heading-title elementor-size-default\">Em Chapec\u00f3, opera\u00e7\u00e3o das for\u00e7as de seguran\u00e7a para desmantelar grupo pelo crime de tr\u00e1fico de drogas resulta na pris\u00e3o de duas pessoas<br><\/h2>\t\t\t\t<\/div>\n\t\t\t\t<\/div>\n\t\t\t\t\t<\/div>\n\t\t<\/div>\n\t\t\t\t\t<\/div>\n\t\t<\/section>\n\t\t\t\t<section class=\"elementor-section elementor-top-section elementor-element elementor-element-f2ab441 elementor-section-boxed elementor-section-height-default elementor-section-height-default\" data-id=\"f2ab441\" data-element_type=\"section\">\n\t\t\t\t\t\t<div class=\"elementor-container elementor-column-gap-default\">\n\t\t\t\t\t<div class=\"elementor-column elementor-col-100 elementor-top-column elementor-element elementor-element-396a0a4\" data-id=\"396a0a4\" data-element_type=\"column\">\n\t\t\t<div class=\"elementor-widget-wrap elementor-element-populated\">\n\t\t\t\t\t\t<div class=\"elementor-element elementor-element-d056ddf elementor-widget elementor-widget-image\" data-id=\"d056ddf\" data-element_type=\"widget\" data-widget_type=\"image.default\">\n\t\t\t\t<div class=\"elementor-widget-container\">\n\t\t\t\t\t\t\t\t\t\t\t\t\t\t\t<img fetchpriority=\"high\" decoding=\"async\" width=\"696\" height=\"541\" src=\"https:\/\/pc.sc.gov.br\/\/wp-content\/uploads\/2024\/07\/16da8e8d-ecfa-4a04-b474-6f45f0d18ce8-fotor-20240722175834.jpg\" class=\"attachment-large size-large wp-image-22037\" alt=\"\" srcset=\"https:\/\/pc.sc.gov.br\/\/wp-content\/uploads\/2024\/07\/16da8e8d-ecfa-4a04-b474-6f45f0d18ce8-fotor-20240722175834.jpg 947w, https:\/\/pc.sc.gov.br\/\/wp-content\/uploads\/2024\/07\/16da8e8d-ecfa-4a04-b474-6f45f0d18ce8-fotor-20240722175834-300x233.jpg 300w, https:\/\/pc.sc.gov.br\/\/wp-content\/uploads\/2024\/07\/16da8e8d-ecfa-4a04-b474-6f45f0d18ce8-fotor-20240722175834-768x597.jpg 768w\" sizes=\"(max-width: 696px) 100vw, 696px\" \/>\t\t\t\t\t\t\t\t\t\t\t\t\t\t\t<\/div>\n\t\t\t\t<\/div>\n\t\t\t\t\t<\/div>\n\t\t<\/div>\n\t\t\t\t\t<\/div>\n\t\t<\/section>\n\t\t\t\t<section class=\"elementor-section elementor-top-section elementor-element elementor-element-513caf0 elementor-section-boxed elementor-section-height-default elementor-section-height-default\" data-id=\"513caf0\" data-element_type=\"section\">\n\t\t\t\t\t\t<div class=\"elementor-container elementor-column-gap-default\">\n\t\t\t\t\t<div class=\"elementor-column elementor-col-100 elementor-top-column elementor-element elementor-element-5428bfd\" data-id=\"5428bfd\" data-element_type=\"column\">\n\t\t\t<div class=\"elementor-widget-wrap elementor-element-populated\">\n\t\t\t\t\t\t<div class=\"elementor-element elementor-element-39f48ce elementor-widget elementor-widget-text-editor\" data-id=\"39f48ce\" data-element_type=\"widget\" data-widget_type=\"text-editor.default\">\n\t\t\t\t<div class=\"elementor-widget-container\">\n\t\t\t\t\t\t\t\t\t<p><span style=\"font-family: var( --e-global-typography-text-font-family ), Sans-serif; font-size: var( --e-global-typography-text-font-size );\">Nesta segunda-feira, 22, a Pol\u00edcia Civil de Santa Catarina (PCSC) e a Pol\u00edcia Militar de Santa Catarina (PMSC), deflagraram uma opera\u00e7\u00e3o policial c<\/span><span style=\"font-family: var( --e-global-typography-text-font-family ), Sans-serif; font-size: var( --e-global-typography-text-font-size );\">onjunta, em Chapec\u00f3, para combater o tr\u00e1fico de drogas na regi\u00e3o. Na a\u00e7\u00e3o foram cumpridas sete ordens judiciais, sendo quatro mandados de busca e apreens\u00e3o e tr\u00eas mandados de pris\u00e3o. A investiga\u00e7\u00e3o visa desmantelar um grupo criminoso que transportava grandes quantidades de maconha, de Foz do Igua\u00e7u para Chapec\u00f3, onde era distribu\u00edda.<\/span><\/p>\n<p>As investiga\u00e7\u00f5es come\u00e7aram ap\u00f3s apreens\u00f5es significativas de entorpecentes na cidade. Em 30 de abril de 2024, foi encontrado aproximadamente 60 quilos de maconha, em um apartamento, no Bairro Efapi. Em 10 de julho de 2024, a PMSC apreendeu cerca de 130 quilos de maconha, em um apartamento, localizado no Bairro Passo dos Fortes, ap\u00f3s receber den\u00fancias. Nesta ocasi\u00e3o uma mulher de 18 anos foi presa em flagrante pelo crime de tr\u00e1fico de drogas.&nbsp;<\/p>\n<p>Esses eventos levaram \u00e0 instaura\u00e7\u00e3o de um Inqu\u00e9rito Policial na Divis\u00e3o de Investiga\u00e7\u00e3o Criminal (DIC) de Chapec\u00f3 com intuito de identificar todos envolvidos em rela\u00e7\u00e3o aos fatos acima referidos. Tr\u00eas indiv\u00edduos foram identificados e responder\u00e3o por tr\u00e1fico de drogas e associa\u00e7\u00e3o para o tr\u00e1fico. Dois investigados foram presos, enquanto um permanece foragido. Na opera\u00e7\u00e3o foram apreendidos v\u00e1rios elementos de provas, entre eles, aparelhos eletr\u00f4nicos, que ser\u00e3o analisados pela equipe de investiga\u00e7\u00e3o, al\u00e9m de um ve\u00edculo de um dos investigados. As investiga\u00e7\u00f5es tamb\u00e9m contaram com a participa\u00e7\u00e3o do GAECO de Chapec\u00f3 (MPSC) e a opera\u00e7\u00e3o contou com os policiais civis do Departamento de Investiga\u00e7\u00e3o Criminal de Chapec\u00f3, SAER, N\u00facleo de Opera\u00e7\u00f5es com C\u00e3es (NOC) e policiais militares do Grupo T\u00e1tico (PPT).<\/p>\n<p><b>Denuncie pelo n\u00famero 181.<\/b><span style=\"color: var( --e-global-color-text ); font-family: var( --e-global-typography-primary-font-family ), Sans-serif; font-size: var( --e-global-typography-primary-font-size ); font-weight: var( --e-global-typography-primary-font-weight ); letter-spacing: var( --e-global-typography-primary-letter-spacing );\">&nbsp;<\/span><\/p>\t\t\t\t\t\t\t\t<\/div>\n\t\t\t\t<\/div>\n\t\t\t\t\t<\/div>\n\t\t<\/div>\n\t\t\t\t\t<\/div>\n\t\t<\/section>\n\t\t\t\t<\/div>\n\t\t","protected":false},"excerpt":{"rendered":"<p>Em Chapec\u00f3, opera\u00e7\u00e3o das for\u00e7as de seguran\u00e7a para desmantelar grupo pelo crime de tr\u00e1fico de drogas resulta na pris\u00e3o de duas pessoas Nesta segunda-feira, 22, a Pol\u00edcia Civil de Santa Catarina (PCSC) e a Pol\u00edcia Militar de Santa Catarina (PMSC), deflagraram uma opera\u00e7\u00e3o policial conjunta, em Chapec\u00f3, para combater o tr\u00e1fico de drogas na regi\u00e3o. [&hellip;]<\/p>\n","protected":false},"author":5,"featured_media":22037,"comment_status":"closed","ping_status":"open","sticky":false,"template":"","format":"standard","meta":{"_monsterinsights_skip_tracking":false,"_monsterinsights_sitenote_active":false,"_monsterinsights_sitenote_note":"","_monsterinsights_sitenote_category":0,"footnotes":""},"categories":[1],"tags":[],"class_list":["post-22035","post","type-post","status-publish","format-standard","has-post-thumbnail","hentry","category-sem-categoria"],"_links":{"self":[{"href":"https:\/\/pc.sc.gov.br\/index.php?rest_route=\/wp\/v2\/posts\/22035","targetHints":{"allow":["GET"]}}],"collection":[{"href":"https:\/\/pc.sc.gov.br\/index.php?rest_route=\/wp\/v2\/posts"}],"about":[{"href":"https:\/\/pc.sc.gov.br\/index.php?rest_route=\/wp\/v2\/types\/post"}],"author":[{"embeddable":true,"href":"https:\/\/pc.sc.gov.br\/index.php?rest_route=\/wp\/v2\/users\/5"}],"replies":[{"embeddable":true,"href":"https:\/\/pc.sc.gov.br\/index.php?rest_route=%2Fwp%2Fv2%2Fcomments&post=22035"}],"version-history":[{"count":3,"href":"https:\/\/pc.sc.gov.br\/index.php?rest_route=\/wp\/v2\/posts\/22035\/revisions"}],"predecessor-version":[{"id":22040,"href":"https:\/\/pc.sc.gov.br\/index.php?rest_route=\/wp\/v2\/posts\/22035\/revisions\/22040"}],"wp:featuredmedia":[{"embeddable":true,"href":"https:\/\/pc.sc.gov.br\/index.php?rest_route=\/wp\/v2\/media\/22037"}],"wp:attachment":[{"href":"https:\/\/pc.sc.gov.br\/index.php?rest_route=%2Fwp%2Fv2%2Fmedia&parent=22035"}],"wp:term":[{"taxonomy":"category","embeddable":true,"href":"https:\/\/pc.sc.gov.br\/index.php?rest_route=%2Fwp%2Fv2%2Fcategories&post=22035"},{"taxonomy":"post_tag","embeddable":true,"href":"https:\/\/pc.sc.gov.br\/index.php?rest_route=%2Fwp%2Fv2%2Ftags&post=22035"}],"curies":[{"name":"wp","href":"https:\/\/api.w.org\/{rel}","templated":true}]}}