{"id":22041,"date":"2024-07-22T18:36:49","date_gmt":"2024-07-22T21:36:49","guid":{"rendered":"https:\/\/pc.sc.gov.br\/?p=22041"},"modified":"2024-07-22T18:39:48","modified_gmt":"2024-07-22T21:39:48","slug":"drr-de-blumenau-prende-suspeito-de-assaltar-farmacia-no-bairro-itoupavazinha","status":"publish","type":"post","link":"https:\/\/pc.sc.gov.br\/?p=22041","title":{"rendered":"DRR de Blumenau prende suspeito de assaltar farm\u00e1cia no bairro Itoupavazinha"},"content":{"rendered":"\t\t<div data-elementor-type=\"wp-post\" data-elementor-id=\"22041\" class=\"elementor elementor-22041\" data-elementor-post-type=\"post\">\n\t\t\t\t\t\t<section class=\"elementor-section elementor-top-section elementor-element elementor-element-75eba1b elementor-section-boxed elementor-section-height-default elementor-section-height-default\" data-id=\"75eba1b\" data-element_type=\"section\">\n\t\t\t\t\t\t<div class=\"elementor-container elementor-column-gap-default\">\n\t\t\t\t\t<div class=\"elementor-column elementor-col-100 elementor-top-column elementor-element elementor-element-68700be\" data-id=\"68700be\" data-element_type=\"column\">\n\t\t\t<div class=\"elementor-widget-wrap elementor-element-populated\">\n\t\t\t\t\t\t<div class=\"elementor-element elementor-element-4eb72e1 elementor-widget elementor-widget-heading\" data-id=\"4eb72e1\" data-element_type=\"widget\" data-widget_type=\"heading.default\">\n\t\t\t\t<div class=\"elementor-widget-container\">\n\t\t\t\t\t<h2 class=\"elementor-heading-title elementor-size-default\">DRR de Blumenau prende suspeito de assaltar farm\u00e1cia no bairro Itoupavazinha<\/h2>\t\t\t\t<\/div>\n\t\t\t\t<\/div>\n\t\t\t\t\t<\/div>\n\t\t<\/div>\n\t\t\t\t\t<\/div>\n\t\t<\/section>\n\t\t\t\t<section class=\"elementor-section elementor-top-section elementor-element elementor-element-56ebaf5 elementor-section-boxed elementor-section-height-default elementor-section-height-default\" data-id=\"56ebaf5\" data-element_type=\"section\">\n\t\t\t\t\t\t<div class=\"elementor-container elementor-column-gap-default\">\n\t\t\t\t\t<div class=\"elementor-column elementor-col-100 elementor-top-column elementor-element elementor-element-14078fe\" data-id=\"14078fe\" data-element_type=\"column\">\n\t\t\t<div class=\"elementor-widget-wrap elementor-element-populated\">\n\t\t\t\t\t\t<div class=\"elementor-element elementor-element-296b36b elementor-widget elementor-widget-image\" data-id=\"296b36b\" data-element_type=\"widget\" data-widget_type=\"image.default\">\n\t\t\t\t<div class=\"elementor-widget-container\">\n\t\t\t\t\t\t\t\t\t\t\t\t\t\t\t<img fetchpriority=\"high\" decoding=\"async\" width=\"696\" height=\"647\" src=\"https:\/\/pc.sc.gov.br\/\/wp-content\/uploads\/2024\/07\/787bb05a-e77a-47cd-aafd-9201be89531f-fotor-20240722182653.jpg\" class=\"attachment-large size-large wp-image-22042\" alt=\"\" srcset=\"https:\/\/pc.sc.gov.br\/\/wp-content\/uploads\/2024\/07\/787bb05a-e77a-47cd-aafd-9201be89531f-fotor-20240722182653.jpg 931w, https:\/\/pc.sc.gov.br\/\/wp-content\/uploads\/2024\/07\/787bb05a-e77a-47cd-aafd-9201be89531f-fotor-20240722182653-300x279.jpg 300w, https:\/\/pc.sc.gov.br\/\/wp-content\/uploads\/2024\/07\/787bb05a-e77a-47cd-aafd-9201be89531f-fotor-20240722182653-768x714.jpg 768w\" sizes=\"(max-width: 696px) 100vw, 696px\" \/>\t\t\t\t\t\t\t\t\t\t\t\t\t\t\t<\/div>\n\t\t\t\t<\/div>\n\t\t\t\t\t<\/div>\n\t\t<\/div>\n\t\t\t\t\t<\/div>\n\t\t<\/section>\n\t\t\t\t<section class=\"elementor-section elementor-top-section elementor-element elementor-element-750d283 elementor-section-boxed elementor-section-height-default elementor-section-height-default\" data-id=\"750d283\" data-element_type=\"section\">\n\t\t\t\t\t\t<div class=\"elementor-container elementor-column-gap-default\">\n\t\t\t\t\t<div class=\"elementor-column elementor-col-100 elementor-top-column elementor-element elementor-element-6e85201\" data-id=\"6e85201\" data-element_type=\"column\">\n\t\t\t<div class=\"elementor-widget-wrap elementor-element-populated\">\n\t\t\t\t\t\t<div class=\"elementor-element elementor-element-ed38fd5 elementor-widget elementor-widget-text-editor\" data-id=\"ed38fd5\" data-element_type=\"widget\" data-widget_type=\"text-editor.default\">\n\t\t\t\t<div class=\"elementor-widget-container\">\n\t\t\t\t\t\t\t\t\t<p>Nesta segunda-feira, 22, por volta das 16h30min, a Pol\u00edcia Civil de Santa Catarina, por meio da Delegacia de Repress\u00e3o a Roubos (DRR), do Departamento de Investiga\u00e7\u00e3o Criminal (DIC) de Blumenau, prendeu um homem, suspeito de ser o autor de um roubo ocorrido no dia 08\/06\/2024 em uma Farm\u00e1cia localizada na Rua Frederico Jensen, no bairro Itoupavazinha, Blumenau.<\/p><p>Na ocasi\u00e3o, de posse de uma faca, o indiv\u00edduo amea\u00e7ou os funcion\u00e1rios do estabelecimento e, em seguida, subtraiu a quantia de R$ 250. Ap\u00f3s investiga\u00e7\u00e3o, foi poss\u00edvel identificar o autor, que j\u00e1 \u00e9 conhecido das for\u00e7as de seguran\u00e7a e possui passagens policiais por tr\u00e1fico de drogas e roubo. Com a decreta\u00e7\u00e3o da pris\u00e3o preventiva, o suspeito foi localizado no Bairro Progresso. Em seguida, foi interrogado e encaminhado ao Pres\u00eddio Regional de Blumenau, onde permanecer\u00e1 \u00e0 disposi\u00e7\u00e3o da justi\u00e7a.<\/p>\t\t\t\t\t\t\t\t<\/div>\n\t\t\t\t<\/div>\n\t\t\t\t\t<\/div>\n\t\t<\/div>\n\t\t\t\t\t<\/div>\n\t\t<\/section>\n\t\t\t\t<\/div>\n\t\t","protected":false},"excerpt":{"rendered":"<p>DRR de Blumenau prende suspeito de assaltar farm\u00e1cia no bairro Itoupavazinha Nesta segunda-feira, 22, por volta das 16h30min, a Pol\u00edcia Civil de Santa Catarina, por meio da Delegacia de Repress\u00e3o a Roubos (DRR), do Departamento de Investiga\u00e7\u00e3o Criminal (DIC) de Blumenau, prendeu um homem, suspeito de ser o autor de um roubo ocorrido no dia [&hellip;]<\/p>\n","protected":false},"author":5,"featured_media":22042,"comment_status":"closed","ping_status":"open","sticky":false,"template":"","format":"standard","meta":{"_monsterinsights_skip_tracking":false,"_monsterinsights_sitenote_active":false,"_monsterinsights_sitenote_note":"","_monsterinsights_sitenote_category":0,"footnotes":""},"categories":[1],"tags":[],"class_list":["post-22041","post","type-post","status-publish","format-standard","has-post-thumbnail","hentry","category-sem-categoria"],"_links":{"self":[{"href":"https:\/\/pc.sc.gov.br\/index.php?rest_route=\/wp\/v2\/posts\/22041","targetHints":{"allow":["GET"]}}],"collection":[{"href":"https:\/\/pc.sc.gov.br\/index.php?rest_route=\/wp\/v2\/posts"}],"about":[{"href":"https:\/\/pc.sc.gov.br\/index.php?rest_route=\/wp\/v2\/types\/post"}],"author":[{"embeddable":true,"href":"https:\/\/pc.sc.gov.br\/index.php?rest_route=\/wp\/v2\/users\/5"}],"replies":[{"embeddable":true,"href":"https:\/\/pc.sc.gov.br\/index.php?rest_route=%2Fwp%2Fv2%2Fcomments&post=22041"}],"version-history":[{"count":7,"href":"https:\/\/pc.sc.gov.br\/index.php?rest_route=\/wp\/v2\/posts\/22041\/revisions"}],"predecessor-version":[{"id":22050,"href":"https:\/\/pc.sc.gov.br\/index.php?rest_route=\/wp\/v2\/posts\/22041\/revisions\/22050"}],"wp:featuredmedia":[{"embeddable":true,"href":"https:\/\/pc.sc.gov.br\/index.php?rest_route=\/wp\/v2\/media\/22042"}],"wp:attachment":[{"href":"https:\/\/pc.sc.gov.br\/index.php?rest_route=%2Fwp%2Fv2%2Fmedia&parent=22041"}],"wp:term":[{"taxonomy":"category","embeddable":true,"href":"https:\/\/pc.sc.gov.br\/index.php?rest_route=%2Fwp%2Fv2%2Fcategories&post=22041"},{"taxonomy":"post_tag","embeddable":true,"href":"https:\/\/pc.sc.gov.br\/index.php?rest_route=%2Fwp%2Fv2%2Ftags&post=22041"}],"curies":[{"name":"wp","href":"https:\/\/api.w.org\/{rel}","templated":true}]}}