{"id":22052,"date":"2024-07-23T14:37:34","date_gmt":"2024-07-23T17:37:34","guid":{"rendered":"https:\/\/pc.sc.gov.br\/?p=22052"},"modified":"2024-07-23T14:39:50","modified_gmt":"2024-07-23T17:39:50","slug":"decor-deic-deflagra-segunda-fase-da-operacao-maktub-que-apura-irregularidades-em-licitacao-realizada-por-prefeitura-do-sul-de-sc","status":"publish","type":"post","link":"https:\/\/pc.sc.gov.br\/?p=22052","title":{"rendered":"DECOR\/DEIC deflagra segunda fase da opera\u00e7\u00e3o Maktub que apura irregularidades em licita\u00e7\u00e3o realizada por prefeitura do Sul de SC"},"content":{"rendered":"\t\t<div data-elementor-type=\"wp-post\" data-elementor-id=\"22052\" class=\"elementor elementor-22052\" data-elementor-post-type=\"post\">\n\t\t\t\t\t\t<section class=\"elementor-section elementor-top-section elementor-element elementor-element-53e7211 elementor-section-boxed elementor-section-height-default elementor-section-height-default\" data-id=\"53e7211\" data-element_type=\"section\">\n\t\t\t\t\t\t<div class=\"elementor-container elementor-column-gap-default\">\n\t\t\t\t\t<div class=\"elementor-column elementor-col-100 elementor-top-column elementor-element elementor-element-2ea1b01\" data-id=\"2ea1b01\" data-element_type=\"column\">\n\t\t\t<div class=\"elementor-widget-wrap elementor-element-populated\">\n\t\t\t\t\t\t<div class=\"elementor-element elementor-element-d77b29f elementor-widget elementor-widget-heading\" data-id=\"d77b29f\" data-element_type=\"widget\" data-widget_type=\"heading.default\">\n\t\t\t\t<div class=\"elementor-widget-container\">\n\t\t\t\t\t<h2 class=\"elementor-heading-title elementor-size-default\">DECOR\/DEIC deflagra segunda fase da opera\u00e7\u00e3o Maktub que apura irregularidades em licita\u00e7\u00e3o realizada por prefeitura do Sul de SC<\/h2>\t\t\t\t<\/div>\n\t\t\t\t<\/div>\n\t\t\t\t\t<\/div>\n\t\t<\/div>\n\t\t\t\t\t<\/div>\n\t\t<\/section>\n\t\t\t\t<section class=\"elementor-section elementor-top-section elementor-element elementor-element-b5f2429 elementor-section-boxed elementor-section-height-default elementor-section-height-default\" data-id=\"b5f2429\" data-element_type=\"section\">\n\t\t\t\t\t\t<div class=\"elementor-container elementor-column-gap-default\">\n\t\t\t\t\t<div class=\"elementor-column elementor-col-100 elementor-top-column elementor-element elementor-element-345a7b5\" data-id=\"345a7b5\" data-element_type=\"column\">\n\t\t\t<div class=\"elementor-widget-wrap elementor-element-populated\">\n\t\t\t\t\t\t<div class=\"elementor-element elementor-element-7f0253f elementor-widget elementor-widget-image\" data-id=\"7f0253f\" data-element_type=\"widget\" data-widget_type=\"image.default\">\n\t\t\t\t<div class=\"elementor-widget-container\">\n\t\t\t\t\t\t\t\t\t\t\t\t\t\t\t<img fetchpriority=\"high\" decoding=\"async\" width=\"696\" height=\"521\" src=\"https:\/\/pc.sc.gov.br\/\/wp-content\/uploads\/2024\/07\/WhatsApp-Image-2024-07-23-at-06.49.50-1024x766.jpeg\" class=\"attachment-large size-large wp-image-22053\" alt=\"\" srcset=\"https:\/\/pc.sc.gov.br\/\/wp-content\/uploads\/2024\/07\/WhatsApp-Image-2024-07-23-at-06.49.50-1024x766.jpeg 1024w, https:\/\/pc.sc.gov.br\/\/wp-content\/uploads\/2024\/07\/WhatsApp-Image-2024-07-23-at-06.49.50-300x225.jpeg 300w, https:\/\/pc.sc.gov.br\/\/wp-content\/uploads\/2024\/07\/WhatsApp-Image-2024-07-23-at-06.49.50-768x575.jpeg 768w, https:\/\/pc.sc.gov.br\/\/wp-content\/uploads\/2024\/07\/WhatsApp-Image-2024-07-23-at-06.49.50.jpeg 1280w\" sizes=\"(max-width: 696px) 100vw, 696px\" \/>\t\t\t\t\t\t\t\t\t\t\t\t\t\t\t<\/div>\n\t\t\t\t<\/div>\n\t\t\t\t\t<\/div>\n\t\t<\/div>\n\t\t\t\t\t<\/div>\n\t\t<\/section>\n\t\t\t\t<section class=\"elementor-section elementor-top-section elementor-element elementor-element-2f24ca6 elementor-section-boxed elementor-section-height-default elementor-section-height-default\" data-id=\"2f24ca6\" data-element_type=\"section\">\n\t\t\t\t\t\t<div class=\"elementor-container elementor-column-gap-default\">\n\t\t\t\t\t<div class=\"elementor-column elementor-col-100 elementor-top-column elementor-element elementor-element-fd1372e\" data-id=\"fd1372e\" data-element_type=\"column\">\n\t\t\t<div class=\"elementor-widget-wrap elementor-element-populated\">\n\t\t\t\t\t\t<div class=\"elementor-element elementor-element-6f5a19a elementor-widget elementor-widget-text-editor\" data-id=\"6f5a19a\" data-element_type=\"widget\" data-widget_type=\"text-editor.default\">\n\t\t\t\t<div class=\"elementor-widget-container\">\n\t\t\t\t\t\t\t\t\t<p>A Pol\u00edcia Civil de Santa Catarina, por meio da Delegacia de Combate \u00e0 Corrup\u00e7\u00e3o (DECOR\/DEIC), deflagrou, nesta ter\u00e7a-feira (23), uma opera\u00e7\u00e3o policial a fim de apurar irregularidades\/ilicitudes na Tomada de Pre\u00e7o n.\u00ba 03\/2023, destinada \u00e0 constru\u00e7\u00e3o da rua coberta, na Pra\u00e7a S\u00e3o Sebasti\u00e3o, realizada pela Prefeitura Municipal de Praia Grande. Foi cumprido um mandado de pris\u00e3o preventiva contra um empres\u00e1rio, al\u00e9m de dois mandados de afastamento das fun\u00e7\u00f5es p\u00fablicas e cinco mandados de busca e apreens\u00e3o.\u00a0<\/p><p>De acordo com as investiga\u00e7\u00f5es, foi apurado que um agente pol\u00edtico da prefeitura procurou o propriet\u00e1rio de uma empresa do sul do estado com o objetivo de elaborar o projeto b\u00e1sico para a constru\u00e7\u00e3o da rua coberta.<\/p><p>O projeto b\u00e1sico da licita\u00e7\u00e3o, incluindo o memorial descritivo e a planilha or\u00e7ament\u00e1ria, foi preparado pelo empres\u00e1rio em conjunto com uma pessoa (subcontratada) respons\u00e1vel pela execu\u00e7\u00e3o da obra. Esses documentos foram ent\u00e3o encaminhados a um servidor da prefeitura, que assinou como respons\u00e1vel pela sua confec\u00e7\u00e3o.<\/p><p>Al\u00e9m disso, das an\u00e1lises realizadas pela PCSC, revelou-se que o empres\u00e1rio respons\u00e1vel pela elabora\u00e7\u00e3o do projeto b\u00e1sico afastou um concorrente, possivelmente, oferecendo vantagem indevida, resultando na vit\u00f3ria de sua empresa no certame, fato semelhante ao ocorrido na Opera\u00e7\u00e3o Maktub, deflagrada na cidade de Forquilhinha, no dia 27\/02\/2024.\u00a0<\/p><p>As irregularidades na Tomada de Pre\u00e7o n.\u00ba 03\/2023 resultaram em um preju\u00edzo de aproximadamente R$ 240 mil para o munic\u00edpio de Praia Grande, caracterizado, em tese, pelo sobrepre\u00e7o dos materiais previstos na planilha or\u00e7ament\u00e1ria.\u00a0<\/p><p>Os trabalhos contaram com o apoio da CECOR, da 1\u00aa e 2\u00aa DECOR, do LAB\/DEIC, da Delegacia de Defrauda\u00e7\u00f5es e da Delegacia de Repress\u00e3o aos Crimes de Inform\u00e1tica da DEIC.\u00a0\u00a0<\/p><div>\u00a0<\/div>\t\t\t\t\t\t\t\t<\/div>\n\t\t\t\t<\/div>\n\t\t\t\t\t<\/div>\n\t\t<\/div>\n\t\t\t\t\t<\/div>\n\t\t<\/section>\n\t\t\t\t<\/div>\n\t\t","protected":false},"excerpt":{"rendered":"<p>DECOR\/DEIC deflagra segunda fase da opera\u00e7\u00e3o Maktub que apura irregularidades em licita\u00e7\u00e3o realizada por prefeitura do Sul de SC A Pol\u00edcia Civil de Santa Catarina, por meio da Delegacia de Combate \u00e0 Corrup\u00e7\u00e3o (DECOR\/DEIC), deflagrou, nesta ter\u00e7a-feira (23), uma opera\u00e7\u00e3o policial a fim de apurar irregularidades\/ilicitudes na Tomada de Pre\u00e7o n.\u00ba 03\/2023, destinada \u00e0 constru\u00e7\u00e3o [&hellip;]<\/p>\n","protected":false},"author":5,"featured_media":22055,"comment_status":"closed","ping_status":"open","sticky":false,"template":"","format":"standard","meta":{"_monsterinsights_skip_tracking":false,"_monsterinsights_sitenote_active":false,"_monsterinsights_sitenote_note":"","_monsterinsights_sitenote_category":0,"footnotes":""},"categories":[1],"tags":[],"class_list":["post-22052","post","type-post","status-publish","format-standard","has-post-thumbnail","hentry","category-sem-categoria"],"_links":{"self":[{"href":"https:\/\/pc.sc.gov.br\/index.php?rest_route=\/wp\/v2\/posts\/22052","targetHints":{"allow":["GET"]}}],"collection":[{"href":"https:\/\/pc.sc.gov.br\/index.php?rest_route=\/wp\/v2\/posts"}],"about":[{"href":"https:\/\/pc.sc.gov.br\/index.php?rest_route=\/wp\/v2\/types\/post"}],"author":[{"embeddable":true,"href":"https:\/\/pc.sc.gov.br\/index.php?rest_route=\/wp\/v2\/users\/5"}],"replies":[{"embeddable":true,"href":"https:\/\/pc.sc.gov.br\/index.php?rest_route=%2Fwp%2Fv2%2Fcomments&post=22052"}],"version-history":[{"count":4,"href":"https:\/\/pc.sc.gov.br\/index.php?rest_route=\/wp\/v2\/posts\/22052\/revisions"}],"predecessor-version":[{"id":22058,"href":"https:\/\/pc.sc.gov.br\/index.php?rest_route=\/wp\/v2\/posts\/22052\/revisions\/22058"}],"wp:featuredmedia":[{"embeddable":true,"href":"https:\/\/pc.sc.gov.br\/index.php?rest_route=\/wp\/v2\/media\/22055"}],"wp:attachment":[{"href":"https:\/\/pc.sc.gov.br\/index.php?rest_route=%2Fwp%2Fv2%2Fmedia&parent=22052"}],"wp:term":[{"taxonomy":"category","embeddable":true,"href":"https:\/\/pc.sc.gov.br\/index.php?rest_route=%2Fwp%2Fv2%2Fcategories&post=22052"},{"taxonomy":"post_tag","embeddable":true,"href":"https:\/\/pc.sc.gov.br\/index.php?rest_route=%2Fwp%2Fv2%2Ftags&post=22052"}],"curies":[{"name":"wp","href":"https:\/\/api.w.org\/{rel}","templated":true}]}}