{"id":22063,"date":"2024-07-23T18:31:48","date_gmt":"2024-07-23T21:31:48","guid":{"rendered":"https:\/\/pc.sc.gov.br\/?p=22063"},"modified":"2024-07-23T18:34:21","modified_gmt":"2024-07-23T21:34:21","slug":"pcsc-promove-treinamento-para-instrutores-multiplicadores-sobre-manuseio-de-fuzis-de-fabricacao-israelense","status":"publish","type":"post","link":"https:\/\/pc.sc.gov.br\/?p=22063","title":{"rendered":"PCSC promove treinamento para instrutores multiplicadores sobre manuseio de fuzis de fabrica\u00e7\u00e3o israelense"},"content":{"rendered":"\t\t<div data-elementor-type=\"wp-post\" data-elementor-id=\"22063\" class=\"elementor elementor-22063\" data-elementor-post-type=\"post\">\n\t\t\t\t\t\t<section class=\"elementor-section elementor-top-section elementor-element elementor-element-7c05824 elementor-section-boxed elementor-section-height-default elementor-section-height-default\" data-id=\"7c05824\" data-element_type=\"section\">\n\t\t\t\t\t\t<div class=\"elementor-container elementor-column-gap-default\">\n\t\t\t\t\t<div class=\"elementor-column elementor-col-100 elementor-top-column elementor-element elementor-element-fdcf9a4\" data-id=\"fdcf9a4\" data-element_type=\"column\">\n\t\t\t<div class=\"elementor-widget-wrap elementor-element-populated\">\n\t\t\t\t\t\t<div class=\"elementor-element elementor-element-4f9b460 elementor-widget elementor-widget-heading\" data-id=\"4f9b460\" data-element_type=\"widget\" data-widget_type=\"heading.default\">\n\t\t\t\t<div class=\"elementor-widget-container\">\n\t\t\t\t\t<h2 class=\"elementor-heading-title elementor-size-default\">PCSC promove treinamento de instrutores multiplicadores sobre manuseio de fuzis de fabrica\u00e7\u00e3o israelense<\/h2>\t\t\t\t<\/div>\n\t\t\t\t<\/div>\n\t\t\t\t<div class=\"elementor-element elementor-element-ce35bb9 elementor-widget elementor-widget-image\" data-id=\"ce35bb9\" data-element_type=\"widget\" data-widget_type=\"image.default\">\n\t\t\t\t<div class=\"elementor-widget-container\">\n\t\t\t\t\t\t\t\t\t\t\t\t\t\t\t<img fetchpriority=\"high\" decoding=\"async\" width=\"696\" height=\"402\" src=\"https:\/\/pc.sc.gov.br\/\/wp-content\/uploads\/2024\/07\/f75c540b-eaf5-4263-bc45-e4b6ceb3a4c4-fotor-20240723143748-1024x592.jpg\" class=\"attachment-large size-large wp-image-22060\" alt=\"\" srcset=\"https:\/\/pc.sc.gov.br\/\/wp-content\/uploads\/2024\/07\/f75c540b-eaf5-4263-bc45-e4b6ceb3a4c4-fotor-20240723143748-1024x592.jpg 1024w, https:\/\/pc.sc.gov.br\/\/wp-content\/uploads\/2024\/07\/f75c540b-eaf5-4263-bc45-e4b6ceb3a4c4-fotor-20240723143748-300x173.jpg 300w, https:\/\/pc.sc.gov.br\/\/wp-content\/uploads\/2024\/07\/f75c540b-eaf5-4263-bc45-e4b6ceb3a4c4-fotor-20240723143748-768x444.jpg 768w, https:\/\/pc.sc.gov.br\/\/wp-content\/uploads\/2024\/07\/f75c540b-eaf5-4263-bc45-e4b6ceb3a4c4-fotor-20240723143748.jpg 1334w\" sizes=\"(max-width: 696px) 100vw, 696px\" \/>\t\t\t\t\t\t\t\t\t\t\t\t\t\t\t<\/div>\n\t\t\t\t<\/div>\n\t\t\t\t\t<\/div>\n\t\t<\/div>\n\t\t\t\t\t<\/div>\n\t\t<\/section>\n\t\t\t\t<section class=\"elementor-section elementor-top-section elementor-element elementor-element-1158b85 elementor-section-boxed elementor-section-height-default elementor-section-height-default\" data-id=\"1158b85\" data-element_type=\"section\">\n\t\t\t\t\t\t<div class=\"elementor-container elementor-column-gap-default\">\n\t\t\t\t\t<div class=\"elementor-column elementor-col-100 elementor-top-column elementor-element elementor-element-89010ff\" data-id=\"89010ff\" data-element_type=\"column\">\n\t\t\t<div class=\"elementor-widget-wrap elementor-element-populated\">\n\t\t\t\t\t\t<div class=\"elementor-element elementor-element-e7d3903 elementor-widget elementor-widget-text-editor\" data-id=\"e7d3903\" data-element_type=\"widget\" data-widget_type=\"text-editor.default\">\n\t\t\t\t<div class=\"elementor-widget-container\">\n\t\t\t\t\t\t\t\t\t<p>A Pol\u00edcia Civil de Santa Catarina, por meio da Coordenadoria-Geral Operacional, realizou uma forma\u00e7\u00e3o especial para 20 instrutores multiplicadores, envolvendo conhecimento t\u00e9cnico e habilidades para o manuseio de carabinas\/fuzis ARAD, de fabrica\u00e7\u00e3o israelense. Ao todo s\u00e3o 145 fuzis que ser\u00e3o encaminhados para delegacias de pol\u00edcia de diversos munic\u00edpios catarinenses.\u00a0<\/p><p>De acordo com o Coordenador-Geral Operacional da PCSC, o Delegado Allan Antunes Marinho Leandro, o curso \u00e9 de grande import\u00e2ncia uma vez que toda a PCSC ser\u00e1 beneficiada com a multiplica\u00e7\u00e3o do conhecimento disseminado por meio dos professores.<\/p>\t\t\t\t\t\t\t\t<\/div>\n\t\t\t\t<\/div>\n\t\t\t\t\t<\/div>\n\t\t<\/div>\n\t\t\t\t\t<\/div>\n\t\t<\/section>\n\t\t\t\t<\/div>\n\t\t","protected":false},"excerpt":{"rendered":"<p>PCSC promove treinamento de instrutores multiplicadores sobre manuseio de fuzis de fabrica\u00e7\u00e3o israelense A Pol\u00edcia Civil de Santa Catarina, por meio da Coordenadoria-Geral Operacional, realizou uma forma\u00e7\u00e3o especial para 20 instrutores multiplicadores, envolvendo conhecimento t\u00e9cnico e habilidades para o manuseio de carabinas\/fuzis ARAD, de fabrica\u00e7\u00e3o israelense. Ao todo s\u00e3o 145 fuzis que ser\u00e3o encaminhados para [&hellip;]<\/p>\n","protected":false},"author":5,"featured_media":22060,"comment_status":"closed","ping_status":"open","sticky":false,"template":"","format":"standard","meta":{"_monsterinsights_skip_tracking":false,"_monsterinsights_sitenote_active":false,"_monsterinsights_sitenote_note":"","_monsterinsights_sitenote_category":0,"footnotes":""},"categories":[1],"tags":[],"class_list":["post-22063","post","type-post","status-publish","format-standard","has-post-thumbnail","hentry","category-sem-categoria"],"_links":{"self":[{"href":"https:\/\/pc.sc.gov.br\/index.php?rest_route=\/wp\/v2\/posts\/22063","targetHints":{"allow":["GET"]}}],"collection":[{"href":"https:\/\/pc.sc.gov.br\/index.php?rest_route=\/wp\/v2\/posts"}],"about":[{"href":"https:\/\/pc.sc.gov.br\/index.php?rest_route=\/wp\/v2\/types\/post"}],"author":[{"embeddable":true,"href":"https:\/\/pc.sc.gov.br\/index.php?rest_route=\/wp\/v2\/users\/5"}],"replies":[{"embeddable":true,"href":"https:\/\/pc.sc.gov.br\/index.php?rest_route=%2Fwp%2Fv2%2Fcomments&post=22063"}],"version-history":[{"count":7,"href":"https:\/\/pc.sc.gov.br\/index.php?rest_route=\/wp\/v2\/posts\/22063\/revisions"}],"predecessor-version":[{"id":22070,"href":"https:\/\/pc.sc.gov.br\/index.php?rest_route=\/wp\/v2\/posts\/22063\/revisions\/22070"}],"wp:featuredmedia":[{"embeddable":true,"href":"https:\/\/pc.sc.gov.br\/index.php?rest_route=\/wp\/v2\/media\/22060"}],"wp:attachment":[{"href":"https:\/\/pc.sc.gov.br\/index.php?rest_route=%2Fwp%2Fv2%2Fmedia&parent=22063"}],"wp:term":[{"taxonomy":"category","embeddable":true,"href":"https:\/\/pc.sc.gov.br\/index.php?rest_route=%2Fwp%2Fv2%2Fcategories&post=22063"},{"taxonomy":"post_tag","embeddable":true,"href":"https:\/\/pc.sc.gov.br\/index.php?rest_route=%2Fwp%2Fv2%2Ftags&post=22063"}],"curies":[{"name":"wp","href":"https:\/\/api.w.org\/{rel}","templated":true}]}}