{"id":22071,"date":"2024-07-24T16:43:05","date_gmt":"2024-07-24T19:43:05","guid":{"rendered":"https:\/\/pc.sc.gov.br\/?p=22071"},"modified":"2024-07-24T18:16:12","modified_gmt":"2024-07-24T21:16:12","slug":"draco-deic-deflagra-segunda-fase-da-operacao-tio-patinhas-em-12-municipios-de-sc","status":"publish","type":"post","link":"https:\/\/pc.sc.gov.br\/?p=22071","title":{"rendered":"DRACO\/DEIC deflagra segunda fase da opera\u00e7\u00e3o \u201cTio Patinhas\u201d em 12 munic\u00edpios de SC"},"content":{"rendered":"\t\t<div data-elementor-type=\"wp-post\" data-elementor-id=\"22071\" class=\"elementor elementor-22071\" data-elementor-post-type=\"post\">\n\t\t\t\t\t\t<section class=\"elementor-section elementor-top-section elementor-element elementor-element-17ed322 elementor-section-boxed elementor-section-height-default elementor-section-height-default\" data-id=\"17ed322\" data-element_type=\"section\">\n\t\t\t\t\t\t<div class=\"elementor-container elementor-column-gap-default\">\n\t\t\t\t\t<div class=\"elementor-column elementor-col-100 elementor-top-column elementor-element elementor-element-0f471a4\" data-id=\"0f471a4\" data-element_type=\"column\">\n\t\t\t<div class=\"elementor-widget-wrap elementor-element-populated\">\n\t\t\t\t\t\t<div class=\"elementor-element elementor-element-5627f82 elementor-widget elementor-widget-heading\" data-id=\"5627f82\" data-element_type=\"widget\" data-widget_type=\"heading.default\">\n\t\t\t\t<div class=\"elementor-widget-container\">\n\t\t\t\t\t<h2 class=\"elementor-heading-title elementor-size-default\">DRACO\/DEIC deflagra segunda fase da opera\u00e7\u00e3o \u201cTio Patinhas\u201d em 12 munic\u00edpios de SC<\/h2>\t\t\t\t<\/div>\n\t\t\t\t<\/div>\n\t\t\t\t\t<\/div>\n\t\t<\/div>\n\t\t\t\t\t<\/div>\n\t\t<\/section>\n\t\t\t\t<section class=\"elementor-section elementor-top-section elementor-element elementor-element-016a3a4 elementor-section-boxed elementor-section-height-default elementor-section-height-default\" data-id=\"016a3a4\" data-element_type=\"section\">\n\t\t\t\t\t\t<div class=\"elementor-container elementor-column-gap-default\">\n\t\t\t\t\t<div class=\"elementor-column elementor-col-100 elementor-top-column elementor-element elementor-element-eed9613\" data-id=\"eed9613\" data-element_type=\"column\">\n\t\t\t<div class=\"elementor-widget-wrap elementor-element-populated\">\n\t\t\t\t\t\t<div class=\"elementor-element elementor-element-7b84821 elementor-widget elementor-widget-image\" data-id=\"7b84821\" data-element_type=\"widget\" data-widget_type=\"image.default\">\n\t\t\t\t<div class=\"elementor-widget-container\">\n\t\t\t\t\t\t\t\t\t\t\t\t\t\t\t<img fetchpriority=\"high\" decoding=\"async\" width=\"696\" height=\"428\" src=\"https:\/\/pc.sc.gov.br\/\/wp-content\/uploads\/2024\/07\/53878685879_50bbd39559_k-fotor-20240724164254-1024x629.jpg\" class=\"attachment-large size-large wp-image-22088\" alt=\"\" srcset=\"https:\/\/pc.sc.gov.br\/\/wp-content\/uploads\/2024\/07\/53878685879_50bbd39559_k-fotor-20240724164254-1024x629.jpg 1024w, https:\/\/pc.sc.gov.br\/\/wp-content\/uploads\/2024\/07\/53878685879_50bbd39559_k-fotor-20240724164254-300x184.jpg 300w, https:\/\/pc.sc.gov.br\/\/wp-content\/uploads\/2024\/07\/53878685879_50bbd39559_k-fotor-20240724164254-768x472.jpg 768w, https:\/\/pc.sc.gov.br\/\/wp-content\/uploads\/2024\/07\/53878685879_50bbd39559_k-fotor-20240724164254-1536x944.jpg 1536w, https:\/\/pc.sc.gov.br\/\/wp-content\/uploads\/2024\/07\/53878685879_50bbd39559_k-fotor-20240724164254.jpg 2048w\" sizes=\"(max-width: 696px) 100vw, 696px\" \/>\t\t\t\t\t\t\t\t\t\t\t\t\t\t\t<\/div>\n\t\t\t\t<\/div>\n\t\t\t\t\t<\/div>\n\t\t<\/div>\n\t\t\t\t\t<\/div>\n\t\t<\/section>\n\t\t\t\t<section class=\"elementor-section elementor-top-section elementor-element elementor-element-54d2732 elementor-section-boxed elementor-section-height-default elementor-section-height-default\" data-id=\"54d2732\" data-element_type=\"section\">\n\t\t\t\t\t\t<div class=\"elementor-container elementor-column-gap-default\">\n\t\t\t\t\t<div class=\"elementor-column elementor-col-100 elementor-top-column elementor-element elementor-element-1810f9a\" data-id=\"1810f9a\" data-element_type=\"column\">\n\t\t\t<div class=\"elementor-widget-wrap elementor-element-populated\">\n\t\t\t\t\t\t<div class=\"elementor-element elementor-element-f16a835 elementor-widget elementor-widget-text-editor\" data-id=\"f16a835\" data-element_type=\"widget\" data-widget_type=\"text-editor.default\">\n\t\t\t\t<div class=\"elementor-widget-container\">\n\t\t\t\t\t\t\t\t\t<p>A Pol\u00edcia Civil de Santa Catarina, por meio da Delegacia de Repress\u00e3o ao Crime Organizado (DRACO\/DEIC) deflagrou nesta quarta-feira, 24, a segunda fase da opera\u00e7\u00e3o policial \u201cTio Patinhas\u201d. A a\u00e7\u00e3o foi para cumprir 70 mandados de busca e apreens\u00e3o, em desfavor de grupo criminoso investigado pela pr\u00e1tica dos crimes de tr\u00e1fico de drogas, associa\u00e7\u00e3o ao tr\u00e1fico, lavagem de dinheiro e com\u00e9rcio ilegal de armas de fogo e muni\u00e7\u00f5es.<\/p>\n<p>Durante a primeira fase da opera\u00e7\u00e3o \u201cTio Patinhas\u201d foram presos em flagrante 2 indiv\u00edduos com cerca de 40 quilos de drogas, ocasi\u00e3o em que foram apreendidos 3 ve\u00edculos que, juntos est\u00e3o avaliados em cerca de R$ 1,5 milh\u00e3o, sendo um Jaguar, uma Porsche Cayenne e um HB20. Ainda foi decretado pela a justi\u00e7a a indisponibilidade de dois im\u00f3veis.&nbsp;<\/p>\n<p>Ap\u00f3s a realiza\u00e7\u00e3o da primeira fase, com o aprofundamento das investiga\u00e7\u00f5es, foram identificados outros 45 indiv\u00edduos envolvidos nesse complexo esquema criminoso de venda de drogas, sendo ent\u00e3o deflagrada nessa quarta-feira,24, a segunda\u00aa fase da opera\u00e7\u00e3o policial com a participa\u00e7\u00e3o de cerca de 400 Policiais Civis.&nbsp;<\/p>\n<p>As equipes da DRACO\/DEIC, com o apoio de Policiais Civis da DEIC, NOC, DPGF, DPOL e DEPOI foram \u00e0s ruas para cumprir 70 mandados de busca e apreens\u00e3o e a ordem judicial de sequestro de 3 ve\u00edculos de luxo, expedidas pela 2\u00aa Vara Criminal da Comarca de Palho\u00e7a ap\u00f3s parecer favor\u00e1vel de 5\u00aa Promotoria de Justi\u00e7a de Palho\u00e7a. Os mandados foram cumpridos nas cidades de Palho\u00e7a, S\u00e3o Jos\u00e9, Florian\u00f3polis, Bigua\u00e7u, Forquilhinha, Santo Amaro da Imperatriz, Balne\u00e1rio Cambori\u00fa, Itaja\u00ed, Tubar\u00e3o, Garopaba, Rio do Sul e barra Velha.<\/p>\n<p>At\u00e9 o momento foram presos em flagrante cinco indiv\u00edduos pela pr\u00e1tica do crime de tr\u00e1fico de drogas, sendo apreendido cerca de 6 quilos de maconha. Em uma das resid\u00eancias, que no momento se encontrava vazia, ainda foi apreendida uma pistola e muni\u00e7\u00f5es.&nbsp;<span style=\"font-family: var( --e-global-typography-text-font-family ), Sans-serif; font-size: var( --e-global-typography-text-font-size );\">Os presos foram conduzidos para a DEIC para os procedimentos legais.&nbsp;<\/span><\/p>\n<p><span style=\"font-family: var( --e-global-typography-text-font-family ), Sans-serif; font-size: var( --e-global-typography-text-font-size );\">Fotos: Ricardo Wolf\/SECOM<\/span><span style=\"color: var( --e-global-color-text ); font-family: var( --e-global-typography-primary-font-family ), Sans-serif; font-size: var( --e-global-typography-primary-font-size ); font-weight: var( --e-global-typography-primary-font-weight ); letter-spacing: var( --e-global-typography-primary-letter-spacing );\">&nbsp;<\/span><\/p>\t\t\t\t\t\t\t\t<\/div>\n\t\t\t\t<\/div>\n\t\t\t\t\t<\/div>\n\t\t<\/div>\n\t\t\t\t\t<\/div>\n\t\t<\/section>\n\t\t\t\t<section class=\"elementor-section elementor-top-section elementor-element elementor-element-86f257c elementor-section-boxed elementor-section-height-default elementor-section-height-default\" data-id=\"86f257c\" data-element_type=\"section\">\n\t\t\t\t\t\t<div class=\"elementor-container elementor-column-gap-default\">\n\t\t\t\t\t<div class=\"elementor-column elementor-col-100 elementor-top-column elementor-element elementor-element-808201b\" data-id=\"808201b\" data-element_type=\"column\">\n\t\t\t<div class=\"elementor-widget-wrap elementor-element-populated\">\n\t\t\t\t\t\t<div class=\"elementor-element elementor-element-cae3c07 elementor-widget elementor-widget-image\" data-id=\"cae3c07\" data-element_type=\"widget\" data-widget_type=\"image.default\">\n\t\t\t\t<div class=\"elementor-widget-container\">\n\t\t\t\t\t\t\t\t\t\t\t\t\t\t\t<img decoding=\"async\" width=\"696\" height=\"464\" src=\"https:\/\/pc.sc.gov.br\/\/wp-content\/uploads\/2024\/07\/53878344341_e3351d6195_k-fotor-20240724164316-1024x683.jpg\" class=\"attachment-large size-large wp-image-22086\" alt=\"\" srcset=\"https:\/\/pc.sc.gov.br\/\/wp-content\/uploads\/2024\/07\/53878344341_e3351d6195_k-fotor-20240724164316-1024x683.jpg 1024w, https:\/\/pc.sc.gov.br\/\/wp-content\/uploads\/2024\/07\/53878344341_e3351d6195_k-fotor-20240724164316-300x200.jpg 300w, https:\/\/pc.sc.gov.br\/\/wp-content\/uploads\/2024\/07\/53878344341_e3351d6195_k-fotor-20240724164316-768x512.jpg 768w, https:\/\/pc.sc.gov.br\/\/wp-content\/uploads\/2024\/07\/53878344341_e3351d6195_k-fotor-20240724164316-1536x1024.jpg 1536w, https:\/\/pc.sc.gov.br\/\/wp-content\/uploads\/2024\/07\/53878344341_e3351d6195_k-fotor-20240724164316.jpg 2048w\" sizes=\"(max-width: 696px) 100vw, 696px\" \/>\t\t\t\t\t\t\t\t\t\t\t\t\t\t\t<\/div>\n\t\t\t\t<\/div>\n\t\t\t\t\t<\/div>\n\t\t<\/div>\n\t\t\t\t\t<\/div>\n\t\t<\/section>\n\t\t\t\t<\/div>\n\t\t","protected":false},"excerpt":{"rendered":"<p>DRACO\/DEIC deflagra segunda fase da opera\u00e7\u00e3o \u201cTio Patinhas\u201d em 12 munic\u00edpios de SC A Pol\u00edcia Civil de Santa Catarina, por meio da Delegacia de Repress\u00e3o ao Crime Organizado (DRACO\/DEIC) deflagrou nesta quarta-feira, 24, a segunda fase da opera\u00e7\u00e3o policial \u201cTio Patinhas\u201d. A a\u00e7\u00e3o foi para cumprir 70 mandados de busca e apreens\u00e3o, em desfavor de [&hellip;]<\/p>\n","protected":false},"author":5,"featured_media":22092,"comment_status":"closed","ping_status":"open","sticky":false,"template":"","format":"standard","meta":{"_monsterinsights_skip_tracking":false,"_monsterinsights_sitenote_active":false,"_monsterinsights_sitenote_note":"","_monsterinsights_sitenote_category":0,"footnotes":""},"categories":[1],"tags":[],"class_list":["post-22071","post","type-post","status-publish","format-standard","has-post-thumbnail","hentry","category-sem-categoria"],"_links":{"self":[{"href":"https:\/\/pc.sc.gov.br\/index.php?rest_route=\/wp\/v2\/posts\/22071","targetHints":{"allow":["GET"]}}],"collection":[{"href":"https:\/\/pc.sc.gov.br\/index.php?rest_route=\/wp\/v2\/posts"}],"about":[{"href":"https:\/\/pc.sc.gov.br\/index.php?rest_route=\/wp\/v2\/types\/post"}],"author":[{"embeddable":true,"href":"https:\/\/pc.sc.gov.br\/index.php?rest_route=\/wp\/v2\/users\/5"}],"replies":[{"embeddable":true,"href":"https:\/\/pc.sc.gov.br\/index.php?rest_route=%2Fwp%2Fv2%2Fcomments&post=22071"}],"version-history":[{"count":9,"href":"https:\/\/pc.sc.gov.br\/index.php?rest_route=\/wp\/v2\/posts\/22071\/revisions"}],"predecessor-version":[{"id":22106,"href":"https:\/\/pc.sc.gov.br\/index.php?rest_route=\/wp\/v2\/posts\/22071\/revisions\/22106"}],"wp:featuredmedia":[{"embeddable":true,"href":"https:\/\/pc.sc.gov.br\/index.php?rest_route=\/wp\/v2\/media\/22092"}],"wp:attachment":[{"href":"https:\/\/pc.sc.gov.br\/index.php?rest_route=%2Fwp%2Fv2%2Fmedia&parent=22071"}],"wp:term":[{"taxonomy":"category","embeddable":true,"href":"https:\/\/pc.sc.gov.br\/index.php?rest_route=%2Fwp%2Fv2%2Fcategories&post=22071"},{"taxonomy":"post_tag","embeddable":true,"href":"https:\/\/pc.sc.gov.br\/index.php?rest_route=%2Fwp%2Fv2%2Ftags&post=22071"}],"curies":[{"name":"wp","href":"https:\/\/api.w.org\/{rel}","templated":true}]}}