{"id":22112,"date":"2024-07-24T18:33:09","date_gmt":"2024-07-24T21:33:09","guid":{"rendered":"https:\/\/pc.sc.gov.br\/?p=22112"},"modified":"2024-07-24T18:35:19","modified_gmt":"2024-07-24T21:35:19","slug":"seguranca-publica-de-sc-apresenta-acoes-na-plenaria-regional-norte-da-facisc","status":"publish","type":"post","link":"https:\/\/pc.sc.gov.br\/?p=22112","title":{"rendered":"Seguran\u00e7a P\u00fablica de SC apresenta a\u00e7\u00f5es na plen\u00e1ria regional Norte da FACISC"},"content":{"rendered":"\t\t<div data-elementor-type=\"wp-post\" data-elementor-id=\"22112\" class=\"elementor elementor-22112\" data-elementor-post-type=\"post\">\n\t\t\t\t\t\t<section class=\"elementor-section elementor-top-section elementor-element elementor-element-af14a42 elementor-section-boxed elementor-section-height-default elementor-section-height-default\" data-id=\"af14a42\" data-element_type=\"section\">\n\t\t\t\t\t\t<div class=\"elementor-container elementor-column-gap-default\">\n\t\t\t\t\t<div class=\"elementor-column elementor-col-100 elementor-top-column elementor-element elementor-element-b549bad\" data-id=\"b549bad\" data-element_type=\"column\">\n\t\t\t<div class=\"elementor-widget-wrap elementor-element-populated\">\n\t\t\t\t\t\t<div class=\"elementor-element elementor-element-ba9e067 elementor-widget elementor-widget-heading\" data-id=\"ba9e067\" data-element_type=\"widget\" data-widget_type=\"heading.default\">\n\t\t\t\t<div class=\"elementor-widget-container\">\n\t\t\t\t\t<h2 class=\"elementor-heading-title elementor-size-default\">Seguran\u00e7a P\u00fablica de SC apresenta a\u00e7\u00f5es na plen\u00e1ria regional Norte da FACISC<\/h2>\t\t\t\t<\/div>\n\t\t\t\t<\/div>\n\t\t\t\t\t<\/div>\n\t\t<\/div>\n\t\t\t\t\t<\/div>\n\t\t<\/section>\n\t\t\t\t<section class=\"elementor-section elementor-top-section elementor-element elementor-element-1eb22c0 elementor-section-boxed elementor-section-height-default elementor-section-height-default\" data-id=\"1eb22c0\" data-element_type=\"section\">\n\t\t\t\t\t\t<div class=\"elementor-container elementor-column-gap-default\">\n\t\t\t\t\t<div class=\"elementor-column elementor-col-100 elementor-top-column elementor-element elementor-element-b668ac1\" data-id=\"b668ac1\" data-element_type=\"column\">\n\t\t\t<div class=\"elementor-widget-wrap elementor-element-populated\">\n\t\t\t\t\t\t<div class=\"elementor-element elementor-element-ce0b446 elementor-widget elementor-widget-image\" data-id=\"ce0b446\" data-element_type=\"widget\" data-widget_type=\"image.default\">\n\t\t\t\t<div class=\"elementor-widget-container\">\n\t\t\t\t\t\t\t\t\t\t\t\t\t\t\t<img fetchpriority=\"high\" decoding=\"async\" width=\"696\" height=\"364\" src=\"https:\/\/pc.sc.gov.br\/\/wp-content\/uploads\/2024\/07\/DIOGO-fotor-20240724183349-1024x535.jpg\" class=\"attachment-large size-large wp-image-22115\" alt=\"\" srcset=\"https:\/\/pc.sc.gov.br\/\/wp-content\/uploads\/2024\/07\/DIOGO-fotor-20240724183349-1024x535.jpg 1024w, https:\/\/pc.sc.gov.br\/\/wp-content\/uploads\/2024\/07\/DIOGO-fotor-20240724183349-300x157.jpg 300w, https:\/\/pc.sc.gov.br\/\/wp-content\/uploads\/2024\/07\/DIOGO-fotor-20240724183349-768x401.jpg 768w, https:\/\/pc.sc.gov.br\/\/wp-content\/uploads\/2024\/07\/DIOGO-fotor-20240724183349.jpg 1212w\" sizes=\"(max-width: 696px) 100vw, 696px\" \/>\t\t\t\t\t\t\t\t\t\t\t\t\t\t\t<\/div>\n\t\t\t\t<\/div>\n\t\t\t\t\t<\/div>\n\t\t<\/div>\n\t\t\t\t\t<\/div>\n\t\t<\/section>\n\t\t\t\t<section class=\"elementor-section elementor-top-section elementor-element elementor-element-1f6c3db elementor-section-boxed elementor-section-height-default elementor-section-height-default\" data-id=\"1f6c3db\" data-element_type=\"section\">\n\t\t\t\t\t\t<div class=\"elementor-container elementor-column-gap-default\">\n\t\t\t\t\t<div class=\"elementor-column elementor-col-100 elementor-top-column elementor-element elementor-element-e342c11\" data-id=\"e342c11\" data-element_type=\"column\">\n\t\t\t<div class=\"elementor-widget-wrap elementor-element-populated\">\n\t\t\t\t\t\t<div class=\"elementor-element elementor-element-f40104b elementor-widget elementor-widget-text-editor\" data-id=\"f40104b\" data-element_type=\"widget\" data-widget_type=\"text-editor.default\">\n\t\t\t\t<div class=\"elementor-widget-container\">\n\t\t\t\t\t\t\t\t\t<p>A Secretaria de Estado da Seguran\u00e7a P\u00fablica de Santa Catarina (SSP-SC) e as for\u00e7as de Seguran\u00e7a \u2014 Pol\u00edcia Militar, Pol\u00edcia Civil, Corpo de Bombeiros Militar e a Pol\u00edcia Cient\u00edfica \u2014 fizeram apresenta\u00e7\u00f5es de a\u00e7\u00f5es realizadas na \u00e1rea na reuni\u00e3o Plen\u00e1ria Regional Norte da Federa\u00e7\u00e3o das Associa\u00e7\u00f5es Empresariais de Santa Catarina (FACISC).<\/p>\n<p>O encontro dentro do Programa Voz \u00danica da FACISC ocorreu na ter\u00e7a-feira, 23, no Porto de Itapo\u00e1. O Secret\u00e1rio de Seguran\u00e7a P\u00fablica designado, coronel Fl\u00e1vio Graff, elencou as a\u00e7\u00f5es desenvolvidas no Estado, em especial na regi\u00e3o Norte.<\/p>\n<p>A reuni\u00e3o abordou demandas como efetivo, infraestrutura, equipamentos e viaturas. A SSP-SC tamb\u00e9m recebeu documentos com reivindica\u00e7\u00f5es das associa\u00e7\u00f5es para os munic\u00edpios e que ter\u00e3o o devido encaminhamento junto \u00e0s for\u00e7as de Seguran\u00e7a.<\/p>\n<p>\u201cFoi uma reuni\u00e3o bastante produtiva, bastante prestigiada, onde estiveram representadas todas as for\u00e7as de Seguran\u00e7a P\u00fablica de nosso Estado, tendo levado as a\u00e7\u00f5es do governo Jorginho Mello e mostrado porque Santa Catarina \u00e9 considerado o Estado mais seguro do Pa\u00eds, tendo inclusive na regional Norte uma das cidades mais seguras do Pa\u00eds\u201d, destacou o secret\u00e1rio de Seguran\u00e7a P\u00fablica.<\/p>\n<p>Em termos de equipamentos \u2013 computadores, microsc\u00f3pios, c\u00e2maras frias, videocomparadores espectrais \u2013, armamentos \u2013 armas, coletes, capacetes bal\u00edsticos, muni\u00e7\u00f5es \u2013, viaturas (77 para SC), especialmente as relacionadas ao FESP (Fundo Estadual de Seguran\u00e7a P\u00fablica), os investimentos em SC somam mais de R$ 49 milh\u00f5es no primeiro semestre de 2024.<\/p>\n<p>Em rela\u00e7\u00e3o ao efetivo, o secret\u00e1rio ressaltou que neste momento h\u00e1 500 policiais militares em curso de forma\u00e7\u00e3o; concurso em andamento na Pol\u00edcia Civil com 30 vagas para o cargo de delegado e 30 vagas para o cargo de Psic\u00f3logo; e para a Pol\u00edcia Cient\u00edfica foram recentemente empossados 36 peritos e 7 agentes de per\u00edcia M\u00e9dico-Legal.<\/p>\n<p>Fortalecimento de la\u00e7os com a classe empresarial<\/p>\n<p>A plen\u00e1ria teve o objetivo de fortalecimento de la\u00e7os entre a classe empresarial e o poder p\u00fablico, visando influenciar positivamente as decis\u00f5es governamentais em prol do bem-estar e o crescimento coletivo, informou a FACISC.<\/p>\n<p>Participaram presidentes, diretores e executivos das associa\u00e7\u00f5es empresariais de Araquari, Corup\u00e1, Garuva, Guaramirim, Itapo\u00e1, Jaragu\u00e1 do Sul, Joinville, Massaranduba, Schroeder e S\u00e3o Francisco do Sul.<\/p>\n<p>Pela Seguran\u00e7a P\u00fablica tamb\u00e9m estiveram presentes o comandante-geral do Corpo de Bombeiros Militar de SC, coronel Fabiano Bastos das Neves; o comandante do 5\u00ba Comando Regional de Pol\u00edcia Militar em Joinville, coronel Marcio Leandro Reisdorfer; o diretor de Pol\u00edcia do Litoral da Pol\u00edcia Civil, delegado F\u00e1bio Os\u00f3rio; o delegado Vinicius Ferreira representando a Delegacia Regional de Joinville; o Perito Criminal Iury Nunes Lopes, representando a Superintend\u00eancia regional da Pol\u00edcia Cient\u00edfica de Joinville, entre outros.<span style=\"color: var( --e-global-color-text ); font-family: var( --e-global-typography-primary-font-family ), Sans-serif; font-size: var( --e-global-typography-primary-font-size ); font-weight: var( --e-global-typography-primary-font-weight ); letter-spacing: var( --e-global-typography-primary-letter-spacing );\">&nbsp;<\/span><\/p>\t\t\t\t\t\t\t\t<\/div>\n\t\t\t\t<\/div>\n\t\t\t\t\t<\/div>\n\t\t<\/div>\n\t\t\t\t\t<\/div>\n\t\t<\/section>\n\t\t\t\t<\/div>\n\t\t","protected":false},"excerpt":{"rendered":"<p>Seguran\u00e7a P\u00fablica de SC apresenta a\u00e7\u00f5es na plen\u00e1ria regional Norte da FACISC A Secretaria de Estado da Seguran\u00e7a P\u00fablica de Santa Catarina (SSP-SC) e as for\u00e7as de Seguran\u00e7a \u2014 Pol\u00edcia Militar, Pol\u00edcia Civil, Corpo de Bombeiros Militar e a Pol\u00edcia Cient\u00edfica \u2014 fizeram apresenta\u00e7\u00f5es de a\u00e7\u00f5es realizadas na \u00e1rea na reuni\u00e3o Plen\u00e1ria Regional Norte da [&hellip;]<\/p>\n","protected":false},"author":5,"featured_media":22113,"comment_status":"closed","ping_status":"open","sticky":false,"template":"","format":"standard","meta":{"_monsterinsights_skip_tracking":false,"_monsterinsights_sitenote_active":false,"_monsterinsights_sitenote_note":"","_monsterinsights_sitenote_category":0,"footnotes":""},"categories":[1],"tags":[],"class_list":["post-22112","post","type-post","status-publish","format-standard","has-post-thumbnail","hentry","category-sem-categoria"],"_links":{"self":[{"href":"https:\/\/pc.sc.gov.br\/index.php?rest_route=\/wp\/v2\/posts\/22112","targetHints":{"allow":["GET"]}}],"collection":[{"href":"https:\/\/pc.sc.gov.br\/index.php?rest_route=\/wp\/v2\/posts"}],"about":[{"href":"https:\/\/pc.sc.gov.br\/index.php?rest_route=\/wp\/v2\/types\/post"}],"author":[{"embeddable":true,"href":"https:\/\/pc.sc.gov.br\/index.php?rest_route=\/wp\/v2\/users\/5"}],"replies":[{"embeddable":true,"href":"https:\/\/pc.sc.gov.br\/index.php?rest_route=%2Fwp%2Fv2%2Fcomments&post=22112"}],"version-history":[{"count":4,"href":"https:\/\/pc.sc.gov.br\/index.php?rest_route=\/wp\/v2\/posts\/22112\/revisions"}],"predecessor-version":[{"id":22118,"href":"https:\/\/pc.sc.gov.br\/index.php?rest_route=\/wp\/v2\/posts\/22112\/revisions\/22118"}],"wp:featuredmedia":[{"embeddable":true,"href":"https:\/\/pc.sc.gov.br\/index.php?rest_route=\/wp\/v2\/media\/22113"}],"wp:attachment":[{"href":"https:\/\/pc.sc.gov.br\/index.php?rest_route=%2Fwp%2Fv2%2Fmedia&parent=22112"}],"wp:term":[{"taxonomy":"category","embeddable":true,"href":"https:\/\/pc.sc.gov.br\/index.php?rest_route=%2Fwp%2Fv2%2Fcategories&post=22112"},{"taxonomy":"post_tag","embeddable":true,"href":"https:\/\/pc.sc.gov.br\/index.php?rest_route=%2Fwp%2Fv2%2Ftags&post=22112"}],"curies":[{"name":"wp","href":"https:\/\/api.w.org\/{rel}","templated":true}]}}