{"id":22119,"date":"2024-07-24T19:01:08","date_gmt":"2024-07-24T22:01:08","guid":{"rendered":"https:\/\/pc.sc.gov.br\/?p=22119"},"modified":"2024-07-24T19:03:10","modified_gmt":"2024-07-24T22:03:10","slug":"pcsc-cumpre-mandados-de-busca-em-blumenau-e-bombinhas-em-investigacao-que-apura-crime-de-racismo","status":"publish","type":"post","link":"https:\/\/pc.sc.gov.br\/?p=22119","title":{"rendered":"PCSC cumpre mandados de busca em Blumenau e Bombinhas em investiga\u00e7\u00e3o que apura crime de racismo"},"content":{"rendered":"\t\t<div data-elementor-type=\"wp-post\" data-elementor-id=\"22119\" class=\"elementor elementor-22119\" data-elementor-post-type=\"post\">\n\t\t\t\t\t\t<section class=\"elementor-section elementor-top-section elementor-element elementor-element-ba49b40 elementor-section-boxed elementor-section-height-default elementor-section-height-default\" data-id=\"ba49b40\" data-element_type=\"section\">\n\t\t\t\t\t\t<div class=\"elementor-container elementor-column-gap-default\">\n\t\t\t\t\t<div class=\"elementor-column elementor-col-100 elementor-top-column elementor-element elementor-element-dda48b0\" data-id=\"dda48b0\" data-element_type=\"column\">\n\t\t\t<div class=\"elementor-widget-wrap elementor-element-populated\">\n\t\t\t\t\t\t<div class=\"elementor-element elementor-element-c4502d4 elementor-widget elementor-widget-heading\" data-id=\"c4502d4\" data-element_type=\"widget\" data-widget_type=\"heading.default\">\n\t\t\t\t<div class=\"elementor-widget-container\">\n\t\t\t\t\t<h2 class=\"elementor-heading-title elementor-size-default\">Pol\u00edcia Civil de Santa Catarina cumpre mandados de busca em Blumenau e Bombinhas em investiga\u00e7\u00e3o que apura crime de racismo<\/h2>\t\t\t\t<\/div>\n\t\t\t\t<\/div>\n\t\t\t\t\t<\/div>\n\t\t<\/div>\n\t\t\t\t\t<\/div>\n\t\t<\/section>\n\t\t\t\t<section class=\"elementor-section elementor-top-section elementor-element elementor-element-2eb50f8 elementor-section-boxed elementor-section-height-default elementor-section-height-default\" data-id=\"2eb50f8\" data-element_type=\"section\">\n\t\t\t\t\t\t<div class=\"elementor-container elementor-column-gap-default\">\n\t\t\t\t\t<div class=\"elementor-column elementor-col-100 elementor-top-column elementor-element elementor-element-5cd5fcb\" data-id=\"5cd5fcb\" data-element_type=\"column\">\n\t\t\t<div class=\"elementor-widget-wrap elementor-element-populated\">\n\t\t\t\t\t\t<div class=\"elementor-element elementor-element-e6793f0 elementor-widget elementor-widget-image\" data-id=\"e6793f0\" data-element_type=\"widget\" data-widget_type=\"image.default\">\n\t\t\t\t<div class=\"elementor-widget-container\">\n\t\t\t\t\t\t\t\t\t\t\t\t\t\t\t<img fetchpriority=\"high\" decoding=\"async\" width=\"696\" height=\"626\" src=\"https:\/\/pc.sc.gov.br\/\/wp-content\/uploads\/2024\/07\/cc1ca84f-328a-48b1-affb-ca56f5271f9a-fotor-2024072419055-1.jpg\" class=\"attachment-large size-large wp-image-22121\" alt=\"\" srcset=\"https:\/\/pc.sc.gov.br\/\/wp-content\/uploads\/2024\/07\/cc1ca84f-328a-48b1-affb-ca56f5271f9a-fotor-2024072419055-1.jpg 899w, https:\/\/pc.sc.gov.br\/\/wp-content\/uploads\/2024\/07\/cc1ca84f-328a-48b1-affb-ca56f5271f9a-fotor-2024072419055-1-300x270.jpg 300w, https:\/\/pc.sc.gov.br\/\/wp-content\/uploads\/2024\/07\/cc1ca84f-328a-48b1-affb-ca56f5271f9a-fotor-2024072419055-1-768x691.jpg 768w\" sizes=\"(max-width: 696px) 100vw, 696px\" \/>\t\t\t\t\t\t\t\t\t\t\t\t\t\t\t<\/div>\n\t\t\t\t<\/div>\n\t\t\t\t\t<\/div>\n\t\t<\/div>\n\t\t\t\t\t<\/div>\n\t\t<\/section>\n\t\t\t\t<section class=\"elementor-section elementor-top-section elementor-element elementor-element-0b8a813 elementor-section-boxed elementor-section-height-default elementor-section-height-default\" data-id=\"0b8a813\" data-element_type=\"section\">\n\t\t\t\t\t\t<div class=\"elementor-container elementor-column-gap-default\">\n\t\t\t\t\t<div class=\"elementor-column elementor-col-100 elementor-top-column elementor-element elementor-element-da8e4f2\" data-id=\"da8e4f2\" data-element_type=\"column\">\n\t\t\t<div class=\"elementor-widget-wrap elementor-element-populated\">\n\t\t\t\t\t\t<div class=\"elementor-element elementor-element-240469a elementor-widget elementor-widget-text-editor\" data-id=\"240469a\" data-element_type=\"widget\" data-widget_type=\"text-editor.default\">\n\t\t\t\t<div class=\"elementor-widget-container\">\n\t\t\t\t\t\t\t\t\t<p><span style=\"font-family: var( --e-global-typography-text-font-family ), Sans-serif; font-size: var( --e-global-typography-text-font-size );\">A Pol\u00edcia Civil de Santa Catarina, por interm\u00e9dio da Delegacia de Pol\u00edcia do Munic\u00edpio de Bombinhas e com o apoio de policiais civis do Departamento de Investiga\u00e7\u00e3o Criminal &#8211; DIC e da Delegacia Regional de Blumenau, deu cumprimento a dois mandados de busca e apreens\u00e3o em uma investiga\u00e7\u00e3o que apura a pr\u00e1tica dos crimes de racismo e picha\u00e7\u00e3o, ocorridos na cidade de Bombinhas.&nbsp;<\/span><\/p>\n<p>No come\u00e7o da semana passada um homem foi flagrado por c\u00e2meras de seguran\u00e7a pichando \u201cmate judeus\u201d em diversos im\u00f3veis na praia de Morrinhos, em Bombinhas\/SC. A investiga\u00e7\u00e3o do caso ficou a cargo da pol\u00edcia civil do munic\u00edpio. Os policiais identificaram o suspeito e descobriram o seu endere\u00e7o na cidade. Apuraram ainda que naquela mesma madrugada ele havia fugido para cidade de Blumenau, sendo que foi levantando o endere\u00e7o tamb\u00e9m naquele munic\u00edpio no bairro Garcia.<\/p>\n<p>Com essas informa\u00e7\u00f5es em m\u00e3os, o delegado respons\u00e1vel pelo caso representou pela expedi\u00e7\u00e3o de mandados de busca e apreens\u00e3o nos endere\u00e7os identificados O pedido teve parecer favor\u00e1vel do Minist\u00e9rio P\u00fablico e foi deferido pelo Poder Judici\u00e1rio.<\/p>\n<p>Em uma a\u00e7\u00e3o coordenada, na tarde de hoje policiais civis da delegacia de Bombinhas, do DIC e DRP de Blumenau deram cumprimento aos respectivos mandados. Na resid\u00eancia em Bombinhas, foi localizado uma porta com picha\u00e7\u00f5es, a qual foi apreendida para per\u00edcia. Na cidade de Blumenau o alvo foi localizado e com ele apreendidos o seu telefone celular e um computador.<\/p>\n<p>O acusado est\u00e1 sendo investigado pela pr\u00e1tica de ao menos quatro crimes de racismo, em continuidade delitiva, bem como o crime de picha\u00e7\u00e3o previsto na lei de crimes ambientais.<\/p>\n<p>Na \u00faltima sexta feira, os locais pichados pelo suspeito foram periciados pela Pol\u00edcia Cient\u00edfica, que, dentre outros exames, analisar\u00e1 a tinta usada e a grafia do acusado. A porta apreendida na casa dele servir\u00e1 como material para compara\u00e7\u00e3o.<\/p>\n<p>O inqu\u00e9rito ser\u00e1 finalizado nos pr\u00f3ximos dias e encaminhado ao Minist\u00e9rio P\u00fablico e ao Poder Judici\u00e1rio.<\/p>\n<div>&nbsp;<\/div>\t\t\t\t\t\t\t\t<\/div>\n\t\t\t\t<\/div>\n\t\t\t\t\t<\/div>\n\t\t<\/div>\n\t\t\t\t\t<\/div>\n\t\t<\/section>\n\t\t\t\t<\/div>\n\t\t","protected":false},"excerpt":{"rendered":"<p>Pol\u00edcia Civil de Santa Catarina cumpre mandados de busca em Blumenau e Bombinhas em investiga\u00e7\u00e3o que apura crime de racismo A Pol\u00edcia Civil de Santa Catarina, por interm\u00e9dio da Delegacia de Pol\u00edcia do Munic\u00edpio de Bombinhas e com o apoio de policiais civis do Departamento de Investiga\u00e7\u00e3o Criminal &#8211; DIC e da Delegacia Regional de [&hellip;]<\/p>\n","protected":false},"author":5,"featured_media":22121,"comment_status":"closed","ping_status":"open","sticky":false,"template":"","format":"standard","meta":{"_monsterinsights_skip_tracking":false,"_monsterinsights_sitenote_active":false,"_monsterinsights_sitenote_note":"","_monsterinsights_sitenote_category":0,"footnotes":""},"categories":[1],"tags":[],"class_list":["post-22119","post","type-post","status-publish","format-standard","has-post-thumbnail","hentry","category-sem-categoria"],"_links":{"self":[{"href":"https:\/\/pc.sc.gov.br\/index.php?rest_route=\/wp\/v2\/posts\/22119","targetHints":{"allow":["GET"]}}],"collection":[{"href":"https:\/\/pc.sc.gov.br\/index.php?rest_route=\/wp\/v2\/posts"}],"about":[{"href":"https:\/\/pc.sc.gov.br\/index.php?rest_route=\/wp\/v2\/types\/post"}],"author":[{"embeddable":true,"href":"https:\/\/pc.sc.gov.br\/index.php?rest_route=\/wp\/v2\/users\/5"}],"replies":[{"embeddable":true,"href":"https:\/\/pc.sc.gov.br\/index.php?rest_route=%2Fwp%2Fv2%2Fcomments&post=22119"}],"version-history":[{"count":3,"href":"https:\/\/pc.sc.gov.br\/index.php?rest_route=\/wp\/v2\/posts\/22119\/revisions"}],"predecessor-version":[{"id":22124,"href":"https:\/\/pc.sc.gov.br\/index.php?rest_route=\/wp\/v2\/posts\/22119\/revisions\/22124"}],"wp:featuredmedia":[{"embeddable":true,"href":"https:\/\/pc.sc.gov.br\/index.php?rest_route=\/wp\/v2\/media\/22121"}],"wp:attachment":[{"href":"https:\/\/pc.sc.gov.br\/index.php?rest_route=%2Fwp%2Fv2%2Fmedia&parent=22119"}],"wp:term":[{"taxonomy":"category","embeddable":true,"href":"https:\/\/pc.sc.gov.br\/index.php?rest_route=%2Fwp%2Fv2%2Fcategories&post=22119"},{"taxonomy":"post_tag","embeddable":true,"href":"https:\/\/pc.sc.gov.br\/index.php?rest_route=%2Fwp%2Fv2%2Ftags&post=22119"}],"curies":[{"name":"wp","href":"https:\/\/api.w.org\/{rel}","templated":true}]}}