{"id":22136,"date":"2024-07-25T18:16:34","date_gmt":"2024-07-25T21:16:34","guid":{"rendered":"https:\/\/pc.sc.gov.br\/?p=22136"},"modified":"2024-07-25T18:17:36","modified_gmt":"2024-07-25T21:17:36","slug":"em-guaramirim-forca-tarefa-da-pcsc-prende-suspeito-de-homicidio-ocorrido-em-2020-em-sao-francisco-do-sul","status":"publish","type":"post","link":"https:\/\/pc.sc.gov.br\/?p=22136","title":{"rendered":"Em Guaramirim, for\u00e7a-tarefa da PCSC prende suspeito de homic\u00eddio ocorrido em 2020, em S\u00e3o Francisco do Sul"},"content":{"rendered":"\t\t<div data-elementor-type=\"wp-post\" data-elementor-id=\"22136\" class=\"elementor elementor-22136\" data-elementor-post-type=\"post\">\n\t\t\t\t\t\t<section class=\"elementor-section elementor-top-section elementor-element elementor-element-ed99d47 elementor-section-boxed elementor-section-height-default elementor-section-height-default\" data-id=\"ed99d47\" data-element_type=\"section\">\n\t\t\t\t\t\t<div class=\"elementor-container elementor-column-gap-default\">\n\t\t\t\t\t<div class=\"elementor-column elementor-col-100 elementor-top-column elementor-element elementor-element-cdefd6a\" data-id=\"cdefd6a\" data-element_type=\"column\">\n\t\t\t<div class=\"elementor-widget-wrap elementor-element-populated\">\n\t\t\t\t\t\t<div class=\"elementor-element elementor-element-07b54a2 elementor-widget elementor-widget-heading\" data-id=\"07b54a2\" data-element_type=\"widget\" data-widget_type=\"heading.default\">\n\t\t\t\t<div class=\"elementor-widget-container\">\n\t\t\t\t\t<h2 class=\"elementor-heading-title elementor-size-default\">Em Guaramirim, for\u00e7a-tarefa da PCSC prende suspeito de homic\u00eddio ocorrido em 2020, em S\u00e3o Francisco do Sul<\/h2>\t\t\t\t<\/div>\n\t\t\t\t<\/div>\n\t\t\t\t\t<\/div>\n\t\t<\/div>\n\t\t\t\t\t<\/div>\n\t\t<\/section>\n\t\t\t\t<section class=\"elementor-section elementor-top-section elementor-element elementor-element-272eca6 elementor-section-boxed elementor-section-height-default elementor-section-height-default\" data-id=\"272eca6\" data-element_type=\"section\">\n\t\t\t\t\t\t<div class=\"elementor-container elementor-column-gap-default\">\n\t\t\t\t\t<div class=\"elementor-column elementor-col-100 elementor-top-column elementor-element elementor-element-2069ee2\" data-id=\"2069ee2\" data-element_type=\"column\">\n\t\t\t<div class=\"elementor-widget-wrap elementor-element-populated\">\n\t\t\t\t\t\t<div class=\"elementor-element elementor-element-de1bb29 elementor-widget elementor-widget-image\" data-id=\"de1bb29\" data-element_type=\"widget\" data-widget_type=\"image.default\">\n\t\t\t\t<div class=\"elementor-widget-container\">\n\t\t\t\t\t\t\t\t\t\t\t\t\t\t\t<img fetchpriority=\"high\" decoding=\"async\" width=\"696\" height=\"583\" src=\"https:\/\/pc.sc.gov.br\/\/wp-content\/uploads\/2024\/07\/52798047036_d7bc95aaed_k-fotor-20231101135311-2.jpg\" class=\"attachment-large size-large wp-image-22137\" alt=\"\" srcset=\"https:\/\/pc.sc.gov.br\/\/wp-content\/uploads\/2024\/07\/52798047036_d7bc95aaed_k-fotor-20231101135311-2.jpg 961w, https:\/\/pc.sc.gov.br\/\/wp-content\/uploads\/2024\/07\/52798047036_d7bc95aaed_k-fotor-20231101135311-2-300x251.jpg 300w, https:\/\/pc.sc.gov.br\/\/wp-content\/uploads\/2024\/07\/52798047036_d7bc95aaed_k-fotor-20231101135311-2-768x643.jpg 768w\" sizes=\"(max-width: 696px) 100vw, 696px\" \/>\t\t\t\t\t\t\t\t\t\t\t\t\t\t\t<\/div>\n\t\t\t\t<\/div>\n\t\t\t\t\t<\/div>\n\t\t<\/div>\n\t\t\t\t\t<\/div>\n\t\t<\/section>\n\t\t\t\t<section class=\"elementor-section elementor-top-section elementor-element elementor-element-7651a74 elementor-section-boxed elementor-section-height-default elementor-section-height-default\" data-id=\"7651a74\" data-element_type=\"section\">\n\t\t\t\t\t\t<div class=\"elementor-container elementor-column-gap-default\">\n\t\t\t\t\t<div class=\"elementor-column elementor-col-100 elementor-top-column elementor-element elementor-element-610117b\" data-id=\"610117b\" data-element_type=\"column\">\n\t\t\t<div class=\"elementor-widget-wrap elementor-element-populated\">\n\t\t\t\t\t\t<div class=\"elementor-element elementor-element-1867c0d elementor-widget elementor-widget-text-editor\" data-id=\"1867c0d\" data-element_type=\"widget\" data-widget_type=\"text-editor.default\">\n\t\t\t\t<div class=\"elementor-widget-container\">\n\t\t\t\t\t\t\t\t\t<p>A Pol\u00edcia Civil de Santa Catarina, por meio da for\u00e7a-tarefa que atua em S\u00e3o Francisco do Sul para investigar crimes contra a vida, composta pelas equipes da Delegacia de Furtos e Roubos de Cargas (DFRC\/DEIC) e DIC de Blumenau, cumpriram na cidade de Guaramirim, mandado de pris\u00e3o contra investigado por homic\u00eddio e oculta\u00e7\u00e3o de cad\u00e1ver ocorrido em 02\/11\/2020.&nbsp;<\/p>\n<p>O corpo da v\u00edtima foi transladado at\u00e9 a Praia do Ervino e o cad\u00e1ver ocultado na vegeta\u00e7\u00e3o, sendo encontrado somente no 09\/11\/2020, j\u00e1 em estado de decomposi\u00e7\u00e3o e identificada dias depois.<\/p>\n<p>As investiga\u00e7\u00f5es apontam que a v\u00edtima foi assassinada com golpes de faca, e um dos envolvidos no crime foi assassinado no dia 28\/11\/2020, tamb\u00e9m na cidade de S\u00e3o Francisco do Sul. As dilig\u00eancias realizadas pela equipe da for\u00e7a-tarefa reuniram ind\u00edcios da participa\u00e7\u00e3o do homem que foi preso hoje, 25, no crime, sendo prontamente deferido o mandado de pris\u00e3o, ap\u00f3s manifesta\u00e7\u00e3o favor\u00e1vel do Minist\u00e9rio P\u00fablico.<\/p>\n<p>O homem possui antecedentes criminais pela pr\u00e1tica do crime de tr\u00e1fico de drogas, e na \u00e9poca do crime estava foragido da justi\u00e7a. Os trabalhos de investiga\u00e7\u00e3o prosseguem para a conclus\u00e3o do Inqu\u00e9rito Policial e responsabiliza\u00e7\u00e3o de todos os envolvidos no crime.<\/p>\n<p><b>Den\u00fancias e informa\u00e7\u00f5es podem ser realizadas atrav\u00e9s do 181 da POL\u00cdCIA CIVIL, sendo garantido o anonimato.<\/b><\/p>\t\t\t\t\t\t\t\t<\/div>\n\t\t\t\t<\/div>\n\t\t\t\t\t<\/div>\n\t\t<\/div>\n\t\t\t\t\t<\/div>\n\t\t<\/section>\n\t\t\t\t<\/div>\n\t\t","protected":false},"excerpt":{"rendered":"<p>Em Guaramirim, for\u00e7a-tarefa da PCSC prende suspeito de homic\u00eddio ocorrido em 2020, em S\u00e3o Francisco do Sul A Pol\u00edcia Civil de Santa Catarina, por meio da for\u00e7a-tarefa que atua em S\u00e3o Francisco do Sul para investigar crimes contra a vida, composta pelas equipes da Delegacia de Furtos e Roubos de Cargas (DFRC\/DEIC) e DIC de [&hellip;]<\/p>\n","protected":false},"author":5,"featured_media":22137,"comment_status":"closed","ping_status":"open","sticky":false,"template":"","format":"standard","meta":{"_monsterinsights_skip_tracking":false,"_monsterinsights_sitenote_active":false,"_monsterinsights_sitenote_note":"","_monsterinsights_sitenote_category":0,"footnotes":""},"categories":[1],"tags":[],"class_list":["post-22136","post","type-post","status-publish","format-standard","has-post-thumbnail","hentry","category-sem-categoria"],"_links":{"self":[{"href":"https:\/\/pc.sc.gov.br\/index.php?rest_route=\/wp\/v2\/posts\/22136","targetHints":{"allow":["GET"]}}],"collection":[{"href":"https:\/\/pc.sc.gov.br\/index.php?rest_route=\/wp\/v2\/posts"}],"about":[{"href":"https:\/\/pc.sc.gov.br\/index.php?rest_route=\/wp\/v2\/types\/post"}],"author":[{"embeddable":true,"href":"https:\/\/pc.sc.gov.br\/index.php?rest_route=\/wp\/v2\/users\/5"}],"replies":[{"embeddable":true,"href":"https:\/\/pc.sc.gov.br\/index.php?rest_route=%2Fwp%2Fv2%2Fcomments&post=22136"}],"version-history":[{"count":4,"href":"https:\/\/pc.sc.gov.br\/index.php?rest_route=\/wp\/v2\/posts\/22136\/revisions"}],"predecessor-version":[{"id":22141,"href":"https:\/\/pc.sc.gov.br\/index.php?rest_route=\/wp\/v2\/posts\/22136\/revisions\/22141"}],"wp:featuredmedia":[{"embeddable":true,"href":"https:\/\/pc.sc.gov.br\/index.php?rest_route=\/wp\/v2\/media\/22137"}],"wp:attachment":[{"href":"https:\/\/pc.sc.gov.br\/index.php?rest_route=%2Fwp%2Fv2%2Fmedia&parent=22136"}],"wp:term":[{"taxonomy":"category","embeddable":true,"href":"https:\/\/pc.sc.gov.br\/index.php?rest_route=%2Fwp%2Fv2%2Fcategories&post=22136"},{"taxonomy":"post_tag","embeddable":true,"href":"https:\/\/pc.sc.gov.br\/index.php?rest_route=%2Fwp%2Fv2%2Ftags&post=22136"}],"curies":[{"name":"wp","href":"https:\/\/api.w.org\/{rel}","templated":true}]}}