{"id":22142,"date":"2024-07-26T17:46:24","date_gmt":"2024-07-26T20:46:24","guid":{"rendered":"https:\/\/pc.sc.gov.br\/?p=22142"},"modified":"2024-07-26T17:55:38","modified_gmt":"2024-07-26T20:55:38","slug":"pcsc-212-anos-acadepol-promove-debate-sobre-tendencias-e-jurisprudencia-sobre-a-atividade-de-policia-judiciaria","status":"publish","type":"post","link":"https:\/\/pc.sc.gov.br\/?p=22142","title":{"rendered":"PCSC 212 anos: Acadepol promove debate sobre tend\u00eancias e jurisprud\u00eancia sobre a atividade de Pol\u00edcia Judici\u00e1ria"},"content":{"rendered":"\t\t<div data-elementor-type=\"wp-post\" data-elementor-id=\"22142\" class=\"elementor elementor-22142\" data-elementor-post-type=\"post\">\n\t\t\t\t\t\t<section class=\"elementor-section elementor-top-section elementor-element elementor-element-d157093 elementor-section-boxed elementor-section-height-default elementor-section-height-default\" data-id=\"d157093\" data-element_type=\"section\">\n\t\t\t\t\t\t<div class=\"elementor-container elementor-column-gap-default\">\n\t\t\t\t\t<div class=\"elementor-column elementor-col-100 elementor-top-column elementor-element elementor-element-a7df57b\" data-id=\"a7df57b\" data-element_type=\"column\">\n\t\t\t<div class=\"elementor-widget-wrap elementor-element-populated\">\n\t\t\t\t\t\t<div class=\"elementor-element elementor-element-0277542 elementor-widget elementor-widget-heading\" data-id=\"0277542\" data-element_type=\"widget\" data-widget_type=\"heading.default\">\n\t\t\t\t<div class=\"elementor-widget-container\">\n\t\t\t\t\t<h2 class=\"elementor-heading-title elementor-size-default\">Acadepol promove debate sobre tend\u00eancias e jurisprud\u00eancia sobre a atividade de Pol\u00edcia Judici\u00e1ria<\/h2>\t\t\t\t<\/div>\n\t\t\t\t<\/div>\n\t\t\t\t\t<\/div>\n\t\t<\/div>\n\t\t\t\t\t<\/div>\n\t\t<\/section>\n\t\t\t\t<section class=\"elementor-section elementor-top-section elementor-element elementor-element-e982a96 elementor-section-boxed elementor-section-height-default elementor-section-height-default\" data-id=\"e982a96\" data-element_type=\"section\">\n\t\t\t\t\t\t<div class=\"elementor-container elementor-column-gap-default\">\n\t\t\t\t\t<div class=\"elementor-column elementor-col-100 elementor-top-column elementor-element elementor-element-418d09e\" data-id=\"418d09e\" data-element_type=\"column\">\n\t\t\t<div class=\"elementor-widget-wrap elementor-element-populated\">\n\t\t\t\t\t\t<div class=\"elementor-element elementor-element-605232b elementor-widget elementor-widget-image\" data-id=\"605232b\" data-element_type=\"widget\" data-widget_type=\"image.default\">\n\t\t\t\t<div class=\"elementor-widget-container\">\n\t\t\t\t\t\t\t\t\t\t\t\t\t\t\t<img fetchpriority=\"high\" decoding=\"async\" width=\"696\" height=\"260\" src=\"https:\/\/pc.sc.gov.br\/\/wp-content\/uploads\/2024\/07\/803e0410-c2cc-4cb0-815f-3bba7e3b8ecb-fotor-20240726174341-1024x382.jpg\" class=\"attachment-large size-large wp-image-22143\" alt=\"\" srcset=\"https:\/\/pc.sc.gov.br\/\/wp-content\/uploads\/2024\/07\/803e0410-c2cc-4cb0-815f-3bba7e3b8ecb-fotor-20240726174341-1024x382.jpg 1024w, https:\/\/pc.sc.gov.br\/\/wp-content\/uploads\/2024\/07\/803e0410-c2cc-4cb0-815f-3bba7e3b8ecb-fotor-20240726174341-300x112.jpg 300w, https:\/\/pc.sc.gov.br\/\/wp-content\/uploads\/2024\/07\/803e0410-c2cc-4cb0-815f-3bba7e3b8ecb-fotor-20240726174341-768x286.jpg 768w, https:\/\/pc.sc.gov.br\/\/wp-content\/uploads\/2024\/07\/803e0410-c2cc-4cb0-815f-3bba7e3b8ecb-fotor-20240726174341.jpg 1520w\" sizes=\"(max-width: 696px) 100vw, 696px\" \/>\t\t\t\t\t\t\t\t\t\t\t\t\t\t\t<\/div>\n\t\t\t\t<\/div>\n\t\t\t\t\t<\/div>\n\t\t<\/div>\n\t\t\t\t\t<\/div>\n\t\t<\/section>\n\t\t\t\t<section class=\"elementor-section elementor-top-section elementor-element elementor-element-4ea5f3f elementor-section-boxed elementor-section-height-default elementor-section-height-default\" data-id=\"4ea5f3f\" data-element_type=\"section\">\n\t\t\t\t\t\t<div class=\"elementor-container elementor-column-gap-default\">\n\t\t\t\t\t<div class=\"elementor-column elementor-col-100 elementor-top-column elementor-element elementor-element-42b9932\" data-id=\"42b9932\" data-element_type=\"column\">\n\t\t\t<div class=\"elementor-widget-wrap elementor-element-populated\">\n\t\t\t\t\t\t<div class=\"elementor-element elementor-element-072379a elementor-widget elementor-widget-text-editor\" data-id=\"072379a\" data-element_type=\"widget\" data-widget_type=\"text-editor.default\">\n\t\t\t\t<div class=\"elementor-widget-container\">\n\t\t\t\t\t\t\t\t\t<p style=\"font-weight: 400; letter-spacing: -0.2px;\">Em comemora\u00e7\u00e3o aos 212 anos da Pol\u00edcia Civil de Santa Catarina, a Acadepol promoveu nesta sexta-feira, 26, em Florian\u00f3polis, mais uma edi\u00e7\u00e3o do programa Di\u00e1logos Interinstitucional &#8211; Tend\u00eancias e Jurisprud\u00eancia sobre a atividade de Pol\u00edcia Judici\u00e1ria. As palestras foram ministradas pelo Procurador de Justi\u00e7a do MPSC, Andreas Eisele e pelo Ministro do Superior Tribunal de Justi\u00e7a (STJ), Joel Ilan Paciornik.<\/p><p style=\"font-weight: 400; letter-spacing: -0.2px;\">Na abertura do evento, o diretor da Acadepol, delegado Andr\u00e9 Bermudez, destacou que a Academia, com o apoio do delegado-geral, Ulisses Gabriel, tem promovido cursos em \u00e1reas estrat\u00e9gicas de atua\u00e7\u00e3o da PCSC. \u201cNesse conjunto de a\u00e7\u00f5es que est\u00e3o sendo desenvolvidas em prol da valoriza\u00e7\u00e3o dos nossos policiais temos um olhar especial na capacita\u00e7\u00e3o dos servidores\u201d.<\/p><p style=\"font-weight: 400; letter-spacing: -0.2px;\">O promotor do MPSC, Andreas Eisele, discorreu sobre ingresso em domic\u00edlio, coleta de provas, investiga\u00e7\u00e3o e a import\u00e2ncia da audi\u00eancia de cust\u00f3dia. \u201cO desafio da atividade policial \u00e9 alcan\u00e7ar o equil\u00edbrio entre o rigor processual e a efici\u00eancia\u201d, assinalou o promotor do MPSC.\u00a0\u00a0<\/p>\t\t\t\t\t\t\t\t<\/div>\n\t\t\t\t<\/div>\n\t\t\t\t\t<\/div>\n\t\t<\/div>\n\t\t\t\t\t<\/div>\n\t\t<\/section>\n\t\t\t\t<section class=\"elementor-section elementor-top-section elementor-element elementor-element-7ced5e7 elementor-section-boxed elementor-section-height-default elementor-section-height-default\" data-id=\"7ced5e7\" data-element_type=\"section\">\n\t\t\t\t\t\t<div class=\"elementor-container elementor-column-gap-default\">\n\t\t\t\t\t<div class=\"elementor-column elementor-col-100 elementor-top-column elementor-element elementor-element-d29a33d\" data-id=\"d29a33d\" data-element_type=\"column\">\n\t\t\t<div class=\"elementor-widget-wrap elementor-element-populated\">\n\t\t\t\t\t\t<div class=\"elementor-element elementor-element-5c2fb41 elementor-widget elementor-widget-image\" data-id=\"5c2fb41\" data-element_type=\"widget\" data-widget_type=\"image.default\">\n\t\t\t\t<div class=\"elementor-widget-container\">\n\t\t\t\t\t\t\t\t\t\t\t\t\t\t\t<img decoding=\"async\" width=\"696\" height=\"524\" src=\"https:\/\/pc.sc.gov.br\/\/wp-content\/uploads\/2024\/07\/WhatsApp-Image-2024-07-26-at-16.31.15-fotor-20240726173926-1024x771.jpg\" class=\"attachment-large size-large wp-image-22145\" alt=\"\" srcset=\"https:\/\/pc.sc.gov.br\/\/wp-content\/uploads\/2024\/07\/WhatsApp-Image-2024-07-26-at-16.31.15-fotor-20240726173926-1024x771.jpg 1024w, https:\/\/pc.sc.gov.br\/\/wp-content\/uploads\/2024\/07\/WhatsApp-Image-2024-07-26-at-16.31.15-fotor-20240726173926-300x226.jpg 300w, https:\/\/pc.sc.gov.br\/\/wp-content\/uploads\/2024\/07\/WhatsApp-Image-2024-07-26-at-16.31.15-fotor-20240726173926-768x579.jpg 768w, https:\/\/pc.sc.gov.br\/\/wp-content\/uploads\/2024\/07\/WhatsApp-Image-2024-07-26-at-16.31.15-fotor-20240726173926.jpg 1200w\" sizes=\"(max-width: 696px) 100vw, 696px\" \/>\t\t\t\t\t\t\t\t\t\t\t\t\t\t\t<\/div>\n\t\t\t\t<\/div>\n\t\t\t\t\t<\/div>\n\t\t<\/div>\n\t\t\t\t\t<\/div>\n\t\t<\/section>\n\t\t\t\t<section class=\"elementor-section elementor-top-section elementor-element elementor-element-9f43146 elementor-section-boxed elementor-section-height-default elementor-section-height-default\" data-id=\"9f43146\" data-element_type=\"section\">\n\t\t\t\t\t\t<div class=\"elementor-container elementor-column-gap-default\">\n\t\t\t\t\t<div class=\"elementor-column elementor-col-100 elementor-top-column elementor-element elementor-element-7c3ab29\" data-id=\"7c3ab29\" data-element_type=\"column\">\n\t\t\t<div class=\"elementor-widget-wrap elementor-element-populated\">\n\t\t\t\t\t\t<div class=\"elementor-element elementor-element-7e291a5 elementor-widget elementor-widget-text-editor\" data-id=\"7e291a5\" data-element_type=\"widget\" data-widget_type=\"text-editor.default\">\n\t\t\t\t<div class=\"elementor-widget-container\">\n\t\t\t\t\t\t\t\t\t<p>A atividade policial na vis\u00e3o do STJ foi o tema da palestra do Ministro do Superior Tribunal de Justi\u00e7a, Joel Ilan Paciornik. \u201c\u00c9 preciso repensar de certas quest\u00f5es que est\u00e3o sendo discutidas no \u00e2mbito judicial. A constitui\u00e7\u00e3o de 1988 estabelece que a seguran\u00e7a \u00e9 dever do estado e direito do cidad\u00e3o. O exerc\u00edcio da cidadania tem muito a ver com a seguran\u00e7a p\u00fablica\u201d, disse.<\/p>\n<p><span style=\"font-family: var( --e-global-typography-text-font-family ), Sans-serif; font-size: var( --e-global-typography-text-font-size );\">O Ministro Joel assinalou ainda que o Judici\u00e1rio deve harmonizar dois fatores: proteger a sociedade daqueles que cometeram um crime e garantir <\/span><span style=\"font-family: var( --e-global-typography-text-font-family ), Sans-serif; font-size: var( --e-global-typography-text-font-size );\">um processo eficiente com respeito aos direitos dos acusados. Ele destacou ainda outros temas como ingresso em domic\u00edlio, buscas coletivas, crit\u00e9rios para a busca pessoal, reconhecimento pessoal e cadeia de cust\u00f3dia.<\/span><\/p>\t\t\t\t\t\t\t\t<\/div>\n\t\t\t\t<\/div>\n\t\t\t\t\t<\/div>\n\t\t<\/div>\n\t\t\t\t\t<\/div>\n\t\t<\/section>\n\t\t\t\t<section class=\"elementor-section elementor-top-section elementor-element elementor-element-a2eacb8 elementor-section-boxed elementor-section-height-default elementor-section-height-default\" data-id=\"a2eacb8\" data-element_type=\"section\">\n\t\t\t\t\t\t<div class=\"elementor-container elementor-column-gap-default\">\n\t\t\t\t\t<div class=\"elementor-column elementor-col-100 elementor-top-column elementor-element elementor-element-f7bd069\" data-id=\"f7bd069\" data-element_type=\"column\">\n\t\t\t<div class=\"elementor-widget-wrap elementor-element-populated\">\n\t\t\t\t\t\t<div class=\"elementor-element elementor-element-c5748e5 elementor-widget elementor-widget-image\" data-id=\"c5748e5\" data-element_type=\"widget\" data-widget_type=\"image.default\">\n\t\t\t\t<div class=\"elementor-widget-container\">\n\t\t\t\t\t\t\t\t\t\t\t\t\t\t\t<img decoding=\"async\" width=\"696\" height=\"635\" src=\"https:\/\/pc.sc.gov.br\/\/wp-content\/uploads\/2024\/07\/acb69ac5-b026-42cf-9ae4-2aad7356ad1b-fotor-20240726174058-1024x934.jpg\" class=\"attachment-large size-large wp-image-22146\" alt=\"\" srcset=\"https:\/\/pc.sc.gov.br\/\/wp-content\/uploads\/2024\/07\/acb69ac5-b026-42cf-9ae4-2aad7356ad1b-fotor-20240726174058-1024x934.jpg 1024w, https:\/\/pc.sc.gov.br\/\/wp-content\/uploads\/2024\/07\/acb69ac5-b026-42cf-9ae4-2aad7356ad1b-fotor-20240726174058-300x274.jpg 300w, https:\/\/pc.sc.gov.br\/\/wp-content\/uploads\/2024\/07\/acb69ac5-b026-42cf-9ae4-2aad7356ad1b-fotor-20240726174058-768x700.jpg 768w, https:\/\/pc.sc.gov.br\/\/wp-content\/uploads\/2024\/07\/acb69ac5-b026-42cf-9ae4-2aad7356ad1b-fotor-20240726174058.jpg 1200w\" sizes=\"(max-width: 696px) 100vw, 696px\" \/>\t\t\t\t\t\t\t\t\t\t\t\t\t\t\t<\/div>\n\t\t\t\t<\/div>\n\t\t\t\t\t<\/div>\n\t\t<\/div>\n\t\t\t\t\t<\/div>\n\t\t<\/section>\n\t\t\t\t<section class=\"elementor-section elementor-top-section elementor-element elementor-element-827134b elementor-section-boxed elementor-section-height-default elementor-section-height-default\" data-id=\"827134b\" data-element_type=\"section\">\n\t\t\t\t\t\t<div class=\"elementor-container elementor-column-gap-default\">\n\t\t\t\t\t<div class=\"elementor-column elementor-col-100 elementor-top-column elementor-element elementor-element-4c198ce\" data-id=\"4c198ce\" data-element_type=\"column\">\n\t\t\t<div class=\"elementor-widget-wrap elementor-element-populated\">\n\t\t\t\t\t\t<div class=\"elementor-element elementor-element-924ec32 elementor-widget elementor-widget-text-editor\" data-id=\"924ec32\" data-element_type=\"widget\" data-widget_type=\"text-editor.default\">\n\t\t\t\t<div class=\"elementor-widget-container\">\n\t\t\t\t\t\t\t\t\t<p>A atividade policial na vis\u00e3o do STJ foi o tema da palestra do Ministro do Superior Tribunal de Justi\u00e7a, Joel Ilan Paciornik. \u201c\u00c9 preciso repensar de certas quest\u00f5es que est\u00e3o sendo discutidas no \u00e2mbito judicial. A constitui\u00e7\u00e3o de 1988 estabelece que a seguran\u00e7a \u00e9 dever do estado e direito do cidad\u00e3o. O exerc\u00edcio da cidadania tem muito a ver com a seguran\u00e7a p\u00fablica\u201d, disse.<\/p>\n<p><span style=\"font-family: var( --e-global-typography-text-font-family ), Sans-serif; font-size: var( --e-global-typography-text-font-size );\">O Ministro Joel assinalou ainda que o Judici\u00e1rio deve harmonizar dois fatores: proteger a sociedade daqueles que cometeram um crime e garantir um processo eficiente com respeito aos direitos dos acusados. Ele destacou ainda outros temas como ingresso em domic\u00edlio, buscas coletivas, crit\u00e9rios para a busca pessoal, reconhecimento pessoal e cadeia de cust\u00f3dia.<\/span><\/p>\n<p>Representando o governador Jorginho Mello, o procurador-geral do Estado, M\u00e1rcio Vicari destacou que Santa Catarina \u00e9 o estado mais seguro do Brasil. \u201dNossas pol\u00edcias trabalham muito bem, de forma integrada, reflexo das diretrizes do governador Jorginho\u201d, enfatizou.&nbsp;&nbsp;<\/p>\n<p><span style=\"font-family: var( --e-global-typography-text-font-family ), Sans-serif; font-size: var( --e-global-typography-text-font-size );\">Tamb\u00e9m participaram da mesa da solenidade as seguintes autoridades: del John Vieira, presidente da Adepol;&nbsp; del Marcelo Nogueira, chefe de<\/span><span style=\"font-family: var( --e-global-typography-text-font-family ), Sans-serif; font-size: var( --e-global-typography-text-font-size ); font-weight: var( --e-global-typography-text-font-weight );\"> <\/span><span style=\"font-family: var( --e-global-typography-text-font-family ), Sans-serif; font-size: var( --e-global-typography-text-font-size );\">gabinete da delegacia-geral, representando o delegado-geral; o&nbsp; procurador Durval da Silva Amorim, representando o procurador-geral do MPSC; del Juliana Tripadalli, DRP de Blumenau, representando todos os delegados regionais presentes ao ato;&nbsp; Desembargador Sidney Dalabrida, do Tribunal de Justi\u00e7a de Santa Catarina; Jos\u00e9 Aroldo Schlichting,&nbsp;<\/span><span style=\"font-family: var( --e-global-typography-text-font-family ), Sans-serif; font-size: var( --e-global-typography-text-font-size );\">Chefe de Gabinete da SSP. <\/span><span style=\"font-family: var( --e-global-typography-text-font-family ), Sans-serif; font-size: var( --e-global-typography-text-font-size );\">&nbsp;<\/span><\/p><p><span style=\"font-family: var( --e-global-typography-text-font-family ), Sans-serif; font-size: var( --e-global-typography-text-font-size ); font-weight: var( --e-global-typography-primary-font-weight ); letter-spacing: var( --e-global-typography-primary-letter-spacing );\">Fotos: Mayara Ferreira SEOPE\/DG\/PCSC<\/span><\/p>\n<p><\/p>\t\t\t\t\t\t\t\t<\/div>\n\t\t\t\t<\/div>\n\t\t\t\t\t<\/div>\n\t\t<\/div>\n\t\t\t\t\t<\/div>\n\t\t<\/section>\n\t\t\t\t<\/div>\n\t\t","protected":false},"excerpt":{"rendered":"<p>Acadepol promove debate sobre tend\u00eancias e jurisprud\u00eancia sobre a atividade de Pol\u00edcia Judici\u00e1ria Em comemora\u00e7\u00e3o aos 212 anos da Pol\u00edcia Civil de Santa Catarina, a Acadepol promoveu nesta sexta-feira, 26, em Florian\u00f3polis, mais uma edi\u00e7\u00e3o do programa Di\u00e1logos Interinstitucional &#8211; Tend\u00eancias e Jurisprud\u00eancia sobre a atividade de Pol\u00edcia Judici\u00e1ria. As palestras foram ministradas pelo Procurador [&hellip;]<\/p>\n","protected":false},"author":5,"featured_media":22143,"comment_status":"closed","ping_status":"open","sticky":false,"template":"","format":"standard","meta":{"_monsterinsights_skip_tracking":false,"_monsterinsights_sitenote_active":false,"_monsterinsights_sitenote_note":"","_monsterinsights_sitenote_category":0,"footnotes":""},"categories":[1],"tags":[],"class_list":["post-22142","post","type-post","status-publish","format-standard","has-post-thumbnail","hentry","category-sem-categoria"],"_links":{"self":[{"href":"https:\/\/pc.sc.gov.br\/index.php?rest_route=\/wp\/v2\/posts\/22142","targetHints":{"allow":["GET"]}}],"collection":[{"href":"https:\/\/pc.sc.gov.br\/index.php?rest_route=\/wp\/v2\/posts"}],"about":[{"href":"https:\/\/pc.sc.gov.br\/index.php?rest_route=\/wp\/v2\/types\/post"}],"author":[{"embeddable":true,"href":"https:\/\/pc.sc.gov.br\/index.php?rest_route=\/wp\/v2\/users\/5"}],"replies":[{"embeddable":true,"href":"https:\/\/pc.sc.gov.br\/index.php?rest_route=%2Fwp%2Fv2%2Fcomments&post=22142"}],"version-history":[{"count":4,"href":"https:\/\/pc.sc.gov.br\/index.php?rest_route=\/wp\/v2\/posts\/22142\/revisions"}],"predecessor-version":[{"id":22150,"href":"https:\/\/pc.sc.gov.br\/index.php?rest_route=\/wp\/v2\/posts\/22142\/revisions\/22150"}],"wp:featuredmedia":[{"embeddable":true,"href":"https:\/\/pc.sc.gov.br\/index.php?rest_route=\/wp\/v2\/media\/22143"}],"wp:attachment":[{"href":"https:\/\/pc.sc.gov.br\/index.php?rest_route=%2Fwp%2Fv2%2Fmedia&parent=22142"}],"wp:term":[{"taxonomy":"category","embeddable":true,"href":"https:\/\/pc.sc.gov.br\/index.php?rest_route=%2Fwp%2Fv2%2Fcategories&post=22142"},{"taxonomy":"post_tag","embeddable":true,"href":"https:\/\/pc.sc.gov.br\/index.php?rest_route=%2Fwp%2Fv2%2Ftags&post=22142"}],"curies":[{"name":"wp","href":"https:\/\/api.w.org\/{rel}","templated":true}]}}