{"id":22179,"date":"2024-07-30T14:52:29","date_gmt":"2024-07-30T17:52:29","guid":{"rendered":"https:\/\/pc.sc.gov.br\/?p=22179"},"modified":"2024-07-30T14:54:44","modified_gmt":"2024-07-30T17:54:44","slug":"no-ceara-delegacia-de-defraudacoes-da-deic-prende-quatro-pessoas-envolvidas-no-chamado-golpe-dos-precatorios","status":"publish","type":"post","link":"https:\/\/pc.sc.gov.br\/?p=22179","title":{"rendered":"No Cear\u00e1, Delegacia de Defrauda\u00e7\u00f5es da DEIC prende quatro pessoas envolvidas no chamado golpe dos precat\u00f3rios"},"content":{"rendered":"\t\t<div data-elementor-type=\"wp-post\" data-elementor-id=\"22179\" class=\"elementor elementor-22179\" data-elementor-post-type=\"post\">\n\t\t\t\t\t\t<section class=\"elementor-section elementor-top-section elementor-element elementor-element-69ec038 elementor-section-boxed elementor-section-height-default elementor-section-height-default\" data-id=\"69ec038\" data-element_type=\"section\">\n\t\t\t\t\t\t<div class=\"elementor-container elementor-column-gap-default\">\n\t\t\t\t\t<div class=\"elementor-column elementor-col-100 elementor-top-column elementor-element elementor-element-a04da85\" data-id=\"a04da85\" data-element_type=\"column\">\n\t\t\t<div class=\"elementor-widget-wrap elementor-element-populated\">\n\t\t\t\t\t\t<div class=\"elementor-element elementor-element-c824275 elementor-widget elementor-widget-heading\" data-id=\"c824275\" data-element_type=\"widget\" data-widget_type=\"heading.default\">\n\t\t\t\t<div class=\"elementor-widget-container\">\n\t\t\t\t\t<h2 class=\"elementor-heading-title elementor-size-default\">No Cear\u00e1, Delegacia de Defrauda\u00e7\u00f5es da DEIC prende quatro pessoas envolvidas no chamado golpe dos precat\u00f3rios<\/h2>\t\t\t\t<\/div>\n\t\t\t\t<\/div>\n\t\t\t\t\t<\/div>\n\t\t<\/div>\n\t\t\t\t\t<\/div>\n\t\t<\/section>\n\t\t\t\t<section class=\"elementor-section elementor-top-section elementor-element elementor-element-118da9b elementor-section-boxed elementor-section-height-default elementor-section-height-default\" data-id=\"118da9b\" data-element_type=\"section\">\n\t\t\t\t\t\t<div class=\"elementor-container elementor-column-gap-default\">\n\t\t\t\t\t<div class=\"elementor-column elementor-col-100 elementor-top-column elementor-element elementor-element-fc547bd\" data-id=\"fc547bd\" data-element_type=\"column\">\n\t\t\t<div class=\"elementor-widget-wrap elementor-element-populated\">\n\t\t\t\t\t\t<div class=\"elementor-element elementor-element-1bdc4f4 elementor-widget elementor-widget-image\" data-id=\"1bdc4f4\" data-element_type=\"widget\" data-widget_type=\"image.default\">\n\t\t\t\t<div class=\"elementor-widget-container\">\n\t\t\t\t\t\t\t\t\t\t\t\t\t\t\t<img fetchpriority=\"high\" decoding=\"async\" width=\"696\" height=\"421\" src=\"https:\/\/pc.sc.gov.br\/\/wp-content\/uploads\/2024\/07\/11b4467d-ba77-45c4-90c8-80a659ee23ce-fotor-2024073014496-1024x620.jpg\" class=\"attachment-large size-large wp-image-22180\" alt=\"\" srcset=\"https:\/\/pc.sc.gov.br\/\/wp-content\/uploads\/2024\/07\/11b4467d-ba77-45c4-90c8-80a659ee23ce-fotor-2024073014496-1024x620.jpg 1024w, https:\/\/pc.sc.gov.br\/\/wp-content\/uploads\/2024\/07\/11b4467d-ba77-45c4-90c8-80a659ee23ce-fotor-2024073014496-300x182.jpg 300w, https:\/\/pc.sc.gov.br\/\/wp-content\/uploads\/2024\/07\/11b4467d-ba77-45c4-90c8-80a659ee23ce-fotor-2024073014496-768x465.jpg 768w, https:\/\/pc.sc.gov.br\/\/wp-content\/uploads\/2024\/07\/11b4467d-ba77-45c4-90c8-80a659ee23ce-fotor-2024073014496.jpg 1061w\" sizes=\"(max-width: 696px) 100vw, 696px\" \/>\t\t\t\t\t\t\t\t\t\t\t\t\t\t\t<\/div>\n\t\t\t\t<\/div>\n\t\t\t\t\t<\/div>\n\t\t<\/div>\n\t\t\t\t\t<\/div>\n\t\t<\/section>\n\t\t\t\t<section class=\"elementor-section elementor-top-section elementor-element elementor-element-a5adde5 elementor-section-boxed elementor-section-height-default elementor-section-height-default\" data-id=\"a5adde5\" data-element_type=\"section\">\n\t\t\t\t\t\t<div class=\"elementor-container elementor-column-gap-default\">\n\t\t\t\t\t<div class=\"elementor-column elementor-col-100 elementor-top-column elementor-element elementor-element-b451d55\" data-id=\"b451d55\" data-element_type=\"column\">\n\t\t\t<div class=\"elementor-widget-wrap elementor-element-populated\">\n\t\t\t\t\t\t<div class=\"elementor-element elementor-element-1a21108 elementor-widget elementor-widget-text-editor\" data-id=\"1a21108\" data-element_type=\"widget\" data-widget_type=\"text-editor.default\">\n\t\t\t\t<div class=\"elementor-widget-container\">\n\t\t\t\t\t\t\t\t\t<p>A Pol\u00edcia Civil De Santa Catarina, por interm\u00e9dio da Delegacia de Defrauda\u00e7\u00f5es (DD\/DEIC), juntamente com o N\u00facleo de Intelig\u00eancia e Seguran\u00e7a Institucional, do Tribunal de Justi\u00e7a de Santa Catarina e com apoio da Pol\u00edcia Civil do Cear\u00e1 deflagrou nesta ter\u00e7a-feira (30) a opera\u00e7\u00e3o \u201cPrecat\u00f3rio Fake\u201d cumprindo sete mandados de busca e apreens\u00e3o e quatro mandados de pris\u00e3o preventiva nas cidades de Pacatuba e Maracana\u00fa, localizadas no Cear\u00e1. O objetivo da investiga\u00e7\u00e3o \u00e9 esclarecer e responsabilizar criminalmente os autores do golpe. A opera\u00e7\u00e3o foi coordenada pelo delegado Leonardo Silva, titular da Delegacia de Defrauda\u00e7\u00f5es da DEIC.<\/p>\n<p>Restou apurado que os investigados, ap\u00f3s entrarem em contato com as v\u00edtimas, residentes em Santa Catarina, se passavam por advogados de grandes escrit\u00f3rios de advocacia e magistrados catarinenses, informando que as v\u00edtimas tinham valores de precat\u00f3rios a receber, sendo necess\u00e1rio a antecipa\u00e7\u00e3o de valores a t\u00edtulo de taxas e emolumentos. Os documentos utilizados no golpe continham o s\u00edmbolo do Poder Judici\u00e1rio Catarinense e informa\u00e7\u00f5es de processos reais.<\/p>\n<p>Al\u00e9m das v\u00edtimas de Santa Catarina, restou apurado que os investigados tamb\u00e9m s\u00e3o respons\u00e1veis por diversas v\u00edtimas em outros estados. Na opera\u00e7\u00e3o foram apreendidos aparelhos eletr\u00f4nicos, que ser\u00e3o analisados para a continuidade das investiga\u00e7\u00f5es e identifica\u00e7\u00e3o dos demais envolvidos. Participaram da opera\u00e7\u00e3o policiais civis do Cear\u00e1 e de Santa Catarina (DEIC\/PCSC e NIS\/TJSC).<\/p>\n<p><b>V\u00eddeo: Delegado Leonardo Silva, titular da DD\/DEIC<\/b><\/p>\t\t\t\t\t\t\t\t<\/div>\n\t\t\t\t<\/div>\n\t\t\t\t\t<\/div>\n\t\t<\/div>\n\t\t\t\t\t<\/div>\n\t\t<\/section>\n\t\t\t\t<section class=\"elementor-section elementor-top-section elementor-element elementor-element-0578a42 elementor-section-boxed elementor-section-height-default elementor-section-height-default\" data-id=\"0578a42\" data-element_type=\"section\">\n\t\t\t\t\t\t<div class=\"elementor-container elementor-column-gap-default\">\n\t\t\t\t\t<div class=\"elementor-column elementor-col-100 elementor-top-column elementor-element elementor-element-f1e18ff\" data-id=\"f1e18ff\" data-element_type=\"column\">\n\t\t\t<div class=\"elementor-widget-wrap elementor-element-populated\">\n\t\t\t\t\t\t<div class=\"elementor-element elementor-element-94b3167 elementor-widget elementor-widget-video\" data-id=\"94b3167\" data-element_type=\"widget\" data-settings=\"{&quot;video_type&quot;:&quot;hosted&quot;,&quot;controls&quot;:&quot;yes&quot;}\" data-widget_type=\"video.default\">\n\t\t\t\t<div class=\"elementor-widget-container\">\n\t\t\t\t\t\t\t<div class=\"e-hosted-video elementor-wrapper elementor-open-inline\">\n\t\t\t\t\t<video class=\"elementor-video\" src=\"https:\/\/pc.sc.gov.br\/wp-content\/uploads\/2024\/07\/WhatsApp-Video-2024-07-30-at-09.40.25.mp4\" controls=\"\" preload=\"metadata\" controlsList=\"nodownload\"><\/video>\n\t\t\t\t<\/div>\n\t\t\t\t\t\t<\/div>\n\t\t\t\t<\/div>\n\t\t\t\t\t<\/div>\n\t\t<\/div>\n\t\t\t\t\t<\/div>\n\t\t<\/section>\n\t\t\t\t<\/div>\n\t\t","protected":false},"excerpt":{"rendered":"<p>No Cear\u00e1, Delegacia de Defrauda\u00e7\u00f5es da DEIC prende quatro pessoas envolvidas no chamado golpe dos precat\u00f3rios A Pol\u00edcia Civil De Santa Catarina, por interm\u00e9dio da Delegacia de Defrauda\u00e7\u00f5es (DD\/DEIC), juntamente com o N\u00facleo de Intelig\u00eancia e Seguran\u00e7a Institucional, do Tribunal de Justi\u00e7a de Santa Catarina e com apoio da Pol\u00edcia Civil do Cear\u00e1 deflagrou nesta [&hellip;]<\/p>\n","protected":false},"author":5,"featured_media":22180,"comment_status":"closed","ping_status":"open","sticky":false,"template":"","format":"standard","meta":{"_monsterinsights_skip_tracking":false,"_monsterinsights_sitenote_active":false,"_monsterinsights_sitenote_note":"","_monsterinsights_sitenote_category":0,"footnotes":""},"categories":[1],"tags":[],"class_list":["post-22179","post","type-post","status-publish","format-standard","has-post-thumbnail","hentry","category-sem-categoria"],"_links":{"self":[{"href":"https:\/\/pc.sc.gov.br\/index.php?rest_route=\/wp\/v2\/posts\/22179","targetHints":{"allow":["GET"]}}],"collection":[{"href":"https:\/\/pc.sc.gov.br\/index.php?rest_route=\/wp\/v2\/posts"}],"about":[{"href":"https:\/\/pc.sc.gov.br\/index.php?rest_route=\/wp\/v2\/types\/post"}],"author":[{"embeddable":true,"href":"https:\/\/pc.sc.gov.br\/index.php?rest_route=\/wp\/v2\/users\/5"}],"replies":[{"embeddable":true,"href":"https:\/\/pc.sc.gov.br\/index.php?rest_route=%2Fwp%2Fv2%2Fcomments&post=22179"}],"version-history":[{"count":4,"href":"https:\/\/pc.sc.gov.br\/index.php?rest_route=\/wp\/v2\/posts\/22179\/revisions"}],"predecessor-version":[{"id":22185,"href":"https:\/\/pc.sc.gov.br\/index.php?rest_route=\/wp\/v2\/posts\/22179\/revisions\/22185"}],"wp:featuredmedia":[{"embeddable":true,"href":"https:\/\/pc.sc.gov.br\/index.php?rest_route=\/wp\/v2\/media\/22180"}],"wp:attachment":[{"href":"https:\/\/pc.sc.gov.br\/index.php?rest_route=%2Fwp%2Fv2%2Fmedia&parent=22179"}],"wp:term":[{"taxonomy":"category","embeddable":true,"href":"https:\/\/pc.sc.gov.br\/index.php?rest_route=%2Fwp%2Fv2%2Fcategories&post=22179"},{"taxonomy":"post_tag","embeddable":true,"href":"https:\/\/pc.sc.gov.br\/index.php?rest_route=%2Fwp%2Fv2%2Ftags&post=22179"}],"curies":[{"name":"wp","href":"https:\/\/api.w.org\/{rel}","templated":true}]}}