{"id":22191,"date":"2024-07-30T16:43:23","date_gmt":"2024-07-30T19:43:23","guid":{"rendered":"https:\/\/pc.sc.gov.br\/?p=22191"},"modified":"2024-07-30T16:54:36","modified_gmt":"2024-07-30T19:54:36","slug":"pcsc-e-destaque-no-1o-seminario-internacional-de-entrevista-investigativa-em-brasilia","status":"publish","type":"post","link":"https:\/\/pc.sc.gov.br\/?p=22191","title":{"rendered":"PCSC \u00e9 destaque no 1\u00ba Semin\u00e1rio Internacional de Entrevista Investigativa, em Bras\u00edlia"},"content":{"rendered":"\t\t<div data-elementor-type=\"wp-post\" data-elementor-id=\"22191\" class=\"elementor elementor-22191\" data-elementor-post-type=\"post\">\n\t\t\t\t\t\t<section class=\"elementor-section elementor-top-section elementor-element elementor-element-a2e3c46 elementor-section-boxed elementor-section-height-default elementor-section-height-default\" data-id=\"a2e3c46\" data-element_type=\"section\">\n\t\t\t\t\t\t<div class=\"elementor-container elementor-column-gap-default\">\n\t\t\t\t\t<div class=\"elementor-column elementor-col-100 elementor-top-column elementor-element elementor-element-15f0ebf\" data-id=\"15f0ebf\" data-element_type=\"column\">\n\t\t\t<div class=\"elementor-widget-wrap elementor-element-populated\">\n\t\t\t\t\t\t<div class=\"elementor-element elementor-element-24a79e9 elementor-widget elementor-widget-heading\" data-id=\"24a79e9\" data-element_type=\"widget\" data-widget_type=\"heading.default\">\n\t\t\t\t<div class=\"elementor-widget-container\">\n\t\t\t\t\t<h2 class=\"elementor-heading-title elementor-size-default\">PCSC \u00e9 destaque no 1\u00ba Semin\u00e1rio Internacional de Entrevista Investigativa, em Bras\u00edlia <\/h2>\t\t\t\t<\/div>\n\t\t\t\t<\/div>\n\t\t\t\t\t<\/div>\n\t\t<\/div>\n\t\t\t\t\t<\/div>\n\t\t<\/section>\n\t\t\t\t<section class=\"elementor-section elementor-top-section elementor-element elementor-element-cd3b6fb elementor-section-boxed elementor-section-height-default elementor-section-height-default\" data-id=\"cd3b6fb\" data-element_type=\"section\">\n\t\t\t\t\t\t<div class=\"elementor-container elementor-column-gap-default\">\n\t\t\t\t\t<div class=\"elementor-column elementor-col-100 elementor-top-column elementor-element elementor-element-c664987\" data-id=\"c664987\" data-element_type=\"column\">\n\t\t\t<div class=\"elementor-widget-wrap elementor-element-populated\">\n\t\t\t\t\t\t<div class=\"elementor-element elementor-element-12794e0 elementor-widget elementor-widget-image\" data-id=\"12794e0\" data-element_type=\"widget\" data-widget_type=\"image.default\">\n\t\t\t\t<div class=\"elementor-widget-container\">\n\t\t\t\t\t\t\t\t\t\t\t\t\t\t\t<img fetchpriority=\"high\" decoding=\"async\" width=\"696\" height=\"364\" src=\"https:\/\/pc.sc.gov.br\/\/wp-content\/uploads\/2024\/07\/8a03880b-234a-4c7b-8b26-3d9b9e93acd6-fotor-2024073016435-1024x536.jpg\" class=\"attachment-large size-large wp-image-22195\" alt=\"\" srcset=\"https:\/\/pc.sc.gov.br\/\/wp-content\/uploads\/2024\/07\/8a03880b-234a-4c7b-8b26-3d9b9e93acd6-fotor-2024073016435-1024x536.jpg 1024w, https:\/\/pc.sc.gov.br\/\/wp-content\/uploads\/2024\/07\/8a03880b-234a-4c7b-8b26-3d9b9e93acd6-fotor-2024073016435-300x157.jpg 300w, https:\/\/pc.sc.gov.br\/\/wp-content\/uploads\/2024\/07\/8a03880b-234a-4c7b-8b26-3d9b9e93acd6-fotor-2024073016435-768x402.jpg 768w, https:\/\/pc.sc.gov.br\/\/wp-content\/uploads\/2024\/07\/8a03880b-234a-4c7b-8b26-3d9b9e93acd6-fotor-2024073016435-1536x804.jpg 1536w, https:\/\/pc.sc.gov.br\/\/wp-content\/uploads\/2024\/07\/8a03880b-234a-4c7b-8b26-3d9b9e93acd6-fotor-2024073016435.jpg 1596w\" sizes=\"(max-width: 696px) 100vw, 696px\" \/>\t\t\t\t\t\t\t\t\t\t\t\t\t\t\t<\/div>\n\t\t\t\t<\/div>\n\t\t\t\t\t<\/div>\n\t\t<\/div>\n\t\t\t\t\t<\/div>\n\t\t<\/section>\n\t\t\t\t<section class=\"elementor-section elementor-top-section elementor-element elementor-element-9c00545 elementor-section-boxed elementor-section-height-default elementor-section-height-default\" data-id=\"9c00545\" data-element_type=\"section\">\n\t\t\t\t\t\t<div class=\"elementor-container elementor-column-gap-default\">\n\t\t\t\t\t<div class=\"elementor-column elementor-col-100 elementor-top-column elementor-element elementor-element-e07ee0d\" data-id=\"e07ee0d\" data-element_type=\"column\">\n\t\t\t<div class=\"elementor-widget-wrap elementor-element-populated\">\n\t\t\t\t\t\t<div class=\"elementor-element elementor-element-60da569 elementor-widget elementor-widget-text-editor\" data-id=\"60da569\" data-element_type=\"widget\" data-widget_type=\"text-editor.default\">\n\t\t\t\t<div class=\"elementor-widget-container\">\n\t\t\t\t\t\t\t\t\t<p><span style=\"font-family: var( --e-global-typography-primary-font-family ), Sans-serif; font-size: var( --e-global-typography-primary-font-size ); font-weight: var( --e-global-typography-primary-font-weight ); letter-spacing: var( --e-global-typography-primary-letter-spacing );\">A Pol\u00edcia Civil de Santa Catarina est\u00e1 participando do 1\u00ba Semin\u00e1rio Internacional de Entrevista Investigativa promovido pelo Escrit\u00f3rio de Drogas e Crimes da ONU, pelo Minist\u00e9rio da Justi\u00e7a e Seguran\u00e7a P\u00fablica e pelo Centro Conven\u00e7\u00e3o Internacional Antitortura. A PCSC est\u00e1 representada pelos delegados de pol\u00edcia Anselmo Cruz e Fernando Guzzi, al\u00e9m da psic\u00f3loga policial Carola Cristifolini, todos professores da Acadepol da Pol\u00edcia Civil de Santa Catarina. O evento que ocorre em Bras\u00edlia, termina na quarta-feira (31).<\/span><br><\/p>\n<p>\u201c\u00c9 um momento importante, onde estamos podendo apresentar um painel sobre as aplica\u00e7\u00f5es pr\u00e1ticas da Entrevista Investigativa, que \u00e9 uma metodologia para ouvir pessoas, desenvolvida no Reino Unido, h\u00e1 v\u00e1rias d\u00e9cadas, e que torna mais eficaz a coleta de informa\u00e7\u00f5es para a investiga\u00e7\u00e3o policial. \u00c9 uma maneira tamb\u00e9m humanizada de ser atendido, sejam v\u00edtimas, testemunhas ou interrogados, e que acaba tendo um resultado favor\u00e1vel a todo o nosso trabalho\u201d, disse o delegado Anselmo Cruz. Os tr\u00eas policiais civis que est\u00e3o no evento \u2013 dois delegados e uma psic\u00f3loga policial &#8211; s\u00e3o instrutores dessa metodologia na Academia da Pol\u00edcia Civil de Santa Catarina e que, agora, recebem o reconhecido nacional pelo trabalho desenvolvido na PCSC.<\/p>\n<p>A Entrevista Investigativa \u00e9 um m\u00e9todo qualificado para a coleta de informa\u00e7\u00f5es fornecidas por pessoas e \u00e9 t\u00e9cnica aplicada pelos policiais catarinenses desde 2016.&nbsp; O painel Aplica\u00e7\u00f5es Pr\u00e1ticas da Entrevista Investigativa foi apresentado pelo Delegado de Pol\u00edcia Anselmo Cruz.&nbsp;<\/p>\n<p>O delegado Anselmo Cruz atua na Delegacia de Roubos e Antissequestro (DRAS\/DEIC); o delegado Fernando Guzzi, na Central de Plant\u00e3o Policial de Crici\u00fama e a psic\u00f3loga policial Carola Cristifolini na Delegacia de Pol\u00edcia da Crian\u00e7a, Adolescente, Mulher e Idoso de Balne\u00e1rio Cambori\u00fa.<\/p>\n<p><\/p>\t\t\t\t\t\t\t\t<\/div>\n\t\t\t\t<\/div>\n\t\t\t\t\t<\/div>\n\t\t<\/div>\n\t\t\t\t\t<\/div>\n\t\t<\/section>\n\t\t\t\t<\/div>\n\t\t","protected":false},"excerpt":{"rendered":"<p>PCSC \u00e9 destaque no 1\u00ba Semin\u00e1rio Internacional de Entrevista Investigativa, em Bras\u00edlia A Pol\u00edcia Civil de Santa Catarina est\u00e1 participando do 1\u00ba Semin\u00e1rio Internacional de Entrevista Investigativa promovido pelo Escrit\u00f3rio de Drogas e Crimes da ONU, pelo Minist\u00e9rio da Justi\u00e7a e Seguran\u00e7a P\u00fablica e pelo Centro Conven\u00e7\u00e3o Internacional Antitortura. A PCSC est\u00e1 representada pelos delegados [&hellip;]<\/p>\n","protected":false},"author":5,"featured_media":22199,"comment_status":"closed","ping_status":"open","sticky":false,"template":"","format":"standard","meta":{"_monsterinsights_skip_tracking":false,"_monsterinsights_sitenote_active":false,"_monsterinsights_sitenote_note":"","_monsterinsights_sitenote_category":0,"footnotes":""},"categories":[1],"tags":[],"class_list":["post-22191","post","type-post","status-publish","format-standard","has-post-thumbnail","hentry","category-sem-categoria"],"_links":{"self":[{"href":"https:\/\/pc.sc.gov.br\/index.php?rest_route=\/wp\/v2\/posts\/22191","targetHints":{"allow":["GET"]}}],"collection":[{"href":"https:\/\/pc.sc.gov.br\/index.php?rest_route=\/wp\/v2\/posts"}],"about":[{"href":"https:\/\/pc.sc.gov.br\/index.php?rest_route=\/wp\/v2\/types\/post"}],"author":[{"embeddable":true,"href":"https:\/\/pc.sc.gov.br\/index.php?rest_route=\/wp\/v2\/users\/5"}],"replies":[{"embeddable":true,"href":"https:\/\/pc.sc.gov.br\/index.php?rest_route=%2Fwp%2Fv2%2Fcomments&post=22191"}],"version-history":[{"count":7,"href":"https:\/\/pc.sc.gov.br\/index.php?rest_route=\/wp\/v2\/posts\/22191\/revisions"}],"predecessor-version":[{"id":22202,"href":"https:\/\/pc.sc.gov.br\/index.php?rest_route=\/wp\/v2\/posts\/22191\/revisions\/22202"}],"wp:featuredmedia":[{"embeddable":true,"href":"https:\/\/pc.sc.gov.br\/index.php?rest_route=\/wp\/v2\/media\/22199"}],"wp:attachment":[{"href":"https:\/\/pc.sc.gov.br\/index.php?rest_route=%2Fwp%2Fv2%2Fmedia&parent=22191"}],"wp:term":[{"taxonomy":"category","embeddable":true,"href":"https:\/\/pc.sc.gov.br\/index.php?rest_route=%2Fwp%2Fv2%2Fcategories&post=22191"},{"taxonomy":"post_tag","embeddable":true,"href":"https:\/\/pc.sc.gov.br\/index.php?rest_route=%2Fwp%2Fv2%2Ftags&post=22191"}],"curies":[{"name":"wp","href":"https:\/\/api.w.org\/{rel}","templated":true}]}}