{"id":22224,"date":"2024-08-01T16:13:45","date_gmt":"2024-08-01T19:13:45","guid":{"rendered":"https:\/\/pc.sc.gov.br\/?p=22224"},"modified":"2024-08-01T16:22:23","modified_gmt":"2024-08-01T19:22:23","slug":"pcsc-prende-dois-suspeitos-e-recupera-objetos-furtados-da-representacao-consular-da-italia-na-capital","status":"publish","type":"post","link":"https:\/\/pc.sc.gov.br\/?p=22224","title":{"rendered":"PCSC prende dois suspeitos e recupera objetos furtados da representa\u00e7\u00e3o consular da It\u00e1lia, na Capital"},"content":{"rendered":"\t\t<div data-elementor-type=\"wp-post\" data-elementor-id=\"22224\" class=\"elementor elementor-22224\" data-elementor-post-type=\"post\">\n\t\t\t\t\t\t<section class=\"elementor-section elementor-top-section elementor-element elementor-element-86761b2 elementor-section-boxed elementor-section-height-default elementor-section-height-default\" data-id=\"86761b2\" data-element_type=\"section\">\n\t\t\t\t\t\t<div class=\"elementor-container elementor-column-gap-default\">\n\t\t\t\t\t<div class=\"elementor-column elementor-col-100 elementor-top-column elementor-element elementor-element-1215cb5\" data-id=\"1215cb5\" data-element_type=\"column\">\n\t\t\t<div class=\"elementor-widget-wrap elementor-element-populated\">\n\t\t\t\t\t\t<div class=\"elementor-element elementor-element-568a108 elementor-widget elementor-widget-heading\" data-id=\"568a108\" data-element_type=\"widget\" data-widget_type=\"heading.default\">\n\t\t\t\t<div class=\"elementor-widget-container\">\n\t\t\t\t\t<h2 class=\"elementor-heading-title elementor-size-default\">PCSC prende dois suspeitos e recupera objetos furtados da representa\u00e7\u00e3o consular da  It\u00e1lia, na Capital<\/h2>\t\t\t\t<\/div>\n\t\t\t\t<\/div>\n\t\t\t\t\t<\/div>\n\t\t<\/div>\n\t\t\t\t\t<\/div>\n\t\t<\/section>\n\t\t\t\t<section class=\"elementor-section elementor-top-section elementor-element elementor-element-67d7c98 elementor-section-boxed elementor-section-height-default elementor-section-height-default\" data-id=\"67d7c98\" data-element_type=\"section\">\n\t\t\t\t\t\t<div class=\"elementor-container elementor-column-gap-default\">\n\t\t\t\t\t<div class=\"elementor-column elementor-col-100 elementor-top-column elementor-element elementor-element-f23acac\" data-id=\"f23acac\" data-element_type=\"column\">\n\t\t\t<div class=\"elementor-widget-wrap elementor-element-populated\">\n\t\t\t\t\t\t<div class=\"elementor-element elementor-element-eff343d elementor-widget elementor-widget-image\" data-id=\"eff343d\" data-element_type=\"widget\" data-widget_type=\"image.default\">\n\t\t\t\t<div class=\"elementor-widget-container\">\n\t\t\t\t\t\t\t\t\t\t\t\t\t\t\t<img fetchpriority=\"high\" decoding=\"async\" width=\"696\" height=\"631\" src=\"https:\/\/pc.sc.gov.br\/\/wp-content\/uploads\/2024\/08\/8f25891c-2b1b-46c1-94c5-deb4feb41306-fotor-20240801161853-1024x929.jpg\" class=\"attachment-large size-large wp-image-22225\" alt=\"\" srcset=\"https:\/\/pc.sc.gov.br\/\/wp-content\/uploads\/2024\/08\/8f25891c-2b1b-46c1-94c5-deb4feb41306-fotor-20240801161853-1024x929.jpg 1024w, https:\/\/pc.sc.gov.br\/\/wp-content\/uploads\/2024\/08\/8f25891c-2b1b-46c1-94c5-deb4feb41306-fotor-20240801161853-300x272.jpg 300w, https:\/\/pc.sc.gov.br\/\/wp-content\/uploads\/2024\/08\/8f25891c-2b1b-46c1-94c5-deb4feb41306-fotor-20240801161853-768x697.jpg 768w, https:\/\/pc.sc.gov.br\/\/wp-content\/uploads\/2024\/08\/8f25891c-2b1b-46c1-94c5-deb4feb41306-fotor-20240801161853.jpg 1200w\" sizes=\"(max-width: 696px) 100vw, 696px\" \/>\t\t\t\t\t\t\t\t\t\t\t\t\t\t\t<\/div>\n\t\t\t\t<\/div>\n\t\t\t\t\t<\/div>\n\t\t<\/div>\n\t\t\t\t\t<\/div>\n\t\t<\/section>\n\t\t\t\t<section class=\"elementor-section elementor-top-section elementor-element elementor-element-a37f4d1 elementor-section-boxed elementor-section-height-default elementor-section-height-default\" data-id=\"a37f4d1\" data-element_type=\"section\">\n\t\t\t\t\t\t<div class=\"elementor-container elementor-column-gap-default\">\n\t\t\t\t\t<div class=\"elementor-column elementor-col-100 elementor-top-column elementor-element elementor-element-5173ee0\" data-id=\"5173ee0\" data-element_type=\"column\">\n\t\t\t<div class=\"elementor-widget-wrap elementor-element-populated\">\n\t\t\t\t\t\t<div class=\"elementor-element elementor-element-ae6a4b0 elementor-widget elementor-widget-text-editor\" data-id=\"ae6a4b0\" data-element_type=\"widget\" data-widget_type=\"text-editor.default\">\n\t\t\t\t<div class=\"elementor-widget-container\">\n\t\t\t\t\t\t\t\t\t<p>Nesta quinta-feira (01) a Pol\u00edcia Civil de Santa Catarina, por meio da Delegacia de Prote\u00e7\u00e3o ao Turista (DPTUR), 2\u00aa Delegacia da Capital, 7\u00aa Delegacia da Capital e ACADEPOL, deu cumprimento a mandados de pris\u00e3o e de busca e apreens\u00e3o contra dois suspeitos da pr\u00e1tica do crime de furto qualificado, praticado junto \u00e0 representa\u00e7\u00e3o consular honor\u00e1ria da Rep\u00fablica Italiana em Florian\u00f3polis.<\/p>\n<p>O fato ocorreu na data de 24 de mar\u00e7o de 2024. Na madrugada, dois indiv\u00edduos ingressaram nas depend\u00eancias do Consulado, furtando objetos e dinheiro. Ap\u00f3s ser acionada, a Pol\u00edcia Civil, imediatamente, come\u00e7ou a investigar o caso em Inqu\u00e9rito Policial instaurado pela Delegacia de Prote\u00e7\u00e3o ao Turista (DPTUR).<\/p>\n<p>Foram quatro meses de apura\u00e7\u00f5es relacionadas ao caso, que fez uso de t\u00e9cnicas avan\u00e7adas de investiga\u00e7\u00e3o, coopera\u00e7\u00e3o policial internacional, apura\u00e7\u00e3o em campo, monitoramentos e outras ferramentas de ponta da Pol\u00edcia Civil de Santa Catarina. Os elementos coletados levaram \u00e0 apura\u00e7\u00e3o da din\u00e2mica do crime, da identidade dos suspeitos e, por fim, de sua localiza\u00e7\u00e3o.<\/p>\n<p><span style=\"font-family: var( --e-global-typography-primary-font-family ), Sans-serif; font-size: var( --e-global-typography-primary-font-size ); font-weight: var( --e-global-typography-primary-font-weight ); letter-spacing: var( --e-global-typography-primary-letter-spacing );\">Mandados de busca e apreens\u00e3o e de pris\u00e3o preventiva foram cumpridos na manh\u00e3 desta quinta-feira. Ambos os investigados foram presos e recuperados parte dos objetos subtra\u00eddos do Consulado da It\u00e1lia. Tamb\u00e9m foram apreendidos outros elementos relacionados ao crime e para aprofundamento das investiga\u00e7\u00f5es, que prosseguem.<\/span><span style=\"color: var( --e-global-color-text ); font-family: var( --e-global-typography-primary-font-family ), Sans-serif; font-size: var( --e-global-typography-primary-font-size ); font-weight: var( --e-global-typography-primary-font-weight ); letter-spacing: var( --e-global-typography-primary-letter-spacing );\">&nbsp;<\/span><\/p>\t\t\t\t\t\t\t\t<\/div>\n\t\t\t\t<\/div>\n\t\t\t\t\t<\/div>\n\t\t<\/div>\n\t\t\t\t\t<\/div>\n\t\t<\/section>\n\t\t\t\t<section class=\"elementor-section elementor-top-section elementor-element elementor-element-5806028 elementor-section-boxed elementor-section-height-default elementor-section-height-default\" data-id=\"5806028\" data-element_type=\"section\">\n\t\t\t\t\t\t<div class=\"elementor-container elementor-column-gap-default\">\n\t\t\t\t\t<div class=\"elementor-column elementor-col-100 elementor-top-column elementor-element elementor-element-d79ae07\" data-id=\"d79ae07\" data-element_type=\"column\">\n\t\t\t<div class=\"elementor-widget-wrap elementor-element-populated\">\n\t\t\t\t\t\t<div class=\"elementor-element elementor-element-c5d75c5 elementor-widget elementor-widget-video\" data-id=\"c5d75c5\" data-element_type=\"widget\" data-settings=\"{&quot;video_type&quot;:&quot;hosted&quot;,&quot;controls&quot;:&quot;yes&quot;}\" data-widget_type=\"video.default\">\n\t\t\t\t<div class=\"elementor-widget-container\">\n\t\t\t\t\t\t\t<div class=\"e-hosted-video elementor-wrapper elementor-open-inline\">\n\t\t\t\t\t<video class=\"elementor-video\" src=\"https:\/\/pc.sc.gov.br\/wp-content\/uploads\/2024\/08\/WhatsApp-Video-2024-08-01-at-15.32.59.mp4\" controls=\"\" preload=\"metadata\"><\/video>\n\t\t\t\t<\/div>\n\t\t\t\t\t\t<\/div>\n\t\t\t\t<\/div>\n\t\t\t\t\t<\/div>\n\t\t<\/div>\n\t\t\t\t\t<\/div>\n\t\t<\/section>\n\t\t\t\t<\/div>\n\t\t","protected":false},"excerpt":{"rendered":"<p>PCSC prende dois suspeitos e recupera objetos furtados da representa\u00e7\u00e3o consular da It\u00e1lia, na Capital Nesta quinta-feira (01) a Pol\u00edcia Civil de Santa Catarina, por meio da Delegacia de Prote\u00e7\u00e3o ao Turista (DPTUR), 2\u00aa Delegacia da Capital, 7\u00aa Delegacia da Capital e ACADEPOL, deu cumprimento a mandados de pris\u00e3o e de busca e apreens\u00e3o contra [&hellip;]<\/p>\n","protected":false},"author":5,"featured_media":22225,"comment_status":"closed","ping_status":"open","sticky":false,"template":"","format":"standard","meta":{"_monsterinsights_skip_tracking":false,"_monsterinsights_sitenote_active":false,"_monsterinsights_sitenote_note":"","_monsterinsights_sitenote_category":0,"footnotes":""},"categories":[1],"tags":[],"class_list":["post-22224","post","type-post","status-publish","format-standard","has-post-thumbnail","hentry","category-sem-categoria"],"_links":{"self":[{"href":"https:\/\/pc.sc.gov.br\/index.php?rest_route=\/wp\/v2\/posts\/22224","targetHints":{"allow":["GET"]}}],"collection":[{"href":"https:\/\/pc.sc.gov.br\/index.php?rest_route=\/wp\/v2\/posts"}],"about":[{"href":"https:\/\/pc.sc.gov.br\/index.php?rest_route=\/wp\/v2\/types\/post"}],"author":[{"embeddable":true,"href":"https:\/\/pc.sc.gov.br\/index.php?rest_route=\/wp\/v2\/users\/5"}],"replies":[{"embeddable":true,"href":"https:\/\/pc.sc.gov.br\/index.php?rest_route=%2Fwp%2Fv2%2Fcomments&post=22224"}],"version-history":[{"count":3,"href":"https:\/\/pc.sc.gov.br\/index.php?rest_route=\/wp\/v2\/posts\/22224\/revisions"}],"predecessor-version":[{"id":22229,"href":"https:\/\/pc.sc.gov.br\/index.php?rest_route=\/wp\/v2\/posts\/22224\/revisions\/22229"}],"wp:featuredmedia":[{"embeddable":true,"href":"https:\/\/pc.sc.gov.br\/index.php?rest_route=\/wp\/v2\/media\/22225"}],"wp:attachment":[{"href":"https:\/\/pc.sc.gov.br\/index.php?rest_route=%2Fwp%2Fv2%2Fmedia&parent=22224"}],"wp:term":[{"taxonomy":"category","embeddable":true,"href":"https:\/\/pc.sc.gov.br\/index.php?rest_route=%2Fwp%2Fv2%2Fcategories&post=22224"},{"taxonomy":"post_tag","embeddable":true,"href":"https:\/\/pc.sc.gov.br\/index.php?rest_route=%2Fwp%2Fv2%2Ftags&post=22224"}],"curies":[{"name":"wp","href":"https:\/\/api.w.org\/{rel}","templated":true}]}}