{"id":22230,"date":"2024-08-01T18:19:35","date_gmt":"2024-08-01T21:19:35","guid":{"rendered":"https:\/\/pc.sc.gov.br\/?p=22230"},"modified":"2024-08-01T18:21:53","modified_gmt":"2024-08-01T21:21:53","slug":"exposicao-as-cores-de-cada-vida-abre-campanha-agosto-lilas-no-tribunal-de-justica","status":"publish","type":"post","link":"https:\/\/pc.sc.gov.br\/?p=22230","title":{"rendered":"Exposi\u00e7\u00e3o \u201cAs Cores de Cada Vida\u201d abre campanha Agosto Lil\u00e1s no Tribunal de Justi\u00e7a"},"content":{"rendered":"\t\t<div data-elementor-type=\"wp-post\" data-elementor-id=\"22230\" class=\"elementor elementor-22230\" data-elementor-post-type=\"post\">\n\t\t\t\t\t\t<section class=\"elementor-section elementor-top-section elementor-element elementor-element-024b11e elementor-section-boxed elementor-section-height-default elementor-section-height-default\" data-id=\"024b11e\" data-element_type=\"section\">\n\t\t\t\t\t\t<div class=\"elementor-container elementor-column-gap-default\">\n\t\t\t\t\t<div class=\"elementor-column elementor-col-100 elementor-top-column elementor-element elementor-element-12eb66f\" data-id=\"12eb66f\" data-element_type=\"column\">\n\t\t\t<div class=\"elementor-widget-wrap elementor-element-populated\">\n\t\t\t\t\t\t<div class=\"elementor-element elementor-element-27f38a6 elementor-widget elementor-widget-heading\" data-id=\"27f38a6\" data-element_type=\"widget\" data-widget_type=\"heading.default\">\n\t\t\t\t<div class=\"elementor-widget-container\">\n\t\t\t\t\t<h2 class=\"elementor-heading-title elementor-size-default\">Exposi\u00e7\u00e3o \u201cAs Cores de Cada Vida\u201d abre campanha Agosto Lil\u00e1s no Tribunal de Justi\u00e7a<\/h2>\t\t\t\t<\/div>\n\t\t\t\t<\/div>\n\t\t\t\t\t<\/div>\n\t\t<\/div>\n\t\t\t\t\t<\/div>\n\t\t<\/section>\n\t\t\t\t<section class=\"elementor-section elementor-top-section elementor-element elementor-element-d107a4a elementor-section-boxed elementor-section-height-default elementor-section-height-default\" data-id=\"d107a4a\" data-element_type=\"section\">\n\t\t\t\t\t\t<div class=\"elementor-container elementor-column-gap-default\">\n\t\t\t\t\t<div class=\"elementor-column elementor-col-100 elementor-top-column elementor-element elementor-element-18dedcd\" data-id=\"18dedcd\" data-element_type=\"column\">\n\t\t\t<div class=\"elementor-widget-wrap elementor-element-populated\">\n\t\t\t\t\t\t<div class=\"elementor-element elementor-element-8020794 elementor-widget elementor-widget-image\" data-id=\"8020794\" data-element_type=\"widget\" data-widget_type=\"image.default\">\n\t\t\t\t<div class=\"elementor-widget-container\">\n\t\t\t\t\t\t\t\t\t\t\t\t\t\t\t<img fetchpriority=\"high\" decoding=\"async\" width=\"696\" height=\"464\" src=\"https:\/\/pc.sc.gov.br\/\/wp-content\/uploads\/2024\/08\/53896214370_d8a24a1784_k-1024x683.jpg\" class=\"attachment-large size-large wp-image-22232\" alt=\"\" srcset=\"https:\/\/pc.sc.gov.br\/\/wp-content\/uploads\/2024\/08\/53896214370_d8a24a1784_k-1024x683.jpg 1024w, https:\/\/pc.sc.gov.br\/\/wp-content\/uploads\/2024\/08\/53896214370_d8a24a1784_k-300x200.jpg 300w, https:\/\/pc.sc.gov.br\/\/wp-content\/uploads\/2024\/08\/53896214370_d8a24a1784_k-768x512.jpg 768w, https:\/\/pc.sc.gov.br\/\/wp-content\/uploads\/2024\/08\/53896214370_d8a24a1784_k-1536x1024.jpg 1536w, https:\/\/pc.sc.gov.br\/\/wp-content\/uploads\/2024\/08\/53896214370_d8a24a1784_k.jpg 2048w\" sizes=\"(max-width: 696px) 100vw, 696px\" \/>\t\t\t\t\t\t\t\t\t\t\t\t\t\t\t<\/div>\n\t\t\t\t<\/div>\n\t\t\t\t\t<\/div>\n\t\t<\/div>\n\t\t\t\t\t<\/div>\n\t\t<\/section>\n\t\t\t\t<section class=\"elementor-section elementor-top-section elementor-element elementor-element-585daa3 elementor-section-boxed elementor-section-height-default elementor-section-height-default\" data-id=\"585daa3\" data-element_type=\"section\">\n\t\t\t\t\t\t<div class=\"elementor-container elementor-column-gap-default\">\n\t\t\t\t\t<div class=\"elementor-column elementor-col-100 elementor-top-column elementor-element elementor-element-841f8a9\" data-id=\"841f8a9\" data-element_type=\"column\">\n\t\t\t<div class=\"elementor-widget-wrap elementor-element-populated\">\n\t\t\t\t\t\t<div class=\"elementor-element elementor-element-233f4bb elementor-widget elementor-widget-text-editor\" data-id=\"233f4bb\" data-element_type=\"widget\" data-widget_type=\"text-editor.default\">\n\t\t\t\t<div class=\"elementor-widget-container\">\n\t\t\t\t\t\t\t\t\t<p>O Poder Judici\u00e1rio de Santa Catarina (PJSC), por meio da Coordenadoria da Mulher em Situa\u00e7\u00e3o de Viol\u00eancia Dom\u00e9stica e Familiar (Cevid), abriu nesta quinta-feira (1\u00ba\/08) a campanha Agosto Lil\u00e1s. A iniciativa tem o objetivo de sensibilizar a sociedade sobre a viol\u00eancia dom\u00e9stica e familiar contra a mulher por meio de palestras, exposi\u00e7\u00f5es, debates, encontros, eventos e semin\u00e1rios. A solenidade marcou tamb\u00e9m o in\u00edcio da exposi\u00e7\u00e3o \u201cAs cores de cada vida\u201d, que ficar\u00e1 no halll de entrada do Tribunal de Justi\u00e7a (TJSC) at\u00e9 30 de agosto, e retrata 19 v\u00edtimas de feminic\u00eddio e de tentativa de feminic\u00eddio. O&nbsp; &nbsp;delegado-geral da PCSC, Ulisses Gabriel e a Coordenadora das Delegacias de Prote\u00e7\u00e3o \u00e0 Crian\u00e7a, \u00e0 Mulher e ao Idoso (DPCAMIs), delegada Patr\u00edcia Zimmermann participaram do ato.<\/p>\n<p>Os retratos estilizados s\u00e3o de mulheres v\u00edtimas de crimes, ocorridos de 2012 a 2021, em Ararangu\u00e1, Bra\u00e7o do Norte, Crici\u00fama, I\u00e7ara, Jaguaruna, Laguna e Tubar\u00e3o. \u201cPenso que precisamos fazer uma reflex\u00e3o a partir dessas maravilhosas obras que est\u00e3o aqui em exposi\u00e7\u00e3o. Eu at\u00e9 confessava h\u00e1 pouco que eu n\u00e3o entendo muito de arte, mas em algumas delas eu me senti de fato emocionado. Isso \u00e9 prova do carinho e do talento dos artistas que compuseram estas obras. E que elas sejam muito mais do que obras, que elas sejam monumentos \u00e0 defesa dos direitos, \u00e0 defesa das mulheres, \u00e0 defesa da vida, porque \u00e9 isso que n\u00f3s precisamos\u201d, anotou o presidente em exerc\u00edcio e 1\u00ba vice do TJSC, desembargador Cid Goulart.<\/p>\n<p>A exposi\u00e7\u00e3o Itinerante, idealizada pela psic\u00f3loga policial Clarissa Enderle, \u00e9 uma iniciativa do programa Pol\u00edcia Civil por Elas, desenvolvido pela Coordenadoria Estadual das Delegacias de Prote\u00e7\u00e3o \u00e0 Crian\u00e7a, ao Adolescente, \u00e0 Mulher e ao Idoso. Nesta edi\u00e7\u00e3o, a campanha vai al\u00e9m das quest\u00f5es que envolvem medidas protetivas e puni\u00e7\u00e3o dos agressores. A inten\u00e7\u00e3o \u00e9 discutir as condi\u00e7\u00f5es de trabalho, educa\u00e7\u00e3o, moradia e sa\u00fade \u00e0s mulheres, direitos presentes na Lei Maria da Penha.<\/p>\n<p>\u201cBuscamos intensificar cada vez mais, junto com todos os policiais civis de Santa Catarina, a\u00e7\u00f5es que visem combater a viol\u00eancia dom\u00e9stica e familiar. Um pr\u00f3ximo passo ser\u00e1 fazer com que essas mulheres retratadas na exposi\u00e7\u00e3o sejam transformadas em outdoors, para que aquelas cidades vejam que muitas vezes se algu\u00e9m tivesse acionado a pol\u00edcia em um determinado momento, poderia n\u00e3o ter ocorrido o crime de feminic\u00eddio. Ent\u00e3o a sociedade tem que ver, tem que sentir, tem que enxergar que esses problemas acontecem e que n\u00f3s somos tamb\u00e9m respons\u00e1veis por isso\u201d, pontuou o delegado-geral, Ulisses Gabriel.&nbsp;&nbsp;<\/p>\n<p>&nbsp;Novo projeto<\/p>\n<p>A coordenadora da Cevid, desembargadora Hildemar Meneguzzi de Carvalho, lembrou a Lei Federal 14.448, de 2022, que determina o envolvimento de todas as pessoas na preven\u00e7\u00e3o, na conscientiza\u00e7\u00e3o e na transmiss\u00e3o do conhecimento para toda a sociedade. \u201cEsse \u00e9 o pedido que eu reitero, tanto para minha equipe de trabalho, quanto para todos os nossos parceiros e nossas parceiras, seja do governo do Estado, aqui representado pela doutora Maria Helena Zimmermann, que daqui a alguns dias iremos concretizar um grande projeto de educa\u00e7\u00e3o com a \u00e1rea de assist\u00eancia social e familiar do Estado, levando essa mensagem de que n\u00f3s devemos compor os conflitos antes que eles cheguem ao Judici\u00e1rio\u201d, destacou a desembargadora.<\/p>\n<p>N\u00fameros crescentes&nbsp;&nbsp;<\/p>\n<p>A coordenadora do Centro de Apoio Operacional Criminal e da Seguran\u00e7a P\u00fablica do Minist\u00e9rio P\u00fablico (MPSC), promotora de Justi\u00e7a Bianca Andrighetti Coelho, informou que o anu\u00e1rio de seguran\u00e7a p\u00fablica divulgado recentemente apontou o crescimento das ocorr\u00eancias no Estado. &#8220;O n\u00famero de homic\u00eddios de mulheres e feminic\u00eddios em Santa Catarina, em 2022 t\u00ednhamos 102, e em 2023 foram 107. Tentativas de homic\u00eddio e feminic\u00eddio passamos de 385 em 2022, para 457 em 2023. Les\u00e3o corporal dolosa em contexto de viol\u00eancia dom\u00e9stica em 2022 foram 16.530. Em 2023, passamos a 17.035 casos. Medidas protetivas de urg\u00eancia que foram deferidas em 2022, 23.308. Em 2023, 28.167.&nbsp; Assim, precisamos continuar, precisamos avan\u00e7ar. A batalha \u00e9 grande, a luta deve ser constante para que possamos garantir que todas as mulheres tenham acesso aos seus direitos, acesso \u00e0 prote\u00e7\u00e3o e que continuemos nessa luta\u201d, afirmou a promotora.<\/p>\n<p>Para a assessora liter\u00e1ria Alana Grando Hauen, a exposi\u00e7\u00e3o \u00e9 uma maneira de manter viva a hist\u00f3ria dessas mulheres v\u00edtimas da viol\u00eancia. &#8220;Adorei a exposi\u00e7\u00e3o, porque a gente n\u00e3o vai deixar que essas mulheres v\u00edtimas de feminic\u00eddio sejam esquecidas. Porque cada uma ali \u00e9 um retrato, uma artista fez o retrato e contou tamb\u00e9m como que ela perdeu a vida. E isso \u00e9 uma forma de manter, digamos, que infelizmente, a morte dela n\u00e3o seja apagada, n\u00e3o seja esquecida\u201d, completou a visitante.<\/p>\n<p><span style=\"font-family: var( --e-global-typography-text-font-family ), Sans-serif; font-size: var( --e-global-typography-text-font-size ); font-weight: var( --e-global-typography-text-font-weight );\">&nbsp;<\/span><span style=\"font-family: var( --e-global-typography-text-font-family ), Sans-serif; font-size: var( --e-global-typography-text-font-size );\">\u201cN\u00e3o vamos usar s\u00f3 do m\u00eas de agosto para lembrarmos de todas as mulheres que sofrem viol\u00eancia. Elas sofrem todos os dias e muitas vezes ao nosso lado, e a gente nem percebe. Seja uma viol\u00eancia f\u00edsica, moral, aquela velada, que tantas de n\u00f3s sofremos. Mulheres que precisam de c<\/span><span style=\"font-family: var( --e-global-typography-text-font-family ), Sans-serif; font-size: var( --e-global-typography-text-font-size );\">arinho, de apoio de tantas outras mulheres e de todos os nossos homens. Ent\u00e3o, parab\u00e9ns Tribunal de Justi\u00e7a de Santa Catarina. N\u00e3o me canso de falar do meu orgulho de ser advogada catarinense. Todas as oportunidades que eu tenho por este Brasil afora, 27 seccionais, de dizer do meu orgulho de ser advogada catarinense e do orgulho do Poder Judici\u00e1rio catarinense e de todas as institui\u00e7\u00f5es que n\u00f3s somos refer\u00eancia no pa\u00eds. Viva as mulheres do nosso Estado de Santa Catarina. Viva as mulheres de todo o nosso Brasil&#8221;, disse a Pr<\/span><span style=\"font-family: var( --e-global-typography-text-font-family ), Sans-serif; font-size: var( --e-global-typography-text-font-size );\">esidente da seccional catarinense da OAB, advogada Cl\u00e1udia Prud\u00eancio.<\/span><\/p>\n<p><i>*Com informa\u00e7\u00f5es e imagens da Assessoria de Imprensa do TJSC<\/i><\/p>\n<div>&nbsp;<\/div>\t\t\t\t\t\t\t\t<\/div>\n\t\t\t\t<\/div>\n\t\t\t\t\t<\/div>\n\t\t<\/div>\n\t\t\t\t\t<\/div>\n\t\t<\/section>\n\t\t\t\t<section class=\"elementor-section elementor-top-section elementor-element elementor-element-16b9cba elementor-section-boxed elementor-section-height-default elementor-section-height-default\" data-id=\"16b9cba\" data-element_type=\"section\">\n\t\t\t\t\t\t<div class=\"elementor-container elementor-column-gap-default\">\n\t\t\t\t\t<div class=\"elementor-column elementor-col-100 elementor-top-column elementor-element elementor-element-8c5b642\" data-id=\"8c5b642\" data-element_type=\"column\">\n\t\t\t<div class=\"elementor-widget-wrap elementor-element-populated\">\n\t\t\t\t\t\t<div class=\"elementor-element elementor-element-4aa43cf elementor-widget elementor-widget-image\" data-id=\"4aa43cf\" data-element_type=\"widget\" data-widget_type=\"image.default\">\n\t\t\t\t<div class=\"elementor-widget-container\">\n\t\t\t\t\t\t\t\t\t\t\t\t\t\t\t<img decoding=\"async\" width=\"696\" height=\"434\" src=\"https:\/\/pc.sc.gov.br\/\/wp-content\/uploads\/2024\/08\/53896037328_1cfdee055c_k-1024x639.jpg\" class=\"attachment-large size-large wp-image-22233\" alt=\"\" srcset=\"https:\/\/pc.sc.gov.br\/\/wp-content\/uploads\/2024\/08\/53896037328_1cfdee055c_k-1024x639.jpg 1024w, https:\/\/pc.sc.gov.br\/\/wp-content\/uploads\/2024\/08\/53896037328_1cfdee055c_k-300x187.jpg 300w, https:\/\/pc.sc.gov.br\/\/wp-content\/uploads\/2024\/08\/53896037328_1cfdee055c_k-768x479.jpg 768w, https:\/\/pc.sc.gov.br\/\/wp-content\/uploads\/2024\/08\/53896037328_1cfdee055c_k-1536x958.jpg 1536w, https:\/\/pc.sc.gov.br\/\/wp-content\/uploads\/2024\/08\/53896037328_1cfdee055c_k.jpg 2048w\" sizes=\"(max-width: 696px) 100vw, 696px\" \/>\t\t\t\t\t\t\t\t\t\t\t\t\t\t\t<\/div>\n\t\t\t\t<\/div>\n\t\t\t\t\t<\/div>\n\t\t<\/div>\n\t\t\t\t\t<\/div>\n\t\t<\/section>\n\t\t\t\t<\/div>\n\t\t","protected":false},"excerpt":{"rendered":"<p>Exposi\u00e7\u00e3o \u201cAs Cores de Cada Vida\u201d abre campanha Agosto Lil\u00e1s no Tribunal de Justi\u00e7a O Poder Judici\u00e1rio de Santa Catarina (PJSC), por meio da Coordenadoria da Mulher em Situa\u00e7\u00e3o de Viol\u00eancia Dom\u00e9stica e Familiar (Cevid), abriu nesta quinta-feira (1\u00ba\/08) a campanha Agosto Lil\u00e1s. A iniciativa tem o objetivo de sensibilizar a sociedade sobre a viol\u00eancia [&hellip;]<\/p>\n","protected":false},"author":5,"featured_media":22231,"comment_status":"closed","ping_status":"open","sticky":false,"template":"","format":"standard","meta":{"_monsterinsights_skip_tracking":false,"_monsterinsights_sitenote_active":false,"_monsterinsights_sitenote_note":"","_monsterinsights_sitenote_category":0,"footnotes":""},"categories":[1],"tags":[],"class_list":["post-22230","post","type-post","status-publish","format-standard","has-post-thumbnail","hentry","category-sem-categoria"],"_links":{"self":[{"href":"https:\/\/pc.sc.gov.br\/index.php?rest_route=\/wp\/v2\/posts\/22230","targetHints":{"allow":["GET"]}}],"collection":[{"href":"https:\/\/pc.sc.gov.br\/index.php?rest_route=\/wp\/v2\/posts"}],"about":[{"href":"https:\/\/pc.sc.gov.br\/index.php?rest_route=\/wp\/v2\/types\/post"}],"author":[{"embeddable":true,"href":"https:\/\/pc.sc.gov.br\/index.php?rest_route=\/wp\/v2\/users\/5"}],"replies":[{"embeddable":true,"href":"https:\/\/pc.sc.gov.br\/index.php?rest_route=%2Fwp%2Fv2%2Fcomments&post=22230"}],"version-history":[{"count":4,"href":"https:\/\/pc.sc.gov.br\/index.php?rest_route=\/wp\/v2\/posts\/22230\/revisions"}],"predecessor-version":[{"id":22237,"href":"https:\/\/pc.sc.gov.br\/index.php?rest_route=\/wp\/v2\/posts\/22230\/revisions\/22237"}],"wp:featuredmedia":[{"embeddable":true,"href":"https:\/\/pc.sc.gov.br\/index.php?rest_route=\/wp\/v2\/media\/22231"}],"wp:attachment":[{"href":"https:\/\/pc.sc.gov.br\/index.php?rest_route=%2Fwp%2Fv2%2Fmedia&parent=22230"}],"wp:term":[{"taxonomy":"category","embeddable":true,"href":"https:\/\/pc.sc.gov.br\/index.php?rest_route=%2Fwp%2Fv2%2Fcategories&post=22230"},{"taxonomy":"post_tag","embeddable":true,"href":"https:\/\/pc.sc.gov.br\/index.php?rest_route=%2Fwp%2Fv2%2Ftags&post=22230"}],"curies":[{"name":"wp","href":"https:\/\/api.w.org\/{rel}","templated":true}]}}