{"id":22238,"date":"2024-08-01T18:41:13","date_gmt":"2024-08-01T21:41:13","guid":{"rendered":"https:\/\/pc.sc.gov.br\/?p=22238"},"modified":"2024-08-01T18:42:16","modified_gmt":"2024-08-01T21:42:16","slug":"operacao-broke-down-autores-de-crimes-de-estelionato-sao-condenados-a-penas-de-prisao-cuja-soma-ultrapassa-143-anos-de-reclusao","status":"publish","type":"post","link":"https:\/\/pc.sc.gov.br\/?p=22238","title":{"rendered":"Opera\u00e7\u00e3o Broke Down: autores de crimes de estelionato s\u00e3o condenados a penas de pris\u00e3o, cuja soma ultrapassa 143 anos de reclus\u00e3o"},"content":{"rendered":"\t\t<div data-elementor-type=\"wp-post\" data-elementor-id=\"22238\" class=\"elementor elementor-22238\" data-elementor-post-type=\"post\">\n\t\t\t\t\t\t<section class=\"elementor-section elementor-top-section elementor-element elementor-element-0686fb0 elementor-section-boxed elementor-section-height-default elementor-section-height-default\" data-id=\"0686fb0\" data-element_type=\"section\">\n\t\t\t\t\t\t<div class=\"elementor-container elementor-column-gap-default\">\n\t\t\t\t\t<div class=\"elementor-column elementor-col-100 elementor-top-column elementor-element elementor-element-4d2a7bb\" data-id=\"4d2a7bb\" data-element_type=\"column\">\n\t\t\t<div class=\"elementor-widget-wrap elementor-element-populated\">\n\t\t\t\t\t\t<div class=\"elementor-element elementor-element-c3c37b9 elementor-widget elementor-widget-heading\" data-id=\"c3c37b9\" data-element_type=\"widget\" data-widget_type=\"heading.default\">\n\t\t\t\t<div class=\"elementor-widget-container\">\n\t\t\t\t\t<h2 class=\"elementor-heading-title elementor-size-default\">Opera\u00e7\u00e3o Broke Down: autores de crimes de estelionato s\u00e3o condenados a penas de pris\u00e3o, cuja soma ultrapassa 143 anos de reclus\u00e3o<\/h2>\t\t\t\t<\/div>\n\t\t\t\t<\/div>\n\t\t\t\t\t<\/div>\n\t\t<\/div>\n\t\t\t\t\t<\/div>\n\t\t<\/section>\n\t\t\t\t<section class=\"elementor-section elementor-top-section elementor-element elementor-element-d8234bf elementor-section-boxed elementor-section-height-default elementor-section-height-default\" data-id=\"d8234bf\" data-element_type=\"section\">\n\t\t\t\t\t\t<div class=\"elementor-container elementor-column-gap-default\">\n\t\t\t\t\t<div class=\"elementor-column elementor-col-100 elementor-top-column elementor-element elementor-element-c33c25f\" data-id=\"c33c25f\" data-element_type=\"column\">\n\t\t\t<div class=\"elementor-widget-wrap elementor-element-populated\">\n\t\t\t\t\t\t<div class=\"elementor-element elementor-element-e365dd4 elementor-widget elementor-widget-image\" data-id=\"e365dd4\" data-element_type=\"widget\" data-widget_type=\"image.default\">\n\t\t\t\t<div class=\"elementor-widget-container\">\n\t\t\t\t\t\t\t\t\t\t\t\t\t\t\t<img fetchpriority=\"high\" decoding=\"async\" width=\"696\" height=\"555\" src=\"https:\/\/pc.sc.gov.br\/\/wp-content\/uploads\/2024\/08\/9a074325-4eb1-4e9f-8bc7-4c59be662cd3-fotor-2024080118402.jpg\" class=\"attachment-large size-large wp-image-22239\" alt=\"\" srcset=\"https:\/\/pc.sc.gov.br\/\/wp-content\/uploads\/2024\/08\/9a074325-4eb1-4e9f-8bc7-4c59be662cd3-fotor-2024080118402.jpg 720w, https:\/\/pc.sc.gov.br\/\/wp-content\/uploads\/2024\/08\/9a074325-4eb1-4e9f-8bc7-4c59be662cd3-fotor-2024080118402-300x239.jpg 300w\" sizes=\"(max-width: 696px) 100vw, 696px\" \/>\t\t\t\t\t\t\t\t\t\t\t\t\t\t\t<\/div>\n\t\t\t\t<\/div>\n\t\t\t\t\t<\/div>\n\t\t<\/div>\n\t\t\t\t\t<\/div>\n\t\t<\/section>\n\t\t\t\t<section class=\"elementor-section elementor-top-section elementor-element elementor-element-09daa11 elementor-section-boxed elementor-section-height-default elementor-section-height-default\" data-id=\"09daa11\" data-element_type=\"section\">\n\t\t\t\t\t\t<div class=\"elementor-container elementor-column-gap-default\">\n\t\t\t\t\t<div class=\"elementor-column elementor-col-100 elementor-top-column elementor-element elementor-element-dd13f56\" data-id=\"dd13f56\" data-element_type=\"column\">\n\t\t\t<div class=\"elementor-widget-wrap elementor-element-populated\">\n\t\t\t\t\t\t<div class=\"elementor-element elementor-element-606d69a elementor-widget elementor-widget-text-editor\" data-id=\"606d69a\" data-element_type=\"widget\" data-widget_type=\"text-editor.default\">\n\t\t\t\t<div class=\"elementor-widget-container\">\n\t\t\t\t\t\t\t\t\t<p>No dia 31 de julho de 2024, a 2\u00aa Vara da Comarca de Santo Amaro da Imperatriz, proferiu senten\u00e7a condenat\u00f3ria em desfavor de tr\u00eas acusados pela pr\u00e1tica dos crimes de Associa\u00e7\u00e3o Criminosa (Art. 288, CP), Estelionato (Art. 171, CP) e Extors\u00e3o (Art. 158, CP), cuja somat\u00f3ria das penas privativa de liberdade ultrapassa 143 anos de reclus\u00e3o.<\/p>\n<p>O trabalho investigativo da Pol\u00edcia Civil do Estado de Santa Catarina iniciou-se por interm\u00e9dio conjunto das equipes investigativas das Delegacias de Pol\u00edcia das Comarcas de Santo Amaro da Imperatriz e Palho\u00e7a, \u00e0 \u00e9poca coordenadas pela delegada D\u00e9bora Mariani Jardim.<\/p>\n<p>No curso das investiga\u00e7\u00f5es, percebeu-se que os acusados, antes do ano de 2022, associaram-se entre si, de modo est\u00e1vel e permanente, com o fim espec\u00edfico de obterem, direta e indiretamente, vantagens il\u00edcitas mediante a pr\u00e1tica habitual de crimes contra o patrim\u00f4nio, especialmente a pr\u00e1tica de crimes de estelionato e extors\u00e3o. Contudo, verificando que o crime vinha ocorrendo em diversos munic\u00edpios do Estado de Santa Catarina, envolvendo o mesmo grupo criminoso, a investiga\u00e7\u00e3o teve sua finaliza\u00e7\u00e3o com a Diretoria Estadual de Investiga\u00e7\u00f5es Criminais, por interm\u00e9dio da Delegacia de Defrauda\u00e7\u00f5es \u2013 DD, que logrou \u00eaxito no cumprimento de buscas e apreens\u00f5es e pris\u00f5es em cidades deste Estado e do Rio Grande do Sul.<\/p>\n<p>Com rela\u00e7\u00e3o aos fatos, a din\u00e2mica ocorria quando o propriet\u00e1rio (v\u00edtima) do ve\u00edculo fazia o an\u00fancio na plataforma do marketplace do Facebook, com objetivo de vend\u00ea-lo, em seguida, uma pessoa (agente 01) entrava em contato e se mostrava interessado na compra do bem, sendo a negocia\u00e7\u00e3o realizada pela Internet, por\u00e9m dizia que algum familiar iria buscar o ve\u00edculo (agente 02), e o Certificado de registro de Ve\u00edculo \u2013 CRV ficava em nome de outro familiar\/amigo (agente 03). Em alguns casos a v\u00edtima entregava o ve\u00edculo, pois os agentes mostravam um comprovante de transfer\u00eancia\/dep\u00f3sito falso, e no aplicativo da v\u00edtima aparecia o saldo como \u201cBloqueado \u2013 an\u00e1lise banc\u00e1ria\u201d, posteriormente a v\u00edtima tinha a informa\u00e7\u00e3o do Banco que o dinheiro n\u00e3o havia sido depositado ou em caso de cheque, que o mesmo foi devolvido pelo Banco em raz\u00e3o de diverg\u00eancia na assinatura. No mais, que o Banco solicitado \u00e0s v\u00edtimas para transfer\u00eancia era sempre a Caixa Econ\u00f4mica Federal (CEF), pois provavelmente os criminosos descobriram um meio de burlar o sistema. No decorrer da negocia\u00e7\u00e3o, a v\u00edtima tentava contato com quem teria feito pagamento para buscar a devida quita\u00e7\u00e3o, por\u00e9m n\u00e3o obtinha o pagamento e, ainda, era extorquida a pagar determinada quantia para reaver o ve\u00edculo.<\/p>\n<p>Os crimes ocorreram em v\u00e1rios munic\u00edpios de Santa Catarina, em face de diversas v\u00edtimas, e tiveram curso por variadas linhas telef\u00f4nicas, contando com membros que sequer foram identificados, tamanha a complexidade de casos e os meios utilizados (perfis falsos na internet, diversas linhas telef\u00f4nicas, utiliza\u00e7\u00e3o de dados de pessoas interpostas &#8211; muitas delas inocentes, j\u00e1 que utilizados dados de terceiros em negocia\u00e7\u00f5es), estimando um preju\u00edzo total de cerca de R$ 1.500.000,00.&nbsp;&nbsp;<\/p>\n<p>V\u00e1rios ve\u00edculos foram recuperados e na senten\u00e7a penal condenat\u00f3ria o poder judici\u00e1rio condenou: uma pessoa, de 23 anos, ao cumprimento da pena privativa de liberdade de 35 (trinta e cinco) anos, 6 (seis) meses e 20 (vinte) dias de reclus\u00e3o, e 156 (cento e cinquenta e seis) dias-multa, no m\u00ednimo legal, em regime inicialmente fechado, por infra\u00e7\u00e3o aos artigos 288, 171 (sete vezes), 158 c\/c art. 14 (por cinco vezes) e 158, na forma do artigo 69, todos do C\u00f3digo Penal;<\/p>\n<p>Outro autor, de 41 anos, ao cumprimento da pena privativa de liberdade de 59 (cinquenta e nove) anos e 10 (dez) dias de reclus\u00e3o, e 261 (duzentos e sessenta e dois) dias-multa, no m\u00ednimo legal, em regime inicialmente fechado, por infra\u00e7\u00e3o aos artigos 288, 171 (sete vezes), 158 c\/c art. 14 (por cinco vezes) e 158, na forma do artigo 69, todos do C\u00f3digo Penal;&nbsp;<\/p>\n<p>Um terceiro integrante do esquema criminosos, de 39 anos ao cumprimento da pena privativa de liberdade de 49 (quarenta e nove) anos, 9 (nove) meses e 10 (dez) dias de reclus\u00e3o, e 216 (duzentos e dezesseis) dias-multa, no m\u00ednimo legal, em regime inicialmente fechado, por infra\u00e7\u00e3o aos artigos 288, 171 (sete vezes), 158 c\/c art. 14 (por cinco vezes) e 158, na forma do artigo 69, todos do C\u00f3digo Penal.<\/p>\n<p>Por fim, na data de hoje, a equipe de investiga\u00e7\u00e3o SIC, Delegacia da Comarca de Palho\u00e7a, atenta ao caso, percebeu que um dos condenados acima citado, estava em pris\u00e3o domiciliar fazendo uso de tornozeleira, por\u00e9m, com a condena\u00e7\u00e3o, a autoridade judici\u00e1ria revogou o benef\u00edcio e expediu Mandado de Pris\u00e3o em seu desfavor e, diante disso, ap\u00f3s contato com colegas do 12\u00ba Batalh\u00e3o da Pol\u00edcia Militar &#8211; BPM informando sobre o Mandado expedido no dia 31\/07\/2024, policiais da ROCAM do 12\u00ba BPM de Caxias do Sul (RS) cumpriram o Mandado de Pris\u00e3o na data de 01\/08\/2024.<\/p>\n<p>A delegada D\u00e9bora Mariani, que conduziu o inqu\u00e9rito, fez um agradecimento especial \u00e0s equipes investigativas das Delegacias de Palho\u00e7a e Santo Amaro da Imperatriz, bem como DEIC\/ DD.<span style=\"color: var( --e-global-color-text ); font-family: var( --e-global-typography-primary-font-family ), Sans-serif; font-size: var( --e-global-typography-primary-font-size ); font-weight: var( --e-global-typography-primary-font-weight ); letter-spacing: var( --e-global-typography-primary-letter-spacing );\">&nbsp;<\/span><\/p>\t\t\t\t\t\t\t\t<\/div>\n\t\t\t\t<\/div>\n\t\t\t\t\t<\/div>\n\t\t<\/div>\n\t\t\t\t\t<\/div>\n\t\t<\/section>\n\t\t\t\t<\/div>\n\t\t","protected":false},"excerpt":{"rendered":"<p>Opera\u00e7\u00e3o Broke Down: autores de crimes de estelionato s\u00e3o condenados a penas de pris\u00e3o, cuja soma ultrapassa 143 anos de reclus\u00e3o No dia 31 de julho de 2024, a 2\u00aa Vara da Comarca de Santo Amaro da Imperatriz, proferiu senten\u00e7a condenat\u00f3ria em desfavor de tr\u00eas acusados pela pr\u00e1tica dos crimes de Associa\u00e7\u00e3o Criminosa (Art. 288, [&hellip;]<\/p>\n","protected":false},"author":5,"featured_media":22239,"comment_status":"closed","ping_status":"open","sticky":false,"template":"","format":"standard","meta":{"_monsterinsights_skip_tracking":false,"_monsterinsights_sitenote_active":false,"_monsterinsights_sitenote_note":"","_monsterinsights_sitenote_category":0,"footnotes":""},"categories":[1],"tags":[],"class_list":["post-22238","post","type-post","status-publish","format-standard","has-post-thumbnail","hentry","category-sem-categoria"],"_links":{"self":[{"href":"https:\/\/pc.sc.gov.br\/index.php?rest_route=\/wp\/v2\/posts\/22238","targetHints":{"allow":["GET"]}}],"collection":[{"href":"https:\/\/pc.sc.gov.br\/index.php?rest_route=\/wp\/v2\/posts"}],"about":[{"href":"https:\/\/pc.sc.gov.br\/index.php?rest_route=\/wp\/v2\/types\/post"}],"author":[{"embeddable":true,"href":"https:\/\/pc.sc.gov.br\/index.php?rest_route=\/wp\/v2\/users\/5"}],"replies":[{"embeddable":true,"href":"https:\/\/pc.sc.gov.br\/index.php?rest_route=%2Fwp%2Fv2%2Fcomments&post=22238"}],"version-history":[{"count":4,"href":"https:\/\/pc.sc.gov.br\/index.php?rest_route=\/wp\/v2\/posts\/22238\/revisions"}],"predecessor-version":[{"id":22243,"href":"https:\/\/pc.sc.gov.br\/index.php?rest_route=\/wp\/v2\/posts\/22238\/revisions\/22243"}],"wp:featuredmedia":[{"embeddable":true,"href":"https:\/\/pc.sc.gov.br\/index.php?rest_route=\/wp\/v2\/media\/22239"}],"wp:attachment":[{"href":"https:\/\/pc.sc.gov.br\/index.php?rest_route=%2Fwp%2Fv2%2Fmedia&parent=22238"}],"wp:term":[{"taxonomy":"category","embeddable":true,"href":"https:\/\/pc.sc.gov.br\/index.php?rest_route=%2Fwp%2Fv2%2Fcategories&post=22238"},{"taxonomy":"post_tag","embeddable":true,"href":"https:\/\/pc.sc.gov.br\/index.php?rest_route=%2Fwp%2Fv2%2Ftags&post=22238"}],"curies":[{"name":"wp","href":"https:\/\/api.w.org\/{rel}","templated":true}]}}