{"id":22253,"date":"2024-08-02T15:35:30","date_gmt":"2024-08-02T18:35:30","guid":{"rendered":"https:\/\/pc.sc.gov.br\/?p=22253"},"modified":"2024-08-02T15:36:28","modified_gmt":"2024-08-02T18:36:28","slug":"operacao-311-acao-conjunta-da-pcsc-pci-e-gm-resulta-na-prisao-de-empresario-do-ramo-automotivo-em-palhoca","status":"publish","type":"post","link":"https:\/\/pc.sc.gov.br\/?p=22253","title":{"rendered":"Opera\u00e7\u00e3o 311 &#8211; a\u00e7\u00e3o conjunta da PCSC, PCI e GM resulta na pris\u00e3o de empres\u00e1rio do ramo automotivo em Palho\u00e7a"},"content":{"rendered":"\t\t<div data-elementor-type=\"wp-post\" data-elementor-id=\"22253\" class=\"elementor elementor-22253\" data-elementor-post-type=\"post\">\n\t\t\t\t\t\t<section class=\"elementor-section elementor-top-section elementor-element elementor-element-6b81d1f elementor-section-boxed elementor-section-height-default elementor-section-height-default\" data-id=\"6b81d1f\" data-element_type=\"section\">\n\t\t\t\t\t\t<div class=\"elementor-container elementor-column-gap-default\">\n\t\t\t\t\t<div class=\"elementor-column elementor-col-100 elementor-top-column elementor-element elementor-element-8e5b7ec\" data-id=\"8e5b7ec\" data-element_type=\"column\">\n\t\t\t<div class=\"elementor-widget-wrap elementor-element-populated\">\n\t\t\t\t\t\t<div class=\"elementor-element elementor-element-1f0c545 elementor-widget elementor-widget-heading\" data-id=\"1f0c545\" data-element_type=\"widget\" data-widget_type=\"heading.default\">\n\t\t\t\t<div class=\"elementor-widget-container\">\n\t\t\t\t\t<h2 class=\"elementor-heading-title elementor-size-default\">Opera\u00e7\u00e3o 311 - a\u00e7\u00e3o conjunta da PCSC, PCI e GM resulta na pris\u00e3o de empres\u00e1rio do ramo automotivo em Palho\u00e7a<\/h2>\t\t\t\t<\/div>\n\t\t\t\t<\/div>\n\t\t\t\t\t<\/div>\n\t\t<\/div>\n\t\t\t\t\t<\/div>\n\t\t<\/section>\n\t\t\t\t<section class=\"elementor-section elementor-top-section elementor-element elementor-element-89d8171 elementor-section-boxed elementor-section-height-default elementor-section-height-default\" data-id=\"89d8171\" data-element_type=\"section\">\n\t\t\t\t\t\t<div class=\"elementor-container elementor-column-gap-default\">\n\t\t\t\t\t<div class=\"elementor-column elementor-col-100 elementor-top-column elementor-element elementor-element-416d07a\" data-id=\"416d07a\" data-element_type=\"column\">\n\t\t\t<div class=\"elementor-widget-wrap elementor-element-populated\">\n\t\t\t\t\t\t<div class=\"elementor-element elementor-element-4a62e2b elementor-widget elementor-widget-image\" data-id=\"4a62e2b\" data-element_type=\"widget\" data-widget_type=\"image.default\">\n\t\t\t\t<div class=\"elementor-widget-container\">\n\t\t\t\t\t\t\t\t\t\t\t\t\t\t\t<img fetchpriority=\"high\" decoding=\"async\" width=\"696\" height=\"370\" src=\"https:\/\/pc.sc.gov.br\/\/wp-content\/uploads\/2024\/08\/a0e33b74-b9ee-4a33-b5a6-e87ccecea627-fotor-20240802153343-1024x545.jpg\" class=\"attachment-large size-large wp-image-22254\" alt=\"\" srcset=\"https:\/\/pc.sc.gov.br\/\/wp-content\/uploads\/2024\/08\/a0e33b74-b9ee-4a33-b5a6-e87ccecea627-fotor-20240802153343-1024x545.jpg 1024w, https:\/\/pc.sc.gov.br\/\/wp-content\/uploads\/2024\/08\/a0e33b74-b9ee-4a33-b5a6-e87ccecea627-fotor-20240802153343-300x160.jpg 300w, https:\/\/pc.sc.gov.br\/\/wp-content\/uploads\/2024\/08\/a0e33b74-b9ee-4a33-b5a6-e87ccecea627-fotor-20240802153343-768x409.jpg 768w, https:\/\/pc.sc.gov.br\/\/wp-content\/uploads\/2024\/08\/a0e33b74-b9ee-4a33-b5a6-e87ccecea627-fotor-20240802153343.jpg 1520w\" sizes=\"(max-width: 696px) 100vw, 696px\" \/>\t\t\t\t\t\t\t\t\t\t\t\t\t\t\t<\/div>\n\t\t\t\t<\/div>\n\t\t\t\t\t<\/div>\n\t\t<\/div>\n\t\t\t\t\t<\/div>\n\t\t<\/section>\n\t\t\t\t<section class=\"elementor-section elementor-top-section elementor-element elementor-element-2cd26c5 elementor-section-boxed elementor-section-height-default elementor-section-height-default\" data-id=\"2cd26c5\" data-element_type=\"section\">\n\t\t\t\t\t\t<div class=\"elementor-container elementor-column-gap-default\">\n\t\t\t\t\t<div class=\"elementor-column elementor-col-100 elementor-top-column elementor-element elementor-element-0a3e7fe\" data-id=\"0a3e7fe\" data-element_type=\"column\">\n\t\t\t<div class=\"elementor-widget-wrap elementor-element-populated\">\n\t\t\t\t\t\t<div class=\"elementor-element elementor-element-15f4db7 elementor-widget elementor-widget-text-editor\" data-id=\"15f4db7\" data-element_type=\"widget\" data-widget_type=\"text-editor.default\">\n\t\t\t\t<div class=\"elementor-widget-container\">\n\t\t\t\t\t\t\t\t\t<p>A Pol\u00edcia Civil de Santa Catarina, por interm\u00e9dio da Delegacia de Furtos e Roubos de Ve\u00edculos (DFRV) da DEIC, realizou nesta quinta-feira (01) uma opera\u00e7\u00e3o conjunta com a Secretaria Municipal de Seguran\u00e7a de Palho\u00e7a e Pol\u00edcia Cient\u00edfica (PCI). A a\u00e7\u00e3o policial deu continuidade \u00e0s a\u00e7\u00f5es de fiscaliza\u00e7\u00e3o da Opera\u00e7\u00e3o 311, que visa coibir o com\u00e9rcio ilegal de pe\u00e7as automotivas, identificaram mais um estabelecimento respons\u00e1vel pela venda irregular de pe\u00e7as de ve\u00edculos, no centro do Munic\u00edpio de Palho\u00e7a.<\/p><p>Durante as dilig\u00eancias, foram localizadas partes\/pe\u00e7as de 10 ve\u00edculos com os sinais identificadores suprimidos. De acordo com o delegado Diego Azevedo, titular da DFRV\/DEIC o propriet\u00e1rio do estabelecimento fiscalizado tamb\u00e9m recebeu um auto de intima\u00e7\u00e3o da Vigil\u00e2ncia Sanit\u00e1ria, em fun\u00e7\u00e3o de manter pe\u00e7as de ve\u00edculos, pneus, carca\u00e7as e sucatas a c\u00e9u aberto. A empresa tamb\u00e9m n\u00e3o apresentou alvar\u00e1 de funcionamento da Prefeitura, do Corpo de Bombeiros e nem Funda\u00e7\u00e3o Cambirela do Meio Ambiente (FCAM).<\/p><p>O dono do estabelecimento foi conduzido \u00e0 sede da DEIC e autuado em flagrante pelo crime de recepta\u00e7\u00e3o qualificada e adultera\u00e7\u00e3o de sinal identificador de ve\u00edculo. O investigado j\u00e1 possui condena\u00e7\u00e3o no estado do Mato Grosso do Sul, pelo crime de furto qualificado em ag\u00eancias banc\u00e1rias.<\/p><p>A opera\u00e7\u00e3o 311 \u00e9 uma a\u00e7\u00e3o permanente de fiscaliza\u00e7\u00e3o de Empresas do ramo de autope\u00e7as, que visa o combate ao crime de recepta\u00e7\u00e3o de pe\u00e7as automotivas de proced\u00eancia il\u00edcita.<\/p><div>\u00a0<\/div>\t\t\t\t\t\t\t\t<\/div>\n\t\t\t\t<\/div>\n\t\t\t\t\t<\/div>\n\t\t<\/div>\n\t\t\t\t\t<\/div>\n\t\t<\/section>\n\t\t\t\t<\/div>\n\t\t","protected":false},"excerpt":{"rendered":"<p>Opera\u00e7\u00e3o 311 &#8211; a\u00e7\u00e3o conjunta da PCSC, PCI e GM resulta na pris\u00e3o de empres\u00e1rio do ramo automotivo em Palho\u00e7a A Pol\u00edcia Civil de Santa Catarina, por interm\u00e9dio da Delegacia de Furtos e Roubos de Ve\u00edculos (DFRV) da DEIC, realizou nesta quinta-feira (01) uma opera\u00e7\u00e3o conjunta com a Secretaria Municipal de Seguran\u00e7a de Palho\u00e7a e [&hellip;]<\/p>\n","protected":false},"author":5,"featured_media":22254,"comment_status":"closed","ping_status":"open","sticky":false,"template":"","format":"standard","meta":{"_monsterinsights_skip_tracking":false,"_monsterinsights_sitenote_active":false,"_monsterinsights_sitenote_note":"","_monsterinsights_sitenote_category":0,"footnotes":""},"categories":[1],"tags":[],"class_list":["post-22253","post","type-post","status-publish","format-standard","has-post-thumbnail","hentry","category-sem-categoria"],"_links":{"self":[{"href":"https:\/\/pc.sc.gov.br\/index.php?rest_route=\/wp\/v2\/posts\/22253","targetHints":{"allow":["GET"]}}],"collection":[{"href":"https:\/\/pc.sc.gov.br\/index.php?rest_route=\/wp\/v2\/posts"}],"about":[{"href":"https:\/\/pc.sc.gov.br\/index.php?rest_route=\/wp\/v2\/types\/post"}],"author":[{"embeddable":true,"href":"https:\/\/pc.sc.gov.br\/index.php?rest_route=\/wp\/v2\/users\/5"}],"replies":[{"embeddable":true,"href":"https:\/\/pc.sc.gov.br\/index.php?rest_route=%2Fwp%2Fv2%2Fcomments&post=22253"}],"version-history":[{"count":4,"href":"https:\/\/pc.sc.gov.br\/index.php?rest_route=\/wp\/v2\/posts\/22253\/revisions"}],"predecessor-version":[{"id":22258,"href":"https:\/\/pc.sc.gov.br\/index.php?rest_route=\/wp\/v2\/posts\/22253\/revisions\/22258"}],"wp:featuredmedia":[{"embeddable":true,"href":"https:\/\/pc.sc.gov.br\/index.php?rest_route=\/wp\/v2\/media\/22254"}],"wp:attachment":[{"href":"https:\/\/pc.sc.gov.br\/index.php?rest_route=%2Fwp%2Fv2%2Fmedia&parent=22253"}],"wp:term":[{"taxonomy":"category","embeddable":true,"href":"https:\/\/pc.sc.gov.br\/index.php?rest_route=%2Fwp%2Fv2%2Fcategories&post=22253"},{"taxonomy":"post_tag","embeddable":true,"href":"https:\/\/pc.sc.gov.br\/index.php?rest_route=%2Fwp%2Fv2%2Ftags&post=22253"}],"curies":[{"name":"wp","href":"https:\/\/api.w.org\/{rel}","templated":true}]}}