{"id":22259,"date":"2024-08-02T16:34:12","date_gmt":"2024-08-02T19:34:12","guid":{"rendered":"https:\/\/pc.sc.gov.br\/?p=22259"},"modified":"2024-08-02T17:41:27","modified_gmt":"2024-08-02T20:41:27","slug":"agosto-lilas-dpco-de-braco-do-norte-promove-palestra-e-exposicao-fotografica-em-armazem","status":"publish","type":"post","link":"https:\/\/pc.sc.gov.br\/?p=22259","title":{"rendered":"Agosto Lil\u00e1s: DPCo de Bra\u00e7o do Norte promove palestra e exposi\u00e7\u00e3o fotogr\u00e1fica em Armaz\u00e9m"},"content":{"rendered":"\t\t<div data-elementor-type=\"wp-post\" data-elementor-id=\"22259\" class=\"elementor elementor-22259\" data-elementor-post-type=\"post\">\n\t\t\t\t\t\t<section class=\"elementor-section elementor-top-section elementor-element elementor-element-b8aca23 elementor-section-boxed elementor-section-height-default elementor-section-height-default\" data-id=\"b8aca23\" data-element_type=\"section\">\n\t\t\t\t\t\t<div class=\"elementor-container elementor-column-gap-default\">\n\t\t\t\t\t<div class=\"elementor-column elementor-col-100 elementor-top-column elementor-element elementor-element-d31eb75\" data-id=\"d31eb75\" data-element_type=\"column\">\n\t\t\t<div class=\"elementor-widget-wrap elementor-element-populated\">\n\t\t\t\t\t\t<div class=\"elementor-element elementor-element-b37d44b elementor-widget elementor-widget-heading\" data-id=\"b37d44b\" data-element_type=\"widget\" data-widget_type=\"heading.default\">\n\t\t\t\t<div class=\"elementor-widget-container\">\n\t\t\t\t\t<h2 class=\"elementor-heading-title elementor-size-default\">Agosto Lil\u00e1s: DPCo de Bra\u00e7o do Norte promove palestra e exposi\u00e7\u00e3o fotogr\u00e1fica em Armaz\u00e9m<\/h2>\t\t\t\t<\/div>\n\t\t\t\t<\/div>\n\t\t\t\t\t<\/div>\n\t\t<\/div>\n\t\t\t\t\t<\/div>\n\t\t<\/section>\n\t\t\t\t<section class=\"elementor-section elementor-top-section elementor-element elementor-element-fd0da5c elementor-section-boxed elementor-section-height-default elementor-section-height-default\" data-id=\"fd0da5c\" data-element_type=\"section\">\n\t\t\t\t\t\t<div class=\"elementor-container elementor-column-gap-default\">\n\t\t\t\t\t<div class=\"elementor-column elementor-col-100 elementor-top-column elementor-element elementor-element-21a07ae\" data-id=\"21a07ae\" data-element_type=\"column\">\n\t\t\t<div class=\"elementor-widget-wrap elementor-element-populated\">\n\t\t\t\t\t\t<div class=\"elementor-element elementor-element-77bf168 elementor-widget elementor-widget-image\" data-id=\"77bf168\" data-element_type=\"widget\" data-widget_type=\"image.default\">\n\t\t\t\t<div class=\"elementor-widget-container\">\n\t\t\t\t\t\t\t\t\t\t\t\t\t\t\t<img fetchpriority=\"high\" decoding=\"async\" width=\"696\" height=\"544\" src=\"https:\/\/pc.sc.gov.br\/\/wp-content\/uploads\/2024\/08\/87df3582-d222-4adc-a53c-047c81fe8059-fotor-20240802155021-1024x801.jpg\" class=\"attachment-large size-large wp-image-22260\" alt=\"\" srcset=\"https:\/\/pc.sc.gov.br\/\/wp-content\/uploads\/2024\/08\/87df3582-d222-4adc-a53c-047c81fe8059-fotor-20240802155021-1024x801.jpg 1024w, https:\/\/pc.sc.gov.br\/\/wp-content\/uploads\/2024\/08\/87df3582-d222-4adc-a53c-047c81fe8059-fotor-20240802155021-300x235.jpg 300w, https:\/\/pc.sc.gov.br\/\/wp-content\/uploads\/2024\/08\/87df3582-d222-4adc-a53c-047c81fe8059-fotor-20240802155021-768x601.jpg 768w, https:\/\/pc.sc.gov.br\/\/wp-content\/uploads\/2024\/08\/87df3582-d222-4adc-a53c-047c81fe8059-fotor-20240802155021.jpg 1200w\" sizes=\"(max-width: 696px) 100vw, 696px\" \/>\t\t\t\t\t\t\t\t\t\t\t\t\t\t\t<\/div>\n\t\t\t\t<\/div>\n\t\t\t\t\t<\/div>\n\t\t<\/div>\n\t\t\t\t\t<\/div>\n\t\t<\/section>\n\t\t\t\t<section class=\"elementor-section elementor-top-section elementor-element elementor-element-16bb490 elementor-section-boxed elementor-section-height-default elementor-section-height-default\" data-id=\"16bb490\" data-element_type=\"section\">\n\t\t\t\t\t\t<div class=\"elementor-container elementor-column-gap-default\">\n\t\t\t\t\t<div class=\"elementor-column elementor-col-100 elementor-top-column elementor-element elementor-element-728a70e\" data-id=\"728a70e\" data-element_type=\"column\">\n\t\t\t<div class=\"elementor-widget-wrap elementor-element-populated\">\n\t\t\t\t\t\t<div class=\"elementor-element elementor-element-cb6d73b elementor-widget elementor-widget-text-editor\" data-id=\"cb6d73b\" data-element_type=\"widget\" data-widget_type=\"text-editor.default\">\n\t\t\t\t<div class=\"elementor-widget-container\">\n\t\t\t\t\t\t\t\t\t<p>Em evento alusivo ao Agosto Lil\u00e1s, a psic\u00f3loga policial civil Clarissa Enderle, que atua na Delegacia de Pol\u00edcia da Comarca de Bra\u00e7o do Norte proferiu uma palestra nesta quinta-feira (01) sobre viol\u00eancia contra mulher, no munic\u00edpio de Armaz\u00e9m. Promovida pela Secretaria de Assist\u00eancia Social do munic\u00edpio em parceria com a DPCo de Bra\u00e7o do Norte o evento tamb\u00e9m contou a presen\u00e7a do o juiz de direito Maur\u00edcio Fabiano Mortari.<\/p>\n<p>Al\u00e9m das palestras sobre o tema, os participantes do evento tamb\u00e9m conheceram a exposi\u00e7\u00e3o fotogr\u00e1fica \u201cEspelho Meu: Preven\u00e7\u00e3o \u00e0 viol\u00eancia de g\u00eanero&#8221; , mais uma iniciativa da PCSC para chamar a aten\u00e7\u00e3o sobre o tema, por meio da linguagem fotogr\u00e1fica. A mostra est\u00e1 aberta \u00e0 visita\u00e7\u00e3o at\u00e9 o dia 09\/08, no Centro de Conviv\u00eancia do Idoso, em Armaz\u00e9m.&nbsp;<\/p>\n<p>A mostra \u00e9 composta por 30 fotografias de mulheres que foram v\u00edtimas de viol\u00eancia dom\u00e9stica, no ano de 2018, no munic\u00edpio de S\u00e3o Jos\u00e9, e foram feitas voluntariamente por alunos da escola de fotografia C\u00e2mera Criativa. O objetivo deste projeto foi o de restaurar a autoestima e empoderar essas mulheres. Al\u00e9m das imagens impressas, o visitante tamb\u00e9m pode assistir ao v\u00eddeo com depoimento das mulheres v\u00edtimas de agress\u00e3o que buscaram ajuda e retomaram o controle de suas vidas.<\/p>\t\t\t\t\t\t\t\t<\/div>\n\t\t\t\t<\/div>\n\t\t\t\t\t<\/div>\n\t\t<\/div>\n\t\t\t\t\t<\/div>\n\t\t<\/section>\n\t\t\t\t<\/div>\n\t\t","protected":false},"excerpt":{"rendered":"<p>Agosto Lil\u00e1s: DPCo de Bra\u00e7o do Norte promove palestra e exposi\u00e7\u00e3o fotogr\u00e1fica em Armaz\u00e9m Em evento alusivo ao Agosto Lil\u00e1s, a psic\u00f3loga policial civil Clarissa Enderle, que atua na Delegacia de Pol\u00edcia da Comarca de Bra\u00e7o do Norte proferiu uma palestra nesta quinta-feira (01) sobre viol\u00eancia contra mulher, no munic\u00edpio de Armaz\u00e9m. Promovida pela Secretaria [&hellip;]<\/p>\n","protected":false},"author":5,"featured_media":22260,"comment_status":"closed","ping_status":"open","sticky":false,"template":"","format":"standard","meta":{"_monsterinsights_skip_tracking":false,"_monsterinsights_sitenote_active":false,"_monsterinsights_sitenote_note":"","_monsterinsights_sitenote_category":0,"footnotes":""},"categories":[1],"tags":[],"class_list":["post-22259","post","type-post","status-publish","format-standard","has-post-thumbnail","hentry","category-sem-categoria"],"_links":{"self":[{"href":"https:\/\/pc.sc.gov.br\/index.php?rest_route=\/wp\/v2\/posts\/22259","targetHints":{"allow":["GET"]}}],"collection":[{"href":"https:\/\/pc.sc.gov.br\/index.php?rest_route=\/wp\/v2\/posts"}],"about":[{"href":"https:\/\/pc.sc.gov.br\/index.php?rest_route=\/wp\/v2\/types\/post"}],"author":[{"embeddable":true,"href":"https:\/\/pc.sc.gov.br\/index.php?rest_route=\/wp\/v2\/users\/5"}],"replies":[{"embeddable":true,"href":"https:\/\/pc.sc.gov.br\/index.php?rest_route=%2Fwp%2Fv2%2Fcomments&post=22259"}],"version-history":[{"count":7,"href":"https:\/\/pc.sc.gov.br\/index.php?rest_route=\/wp\/v2\/posts\/22259\/revisions"}],"predecessor-version":[{"id":22274,"href":"https:\/\/pc.sc.gov.br\/index.php?rest_route=\/wp\/v2\/posts\/22259\/revisions\/22274"}],"wp:featuredmedia":[{"embeddable":true,"href":"https:\/\/pc.sc.gov.br\/index.php?rest_route=\/wp\/v2\/media\/22260"}],"wp:attachment":[{"href":"https:\/\/pc.sc.gov.br\/index.php?rest_route=%2Fwp%2Fv2%2Fmedia&parent=22259"}],"wp:term":[{"taxonomy":"category","embeddable":true,"href":"https:\/\/pc.sc.gov.br\/index.php?rest_route=%2Fwp%2Fv2%2Fcategories&post=22259"},{"taxonomy":"post_tag","embeddable":true,"href":"https:\/\/pc.sc.gov.br\/index.php?rest_route=%2Fwp%2Fv2%2Ftags&post=22259"}],"curies":[{"name":"wp","href":"https:\/\/api.w.org\/{rel}","templated":true}]}}