{"id":22265,"date":"2024-08-02T17:11:34","date_gmt":"2024-08-02T20:11:34","guid":{"rendered":"https:\/\/pc.sc.gov.br\/?p=22265"},"modified":"2024-08-02T17:12:21","modified_gmt":"2024-08-02T20:12:21","slug":"em-joinville-pcsc-deflagra-operacao-e-prende-dois-investigados-pelo-crime-de-roubo-a-residencias","status":"publish","type":"post","link":"https:\/\/pc.sc.gov.br\/?p=22265","title":{"rendered":"Em Joinville, PCSC deflagra opera\u00e7\u00e3o e prende dois investigados pelo crime de roubo a resid\u00eancias"},"content":{"rendered":"\t\t<div data-elementor-type=\"wp-post\" data-elementor-id=\"22265\" class=\"elementor elementor-22265\" data-elementor-post-type=\"post\">\n\t\t\t\t\t\t<section class=\"elementor-section elementor-top-section elementor-element elementor-element-41c760a elementor-section-boxed elementor-section-height-default elementor-section-height-default\" data-id=\"41c760a\" data-element_type=\"section\">\n\t\t\t\t\t\t<div class=\"elementor-container elementor-column-gap-default\">\n\t\t\t\t\t<div class=\"elementor-column elementor-col-100 elementor-top-column elementor-element elementor-element-b49b9ce\" data-id=\"b49b9ce\" data-element_type=\"column\">\n\t\t\t<div class=\"elementor-widget-wrap elementor-element-populated\">\n\t\t\t\t\t\t<div class=\"elementor-element elementor-element-49934e5 elementor-widget elementor-widget-heading\" data-id=\"49934e5\" data-element_type=\"widget\" data-widget_type=\"heading.default\">\n\t\t\t\t<div class=\"elementor-widget-container\">\n\t\t\t\t\t<h2 class=\"elementor-heading-title elementor-size-default\">Em Joinville, PCSC deflagra opera\u00e7\u00e3o e prende dois investigados pelo crime de roubo a resid\u00eancias<\/h2>\t\t\t\t<\/div>\n\t\t\t\t<\/div>\n\t\t\t\t\t<\/div>\n\t\t<\/div>\n\t\t\t\t\t<\/div>\n\t\t<\/section>\n\t\t\t\t<section class=\"elementor-section elementor-top-section elementor-element elementor-element-b301436 elementor-section-boxed elementor-section-height-default elementor-section-height-default\" data-id=\"b301436\" data-element_type=\"section\">\n\t\t\t\t\t\t<div class=\"elementor-container elementor-column-gap-default\">\n\t\t\t\t\t<div class=\"elementor-column elementor-col-100 elementor-top-column elementor-element elementor-element-bca8268\" data-id=\"bca8268\" data-element_type=\"column\">\n\t\t\t<div class=\"elementor-widget-wrap elementor-element-populated\">\n\t\t\t\t\t\t<div class=\"elementor-element elementor-element-61a506b elementor-widget elementor-widget-image\" data-id=\"61a506b\" data-element_type=\"widget\" data-widget_type=\"image.default\">\n\t\t\t\t<div class=\"elementor-widget-container\">\n\t\t\t\t\t\t\t\t\t\t\t\t\t\t\t<img fetchpriority=\"high\" decoding=\"async\" width=\"696\" height=\"392\" src=\"https:\/\/pc.sc.gov.br\/\/wp-content\/uploads\/2024\/08\/WhatsApp-Image-2024-08-02-at-14.14.46-1024x576.jpeg\" class=\"attachment-large size-large wp-image-22266\" alt=\"\" srcset=\"https:\/\/pc.sc.gov.br\/\/wp-content\/uploads\/2024\/08\/WhatsApp-Image-2024-08-02-at-14.14.46-1024x576.jpeg 1024w, https:\/\/pc.sc.gov.br\/\/wp-content\/uploads\/2024\/08\/WhatsApp-Image-2024-08-02-at-14.14.46-300x169.jpeg 300w, https:\/\/pc.sc.gov.br\/\/wp-content\/uploads\/2024\/08\/WhatsApp-Image-2024-08-02-at-14.14.46-768x432.jpeg 768w, https:\/\/pc.sc.gov.br\/\/wp-content\/uploads\/2024\/08\/WhatsApp-Image-2024-08-02-at-14.14.46-1536x864.jpeg 1536w, https:\/\/pc.sc.gov.br\/\/wp-content\/uploads\/2024\/08\/WhatsApp-Image-2024-08-02-at-14.14.46.jpeg 1600w\" sizes=\"(max-width: 696px) 100vw, 696px\" \/>\t\t\t\t\t\t\t\t\t\t\t\t\t\t\t<\/div>\n\t\t\t\t<\/div>\n\t\t\t\t\t<\/div>\n\t\t<\/div>\n\t\t\t\t\t<\/div>\n\t\t<\/section>\n\t\t\t\t<section class=\"elementor-section elementor-top-section elementor-element elementor-element-a790ba2 elementor-section-boxed elementor-section-height-default elementor-section-height-default\" data-id=\"a790ba2\" data-element_type=\"section\">\n\t\t\t\t\t\t<div class=\"elementor-container elementor-column-gap-default\">\n\t\t\t\t\t<div class=\"elementor-column elementor-col-100 elementor-top-column elementor-element elementor-element-04dd4f8\" data-id=\"04dd4f8\" data-element_type=\"column\">\n\t\t\t<div class=\"elementor-widget-wrap elementor-element-populated\">\n\t\t\t\t\t\t<div class=\"elementor-element elementor-element-41c0be2 elementor-widget elementor-widget-text-editor\" data-id=\"41c0be2\" data-element_type=\"widget\" data-widget_type=\"text-editor.default\">\n\t\t\t\t<div class=\"elementor-widget-container\">\n\t\t\t\t\t\t\t\t\t<p>A Pol\u00edcia Civil de Santa Catarina, por meio da Delegacia de Repress\u00e3o a Roubos, Do Departamento de Investiga\u00e7\u00f5es Criminais de Joinville, realizou nesta sexta-feira (02), no munic\u00edpio de Joinville, uma opera\u00e7\u00e3o visando dar cumprimento a seis mandados de busca e apreens\u00e3o e dois mandados de pris\u00e3o.<\/p><p>As investiga\u00e7\u00f5es se iniciaram em fevereiro deste ano, ap\u00f3s o acionamento da Pol\u00edcia Civil para apurar a conduta de uma quadrilha que praticava roubos a resid\u00eancias. Assim, restou comprovada a participa\u00e7\u00e3o do grupo em dois roubos, sendo um no bairro Costa e Silva e outro no bairro Aventureiro, em Joinville. Os criminosos agiam com bastante viol\u00eancia, sempre amea\u00e7ando e agredindo as v\u00edtimas.\u00a0<\/p><p>Durante o cumprimento das ordens judiciais, no bairro Jardim Para\u00edso, foi apreendida uma arma de fogo, muni\u00e7\u00f5es e entorpecente (coca\u00edna). Diante disso, dois indiv\u00edduos foram presos e encaminhados \u00e0 sede do Departamento de Investiga\u00e7\u00f5es Criminais de Joinville para os procedimentos de pol\u00edcia judici\u00e1ria pertinentes.<\/p>\t\t\t\t\t\t\t\t<\/div>\n\t\t\t\t<\/div>\n\t\t\t\t\t<\/div>\n\t\t<\/div>\n\t\t\t\t\t<\/div>\n\t\t<\/section>\n\t\t\t\t<\/div>\n\t\t","protected":false},"excerpt":{"rendered":"<p>Em Joinville, PCSC deflagra opera\u00e7\u00e3o e prende dois investigados pelo crime de roubo a resid\u00eancias A Pol\u00edcia Civil de Santa Catarina, por meio da Delegacia de Repress\u00e3o a Roubos, Do Departamento de Investiga\u00e7\u00f5es Criminais de Joinville, realizou nesta sexta-feira (02), no munic\u00edpio de Joinville, uma opera\u00e7\u00e3o visando dar cumprimento a seis mandados de busca e [&hellip;]<\/p>\n","protected":false},"author":5,"featured_media":22266,"comment_status":"closed","ping_status":"open","sticky":false,"template":"","format":"standard","meta":{"_monsterinsights_skip_tracking":false,"_monsterinsights_sitenote_active":false,"_monsterinsights_sitenote_note":"","_monsterinsights_sitenote_category":0,"footnotes":""},"categories":[1],"tags":[],"class_list":["post-22265","post","type-post","status-publish","format-standard","has-post-thumbnail","hentry","category-sem-categoria"],"_links":{"self":[{"href":"https:\/\/pc.sc.gov.br\/index.php?rest_route=\/wp\/v2\/posts\/22265","targetHints":{"allow":["GET"]}}],"collection":[{"href":"https:\/\/pc.sc.gov.br\/index.php?rest_route=\/wp\/v2\/posts"}],"about":[{"href":"https:\/\/pc.sc.gov.br\/index.php?rest_route=\/wp\/v2\/types\/post"}],"author":[{"embeddable":true,"href":"https:\/\/pc.sc.gov.br\/index.php?rest_route=\/wp\/v2\/users\/5"}],"replies":[{"embeddable":true,"href":"https:\/\/pc.sc.gov.br\/index.php?rest_route=%2Fwp%2Fv2%2Fcomments&post=22265"}],"version-history":[{"count":4,"href":"https:\/\/pc.sc.gov.br\/index.php?rest_route=\/wp\/v2\/posts\/22265\/revisions"}],"predecessor-version":[{"id":22270,"href":"https:\/\/pc.sc.gov.br\/index.php?rest_route=\/wp\/v2\/posts\/22265\/revisions\/22270"}],"wp:featuredmedia":[{"embeddable":true,"href":"https:\/\/pc.sc.gov.br\/index.php?rest_route=\/wp\/v2\/media\/22266"}],"wp:attachment":[{"href":"https:\/\/pc.sc.gov.br\/index.php?rest_route=%2Fwp%2Fv2%2Fmedia&parent=22265"}],"wp:term":[{"taxonomy":"category","embeddable":true,"href":"https:\/\/pc.sc.gov.br\/index.php?rest_route=%2Fwp%2Fv2%2Fcategories&post=22265"},{"taxonomy":"post_tag","embeddable":true,"href":"https:\/\/pc.sc.gov.br\/index.php?rest_route=%2Fwp%2Fv2%2Ftags&post=22265"}],"curies":[{"name":"wp","href":"https:\/\/api.w.org\/{rel}","templated":true}]}}