{"id":22275,"date":"2024-08-02T17:52:11","date_gmt":"2024-08-02T20:52:11","guid":{"rendered":"https:\/\/pc.sc.gov.br\/?p=22275"},"modified":"2024-08-02T17:58:19","modified_gmt":"2024-08-02T20:58:19","slug":"apos-investigacao-pcsc-identifica-e-prende-autor-de-roubo-de-veiculo-com-uso-de-arma-de-fogo-em-criciuma","status":"publish","type":"post","link":"https:\/\/pc.sc.gov.br\/?p=22275","title":{"rendered":"Ap\u00f3s investiga\u00e7\u00e3o, PCSC identifica e prende autor de roubo de ve\u00edculo com uso de arma de fogo, em Crici\u00fama"},"content":{"rendered":"\t\t<div data-elementor-type=\"wp-post\" data-elementor-id=\"22275\" class=\"elementor elementor-22275\" data-elementor-post-type=\"post\">\n\t\t\t\t\t\t<section class=\"elementor-section elementor-top-section elementor-element elementor-element-7dfc3bf elementor-section-boxed elementor-section-height-default elementor-section-height-default\" data-id=\"7dfc3bf\" data-element_type=\"section\">\n\t\t\t\t\t\t<div class=\"elementor-container elementor-column-gap-default\">\n\t\t\t\t\t<div class=\"elementor-column elementor-col-100 elementor-top-column elementor-element elementor-element-9f444db\" data-id=\"9f444db\" data-element_type=\"column\">\n\t\t\t<div class=\"elementor-widget-wrap elementor-element-populated\">\n\t\t\t\t\t\t<div class=\"elementor-element elementor-element-1d06a88 elementor-widget elementor-widget-heading\" data-id=\"1d06a88\" data-element_type=\"widget\" data-widget_type=\"heading.default\">\n\t\t\t\t<div class=\"elementor-widget-container\">\n\t\t\t\t\t<h2 class=\"elementor-heading-title elementor-size-default\">Ap\u00f3s investiga\u00e7\u00e3o, PCSC identifica e prende autor de roubo de ve\u00edculo com uso de arma de fogo, em Crici\u00fama<\/h2>\t\t\t\t<\/div>\n\t\t\t\t<\/div>\n\t\t\t\t\t<\/div>\n\t\t<\/div>\n\t\t\t\t\t<\/div>\n\t\t<\/section>\n\t\t\t\t<section class=\"elementor-section elementor-top-section elementor-element elementor-element-6ce1a2f elementor-section-boxed elementor-section-height-default elementor-section-height-default\" data-id=\"6ce1a2f\" data-element_type=\"section\">\n\t\t\t\t\t\t<div class=\"elementor-container elementor-column-gap-default\">\n\t\t\t\t\t<div class=\"elementor-column elementor-col-100 elementor-top-column elementor-element elementor-element-501a666\" data-id=\"501a666\" data-element_type=\"column\">\n\t\t\t<div class=\"elementor-widget-wrap elementor-element-populated\">\n\t\t\t\t\t\t<div class=\"elementor-element elementor-element-a205675 elementor-widget elementor-widget-image\" data-id=\"a205675\" data-element_type=\"widget\" data-widget_type=\"image.default\">\n\t\t\t\t<div class=\"elementor-widget-container\">\n\t\t\t\t\t\t\t\t\t\t\t\t\t\t\t<img fetchpriority=\"high\" decoding=\"async\" width=\"696\" height=\"392\" src=\"https:\/\/pc.sc.gov.br\/\/wp-content\/uploads\/2024\/08\/WhatsApp-Image-2024-08-02-at-17.10.15-1024x577.jpeg\" class=\"attachment-large size-large wp-image-22276\" alt=\"\" srcset=\"https:\/\/pc.sc.gov.br\/\/wp-content\/uploads\/2024\/08\/WhatsApp-Image-2024-08-02-at-17.10.15-1024x577.jpeg 1024w, https:\/\/pc.sc.gov.br\/\/wp-content\/uploads\/2024\/08\/WhatsApp-Image-2024-08-02-at-17.10.15-300x169.jpeg 300w, https:\/\/pc.sc.gov.br\/\/wp-content\/uploads\/2024\/08\/WhatsApp-Image-2024-08-02-at-17.10.15-768x433.jpeg 768w, https:\/\/pc.sc.gov.br\/\/wp-content\/uploads\/2024\/08\/WhatsApp-Image-2024-08-02-at-17.10.15.jpeg 1200w\" sizes=\"(max-width: 696px) 100vw, 696px\" \/>\t\t\t\t\t\t\t\t\t\t\t\t\t\t\t<\/div>\n\t\t\t\t<\/div>\n\t\t\t\t\t<\/div>\n\t\t<\/div>\n\t\t\t\t\t<\/div>\n\t\t<\/section>\n\t\t\t\t<section class=\"elementor-section elementor-top-section elementor-element elementor-element-c99221f elementor-section-boxed elementor-section-height-default elementor-section-height-default\" data-id=\"c99221f\" data-element_type=\"section\">\n\t\t\t\t\t\t<div class=\"elementor-container elementor-column-gap-default\">\n\t\t\t\t\t<div class=\"elementor-column elementor-col-100 elementor-top-column elementor-element elementor-element-94772b1\" data-id=\"94772b1\" data-element_type=\"column\">\n\t\t\t<div class=\"elementor-widget-wrap elementor-element-populated\">\n\t\t\t\t\t\t<div class=\"elementor-element elementor-element-61f0c05 elementor-widget elementor-widget-text-editor\" data-id=\"61f0c05\" data-element_type=\"widget\" data-widget_type=\"text-editor.default\">\n\t\t\t\t<div class=\"elementor-widget-container\">\n\t\t\t\t\t\t\t\t\t<p>A Pol\u00edcia Civil de Santa Catarina, por meio da Delegacia de Repress\u00e3o a Roubos (DRR\/DIC) Crici\u00fama, coordenada pelo Delegado Yuri Miqueluzzi, finalizou apura\u00e7\u00e3o policial de roubo com uso de arma de fogo, ocorrido no bairro Cidade Mineira Nova, em Crici\u00fama. O autom\u00f3vel subtra\u00eddo foi recuperado e restitu\u00eddo \u00e0 v\u00edtima.<\/p><p>Os investigadores policiais fizeram a coleta e an\u00e1lise de farto material que apontou a autoria do crime para um homem, 21 anos, com hist\u00f3rico policial por tr\u00e1fico de drogas e porte irregular de arma de fogo. A Pol\u00edcia Civil, com autoriza\u00e7\u00e3o judicial, teve acesso a m\u00eddia com cenas do autor captadas logo ap\u00f3s o roubo, dentro do ve\u00edculo, contendo drogas, \u00e1lcool e arma de fogo.\u00a0<\/p><p>O investigado foi indiciado pelo roubo qualificado e verificado envolvimento com organiza\u00e7\u00e3o criminosa. A Pol\u00edcia Civil requereu e promoveu o cumprimento da pris\u00e3o, com parecer favor\u00e1vel do MP e deferida pelo Judici\u00e1rio. O investigado estava segregado por outro delito e segue recolhido no Pres\u00eddio Santa Augusta.<\/p>\t\t\t\t\t\t\t\t<\/div>\n\t\t\t\t<\/div>\n\t\t\t\t\t<\/div>\n\t\t<\/div>\n\t\t\t\t\t<\/div>\n\t\t<\/section>\n\t\t\t\t<section class=\"elementor-section elementor-top-section elementor-element elementor-element-3eba158 elementor-section-boxed elementor-section-height-default elementor-section-height-default\" data-id=\"3eba158\" data-element_type=\"section\">\n\t\t\t\t\t\t<div class=\"elementor-container elementor-column-gap-default\">\n\t\t\t\t\t<div class=\"elementor-column elementor-col-100 elementor-top-column elementor-element elementor-element-5ae457f\" data-id=\"5ae457f\" data-element_type=\"column\">\n\t\t\t<div class=\"elementor-widget-wrap elementor-element-populated\">\n\t\t\t\t\t\t<div class=\"elementor-element elementor-element-4498178 elementor-widget__width-initial elementor-widget elementor-widget-video\" data-id=\"4498178\" data-element_type=\"widget\" data-settings=\"{&quot;video_type&quot;:&quot;hosted&quot;,&quot;controls&quot;:&quot;yes&quot;}\" data-widget_type=\"video.default\">\n\t\t\t\t<div class=\"elementor-widget-container\">\n\t\t\t\t\t\t\t<div class=\"e-hosted-video elementor-wrapper elementor-open-inline\">\n\t\t\t\t\t<video class=\"elementor-video\" src=\"https:\/\/pc.sc.gov.br\/wp-content\/uploads\/2024\/08\/WhatsApp-Video-2024-08-02-at-17.13.51.mp4\" controls=\"\" preload=\"metadata\"><\/video>\n\t\t\t\t<\/div>\n\t\t\t\t\t\t<\/div>\n\t\t\t\t<\/div>\n\t\t\t\t\t<\/div>\n\t\t<\/div>\n\t\t\t\t\t<\/div>\n\t\t<\/section>\n\t\t\t\t<\/div>\n\t\t","protected":false},"excerpt":{"rendered":"<p>Ap\u00f3s investiga\u00e7\u00e3o, PCSC identifica e prende autor de roubo de ve\u00edculo com uso de arma de fogo, em Crici\u00fama A Pol\u00edcia Civil de Santa Catarina, por meio da Delegacia de Repress\u00e3o a Roubos (DRR\/DIC) Crici\u00fama, coordenada pelo Delegado Yuri Miqueluzzi, finalizou apura\u00e7\u00e3o policial de roubo com uso de arma de fogo, ocorrido no bairro Cidade [&hellip;]<\/p>\n","protected":false},"author":5,"featured_media":22276,"comment_status":"closed","ping_status":"open","sticky":false,"template":"","format":"standard","meta":{"_monsterinsights_skip_tracking":false,"_monsterinsights_sitenote_active":false,"_monsterinsights_sitenote_note":"","_monsterinsights_sitenote_category":0,"footnotes":""},"categories":[1],"tags":[],"class_list":["post-22275","post","type-post","status-publish","format-standard","has-post-thumbnail","hentry","category-sem-categoria"],"_links":{"self":[{"href":"https:\/\/pc.sc.gov.br\/index.php?rest_route=\/wp\/v2\/posts\/22275","targetHints":{"allow":["GET"]}}],"collection":[{"href":"https:\/\/pc.sc.gov.br\/index.php?rest_route=\/wp\/v2\/posts"}],"about":[{"href":"https:\/\/pc.sc.gov.br\/index.php?rest_route=\/wp\/v2\/types\/post"}],"author":[{"embeddable":true,"href":"https:\/\/pc.sc.gov.br\/index.php?rest_route=\/wp\/v2\/users\/5"}],"replies":[{"embeddable":true,"href":"https:\/\/pc.sc.gov.br\/index.php?rest_route=%2Fwp%2Fv2%2Fcomments&post=22275"}],"version-history":[{"count":3,"href":"https:\/\/pc.sc.gov.br\/index.php?rest_route=\/wp\/v2\/posts\/22275\/revisions"}],"predecessor-version":[{"id":22280,"href":"https:\/\/pc.sc.gov.br\/index.php?rest_route=\/wp\/v2\/posts\/22275\/revisions\/22280"}],"wp:featuredmedia":[{"embeddable":true,"href":"https:\/\/pc.sc.gov.br\/index.php?rest_route=\/wp\/v2\/media\/22276"}],"wp:attachment":[{"href":"https:\/\/pc.sc.gov.br\/index.php?rest_route=%2Fwp%2Fv2%2Fmedia&parent=22275"}],"wp:term":[{"taxonomy":"category","embeddable":true,"href":"https:\/\/pc.sc.gov.br\/index.php?rest_route=%2Fwp%2Fv2%2Fcategories&post=22275"},{"taxonomy":"post_tag","embeddable":true,"href":"https:\/\/pc.sc.gov.br\/index.php?rest_route=%2Fwp%2Fv2%2Ftags&post=22275"}],"curies":[{"name":"wp","href":"https:\/\/api.w.org\/{rel}","templated":true}]}}