{"id":22281,"date":"2024-08-02T18:32:02","date_gmt":"2024-08-02T21:32:02","guid":{"rendered":"https:\/\/pc.sc.gov.br\/?p=22281"},"modified":"2024-08-02T18:33:34","modified_gmt":"2024-08-02T21:33:34","slug":"no-distrito-federal-decap-deic-resgata-crianca-que-havia-sido-raptada-em-itajai","status":"publish","type":"post","link":"https:\/\/pc.sc.gov.br\/?p=22281","title":{"rendered":"No Distrito Federal, DECAP\/DEIC resgata crian\u00e7a que havia sido raptada em Itaja\u00ed"},"content":{"rendered":"\t\t<div data-elementor-type=\"wp-post\" data-elementor-id=\"22281\" class=\"elementor elementor-22281\" data-elementor-post-type=\"post\">\n\t\t\t\t\t\t<section class=\"elementor-section elementor-top-section elementor-element elementor-element-bf94785 elementor-section-boxed elementor-section-height-default elementor-section-height-default\" data-id=\"bf94785\" data-element_type=\"section\">\n\t\t\t\t\t\t<div class=\"elementor-container elementor-column-gap-default\">\n\t\t\t\t\t<div class=\"elementor-column elementor-col-100 elementor-top-column elementor-element elementor-element-d1272cf\" data-id=\"d1272cf\" data-element_type=\"column\">\n\t\t\t<div class=\"elementor-widget-wrap elementor-element-populated\">\n\t\t\t\t\t\t<div class=\"elementor-element elementor-element-ab7f20e elementor-widget elementor-widget-heading\" data-id=\"ab7f20e\" data-element_type=\"widget\" data-widget_type=\"heading.default\">\n\t\t\t\t<div class=\"elementor-widget-container\">\n\t\t\t\t\t<h2 class=\"elementor-heading-title elementor-size-default\">No Distrito Federal, DECAP\/DEIC resgata crian\u00e7a que havia sido raptada em Itaja\u00ed<\/h2>\t\t\t\t<\/div>\n\t\t\t\t<\/div>\n\t\t\t\t\t<\/div>\n\t\t<\/div>\n\t\t\t\t\t<\/div>\n\t\t<\/section>\n\t\t\t\t<section class=\"elementor-section elementor-top-section elementor-element elementor-element-da7dc59 elementor-section-boxed elementor-section-height-default elementor-section-height-default\" data-id=\"da7dc59\" data-element_type=\"section\">\n\t\t\t\t\t\t<div class=\"elementor-container elementor-column-gap-default\">\n\t\t\t\t\t<div class=\"elementor-column elementor-col-100 elementor-top-column elementor-element elementor-element-7fc4cc3\" data-id=\"7fc4cc3\" data-element_type=\"column\">\n\t\t\t<div class=\"elementor-widget-wrap elementor-element-populated\">\n\t\t\t\t\t\t<div class=\"elementor-element elementor-element-617fc35 elementor-widget elementor-widget-image\" data-id=\"617fc35\" data-element_type=\"widget\" data-widget_type=\"image.default\">\n\t\t\t\t<div class=\"elementor-widget-container\">\n\t\t\t\t\t\t\t\t\t\t\t\t\t\t\t<img fetchpriority=\"high\" decoding=\"async\" width=\"696\" height=\"522\" src=\"https:\/\/pc.sc.gov.br\/\/wp-content\/uploads\/2024\/08\/WhatsApp-Image-2024-08-02-at-16.53.34.jpeg\" class=\"attachment-large size-large wp-image-22282\" alt=\"\" srcset=\"https:\/\/pc.sc.gov.br\/\/wp-content\/uploads\/2024\/08\/WhatsApp-Image-2024-08-02-at-16.53.34.jpeg 768w, https:\/\/pc.sc.gov.br\/\/wp-content\/uploads\/2024\/08\/WhatsApp-Image-2024-08-02-at-16.53.34-300x225.jpeg 300w\" sizes=\"(max-width: 696px) 100vw, 696px\" \/>\t\t\t\t\t\t\t\t\t\t\t\t\t\t\t<\/div>\n\t\t\t\t<\/div>\n\t\t\t\t\t<\/div>\n\t\t<\/div>\n\t\t\t\t\t<\/div>\n\t\t<\/section>\n\t\t\t\t<section class=\"elementor-section elementor-top-section elementor-element elementor-element-0465d2a elementor-section-boxed elementor-section-height-default elementor-section-height-default\" data-id=\"0465d2a\" data-element_type=\"section\">\n\t\t\t\t\t\t<div class=\"elementor-container elementor-column-gap-default\">\n\t\t\t\t\t<div class=\"elementor-column elementor-col-100 elementor-top-column elementor-element elementor-element-3d9ad15\" data-id=\"3d9ad15\" data-element_type=\"column\">\n\t\t\t<div class=\"elementor-widget-wrap elementor-element-populated\">\n\t\t\t\t\t\t<div class=\"elementor-element elementor-element-f58fa04 elementor-widget elementor-widget-text-editor\" data-id=\"f58fa04\" data-element_type=\"widget\" data-widget_type=\"text-editor.default\">\n\t\t\t\t<div class=\"elementor-widget-container\">\n\t\t\t\t\t\t\t\t\t<p>A Pol\u00edcia Civil de Santa Catarina, por meio da Delegacia de Capturas (DECAP\/DEIC), com apoio da Pol\u00edcia Civil do Distrito Federal resgatou nesta sexta-feira (02), em uma \u00e1rea rural do Distrito Federal uma crian\u00e7a, que era considerada desaparecida desde o dia 14\/02\/2024.<\/p>\n<p>A crian\u00e7a havia sido raptada pela genitora, ap\u00f3s ter perdido a guarda do menor, fugindo com a crian\u00e7a da cidade de Itaja\u00ed-SC, onde residia, e se escondeu no Distrito Federal, onde passou meses residindo em casas de aluguel tempor\u00e1rio.<\/p>\n<p>A m\u00e3e, que anteriormente tinha perdido a guarda de uma filha mais velha por maus-tratos, foi autuada em flagrante delito pelos crimes de subtra\u00e7\u00e3o de incapaz, desacato e desobedi\u00eancia, Previstos nos artigos 249, 330 e 331 do C\u00f3digo Penal.&nbsp;<\/p>\n<p>Ap\u00f3s os procedimentos, que est\u00e3o sendo acompanhados pelo Conselho Tutelar, a crian\u00e7a ser\u00e1 entregue ao pai, que det\u00e9m a guarda legal do menor.<\/p>\n<p>A DECAP-DEIC refor\u00e7a seu compromisso em prol da seguran\u00e7a da&nbsp; sociedade catarinense e se compromete com as demais unidades Policiais do Estado no aux\u00edlio \u00e0 captura de foragidos atrav\u00e9s do aplicativo INTEGRA no link https:\/\/integra.pc.sc.gov.br\/sistemas\/foragidos&nbsp;<\/p>\n<p><b>Den\u00fancias e informa\u00e7\u00f5es relacionadas a foragidos da justi\u00e7a podem ser encaminhadas para o e-mail deic-capturas@pc.sc.gov.br , sendo garantido o anonimato.<\/b><\/p>\t\t\t\t\t\t\t\t<\/div>\n\t\t\t\t<\/div>\n\t\t\t\t\t<\/div>\n\t\t<\/div>\n\t\t\t\t\t<\/div>\n\t\t<\/section>\n\t\t\t\t<\/div>\n\t\t","protected":false},"excerpt":{"rendered":"<p>No Distrito Federal, DECAP\/DEIC resgata crian\u00e7a que havia sido raptada em Itaja\u00ed A Pol\u00edcia Civil de Santa Catarina, por meio da Delegacia de Capturas (DECAP\/DEIC), com apoio da Pol\u00edcia Civil do Distrito Federal resgatou nesta sexta-feira (02), em uma \u00e1rea rural do Distrito Federal uma crian\u00e7a, que era considerada desaparecida desde o dia 14\/02\/2024. A [&hellip;]<\/p>\n","protected":false},"author":5,"featured_media":22282,"comment_status":"closed","ping_status":"open","sticky":false,"template":"","format":"standard","meta":{"_monsterinsights_skip_tracking":false,"_monsterinsights_sitenote_active":false,"_monsterinsights_sitenote_note":"","_monsterinsights_sitenote_category":0,"footnotes":""},"categories":[1],"tags":[],"class_list":["post-22281","post","type-post","status-publish","format-standard","has-post-thumbnail","hentry","category-sem-categoria"],"_links":{"self":[{"href":"https:\/\/pc.sc.gov.br\/index.php?rest_route=\/wp\/v2\/posts\/22281","targetHints":{"allow":["GET"]}}],"collection":[{"href":"https:\/\/pc.sc.gov.br\/index.php?rest_route=\/wp\/v2\/posts"}],"about":[{"href":"https:\/\/pc.sc.gov.br\/index.php?rest_route=\/wp\/v2\/types\/post"}],"author":[{"embeddable":true,"href":"https:\/\/pc.sc.gov.br\/index.php?rest_route=\/wp\/v2\/users\/5"}],"replies":[{"embeddable":true,"href":"https:\/\/pc.sc.gov.br\/index.php?rest_route=%2Fwp%2Fv2%2Fcomments&post=22281"}],"version-history":[{"count":3,"href":"https:\/\/pc.sc.gov.br\/index.php?rest_route=\/wp\/v2\/posts\/22281\/revisions"}],"predecessor-version":[{"id":22285,"href":"https:\/\/pc.sc.gov.br\/index.php?rest_route=\/wp\/v2\/posts\/22281\/revisions\/22285"}],"wp:featuredmedia":[{"embeddable":true,"href":"https:\/\/pc.sc.gov.br\/index.php?rest_route=\/wp\/v2\/media\/22282"}],"wp:attachment":[{"href":"https:\/\/pc.sc.gov.br\/index.php?rest_route=%2Fwp%2Fv2%2Fmedia&parent=22281"}],"wp:term":[{"taxonomy":"category","embeddable":true,"href":"https:\/\/pc.sc.gov.br\/index.php?rest_route=%2Fwp%2Fv2%2Fcategories&post=22281"},{"taxonomy":"post_tag","embeddable":true,"href":"https:\/\/pc.sc.gov.br\/index.php?rest_route=%2Fwp%2Fv2%2Ftags&post=22281"}],"curies":[{"name":"wp","href":"https:\/\/api.w.org\/{rel}","templated":true}]}}