{"id":22287,"date":"2024-08-05T14:13:23","date_gmt":"2024-08-05T17:13:23","guid":{"rendered":"https:\/\/pc.sc.gov.br\/?p=22287"},"modified":"2024-08-05T14:18:26","modified_gmt":"2024-08-05T17:18:26","slug":"policia-civil-apreende-270-quilos-de-maconha-e-prende-cinco-pessoas-em-sao-lourenco-do-oeste","status":"publish","type":"post","link":"https:\/\/pc.sc.gov.br\/?p=22287","title":{"rendered":"Pol\u00edcia Civil apreende 270 quilos de maconha e apreende\/prende cinco pessoas em S\u00e3o Louren\u00e7o do Oeste"},"content":{"rendered":"\t\t<div data-elementor-type=\"wp-post\" data-elementor-id=\"22287\" class=\"elementor elementor-22287\" data-elementor-post-type=\"post\">\n\t\t\t\t\t\t<section class=\"elementor-section elementor-top-section elementor-element elementor-element-4f0b3fa elementor-section-boxed elementor-section-height-default elementor-section-height-default\" data-id=\"4f0b3fa\" data-element_type=\"section\">\n\t\t\t\t\t\t<div class=\"elementor-container elementor-column-gap-default\">\n\t\t\t\t\t<div class=\"elementor-column elementor-col-100 elementor-top-column elementor-element elementor-element-98e8188\" data-id=\"98e8188\" data-element_type=\"column\">\n\t\t\t<div class=\"elementor-widget-wrap elementor-element-populated\">\n\t\t\t\t\t\t<div class=\"elementor-element elementor-element-e5d657c elementor-widget elementor-widget-heading\" data-id=\"e5d657c\" data-element_type=\"widget\" data-widget_type=\"heading.default\">\n\t\t\t\t<div class=\"elementor-widget-container\">\n\t\t\t\t\t<h2 class=\"elementor-heading-title elementor-size-default\">Pol\u00edcia Civil apreende 270 quilos de maconha e prende\/Apreende cinco pessoas em S\u00e3o Louren\u00e7o do Oeste<\/h2>\t\t\t\t<\/div>\n\t\t\t\t<\/div>\n\t\t\t\t\t<\/div>\n\t\t<\/div>\n\t\t\t\t\t<\/div>\n\t\t<\/section>\n\t\t\t\t<section class=\"elementor-section elementor-top-section elementor-element elementor-element-17cbb1a elementor-section-boxed elementor-section-height-default elementor-section-height-default\" data-id=\"17cbb1a\" data-element_type=\"section\">\n\t\t\t\t\t\t<div class=\"elementor-container elementor-column-gap-default\">\n\t\t\t\t\t<div class=\"elementor-column elementor-col-100 elementor-top-column elementor-element elementor-element-0638b66\" data-id=\"0638b66\" data-element_type=\"column\">\n\t\t\t<div class=\"elementor-widget-wrap elementor-element-populated\">\n\t\t\t\t\t\t<div class=\"elementor-element elementor-element-d75cc92 elementor-widget elementor-widget-image\" data-id=\"d75cc92\" data-element_type=\"widget\" data-widget_type=\"image.default\">\n\t\t\t\t<div class=\"elementor-widget-container\">\n\t\t\t\t\t\t\t\t\t\t\t\t\t\t\t<img fetchpriority=\"high\" decoding=\"async\" width=\"696\" height=\"392\" src=\"https:\/\/pc.sc.gov.br\/\/wp-content\/uploads\/2024\/08\/WhatsApp-Image-2024-08-05-at-13.38.58-1024x576.jpeg\" class=\"attachment-large size-large wp-image-22290\" alt=\"\" srcset=\"https:\/\/pc.sc.gov.br\/\/wp-content\/uploads\/2024\/08\/WhatsApp-Image-2024-08-05-at-13.38.58-1024x576.jpeg 1024w, https:\/\/pc.sc.gov.br\/\/wp-content\/uploads\/2024\/08\/WhatsApp-Image-2024-08-05-at-13.38.58-300x169.jpeg 300w, https:\/\/pc.sc.gov.br\/\/wp-content\/uploads\/2024\/08\/WhatsApp-Image-2024-08-05-at-13.38.58-768x432.jpeg 768w, https:\/\/pc.sc.gov.br\/\/wp-content\/uploads\/2024\/08\/WhatsApp-Image-2024-08-05-at-13.38.58-1536x864.jpeg 1536w, https:\/\/pc.sc.gov.br\/\/wp-content\/uploads\/2024\/08\/WhatsApp-Image-2024-08-05-at-13.38.58.jpeg 1600w\" sizes=\"(max-width: 696px) 100vw, 696px\" \/>\t\t\t\t\t\t\t\t\t\t\t\t\t\t\t<\/div>\n\t\t\t\t<\/div>\n\t\t\t\t\t<\/div>\n\t\t<\/div>\n\t\t\t\t\t<\/div>\n\t\t<\/section>\n\t\t\t\t<section class=\"elementor-section elementor-top-section elementor-element elementor-element-a85aab9 elementor-section-boxed elementor-section-height-default elementor-section-height-default\" data-id=\"a85aab9\" data-element_type=\"section\">\n\t\t\t\t\t\t<div class=\"elementor-container elementor-column-gap-default\">\n\t\t\t\t\t<div class=\"elementor-column elementor-col-100 elementor-top-column elementor-element elementor-element-6954ff2\" data-id=\"6954ff2\" data-element_type=\"column\">\n\t\t\t<div class=\"elementor-widget-wrap elementor-element-populated\">\n\t\t\t\t\t\t<div class=\"elementor-element elementor-element-e906140 elementor-widget elementor-widget-text-editor\" data-id=\"e906140\" data-element_type=\"widget\" data-widget_type=\"text-editor.default\">\n\t\t\t\t<div class=\"elementor-widget-container\">\n\t\t\t\t\t\t\t\t\t<p>Nesta segunda-feira (05\/08), a Pol\u00edcia Civil de Santa Catarina, em opera\u00e7\u00e3o coordenada pela Delegacia de Investiga\u00e7\u00e3o Criminal de Fronteira (DIC-Fron) de S\u00e3o Louren\u00e7o do Oeste, com apoio do N\u00facleo de Opera\u00e7\u00f5es com C\u00e3es (NOC) e da Pol\u00edcia Militar, realizou a apreens\u00e3o de aproximadamente 270 quilos de maconha que estavam sendo transportados em um ve\u00edculo Ford\/Fusion, oriundo do estado do Paran\u00e1 e com destino prov\u00e1vel para o Rio Grande do Sul.<\/p><p>A a\u00e7\u00e3o ocorreu no Contorno Vi\u00e1rio Armindo Echer, ap\u00f3s o condutor de o autom\u00f3vel desobedecer \u00e0 ordem de parada e fiscaliza\u00e7\u00e3o dada pelas Pol\u00edcias Civil e Militar, ocasi\u00e3o em que passou a empreender fuga em alta velocidade, expondo ao perigo os demais usu\u00e1rios da via. Ocorre que, quando se aproximava da rodovi\u00e1ria, trafegando pela na Rodovia SC 157, o condutor fugitivo perdeu o controle da dire\u00e7\u00e3o do ve\u00edculo e colidiu no \u201cguard rail\u201d, momento em que foi alcan\u00e7ado por equipe da Pol\u00edcia Civil. No carro, transportando a droga, estavam um homem de 41 anos e um adolescente de 17 anos de idade, a quem foi dada voz de pris\u00e3o e apreens\u00e3o, respectivamente, por tr\u00e1fico de drogas.<\/p><p>Dando-se prosseguimento \u00e0s dilig\u00eancias, foi poss\u00edvel identificar um ve\u00edculo Toyota\/Corolla que realizava a escolta do entorpecente (desempenhando a fun\u00e7\u00e3o de &#8220;batedor&#8221; da carga), cen\u00e1rio em que outros dois homens (um de 32 e outro de 40 anos de idade) foram presos e mais um adolescente (de 17 anos de idade) apreendido.<\/p><p>Apurou-se, ainda, que o ve\u00edculo Ford\/Fusion utilizado para transportar a droga havia sido furtado no estado do Paran\u00e1 e estava com sinais de identifica\u00e7\u00e3o adulterados. Os homens presos foram conduzidos \u00e0 DIC-Fron de S\u00e3o Louren\u00e7o do Oeste e presos em flagrante pelos crimes de tr\u00e1fico de drogas, associa\u00e7\u00e3o para o tr\u00e1fico de drogas, recepta\u00e7\u00e3o, adultera\u00e7\u00e3o de sinal identificador de ve\u00edculo e corrup\u00e7\u00e3o de menores.<\/p><p>Os adolescentes apreendidos foram autuados pelos crimes de tr\u00e1fico de drogas e associa\u00e7\u00e3o para o tr\u00e1fico de drogas, sendo ent\u00e3o encaminhados \u00e0 Promotoria de Justi\u00e7a da Inf\u00e2ncia e Juventude.<\/p>\t\t\t\t\t\t\t\t<\/div>\n\t\t\t\t<\/div>\n\t\t\t\t\t<\/div>\n\t\t<\/div>\n\t\t\t\t\t<\/div>\n\t\t<\/section>\n\t\t\t\t<\/div>\n\t\t","protected":false},"excerpt":{"rendered":"<p>Pol\u00edcia Civil apreende 270 quilos de maconha e prende\/Apreende cinco pessoas em S\u00e3o Louren\u00e7o do Oeste Nesta segunda-feira (05\/08), a Pol\u00edcia Civil de Santa Catarina, em opera\u00e7\u00e3o coordenada pela Delegacia de Investiga\u00e7\u00e3o Criminal de Fronteira (DIC-Fron) de S\u00e3o Louren\u00e7o do Oeste, com apoio do N\u00facleo de Opera\u00e7\u00f5es com C\u00e3es (NOC) e da Pol\u00edcia Militar, realizou [&hellip;]<\/p>\n","protected":false},"author":5,"featured_media":22288,"comment_status":"closed","ping_status":"open","sticky":false,"template":"","format":"standard","meta":{"_monsterinsights_skip_tracking":false,"_monsterinsights_sitenote_active":false,"_monsterinsights_sitenote_note":"","_monsterinsights_sitenote_category":0,"footnotes":""},"categories":[1],"tags":[],"class_list":["post-22287","post","type-post","status-publish","format-standard","has-post-thumbnail","hentry","category-sem-categoria"],"_links":{"self":[{"href":"https:\/\/pc.sc.gov.br\/index.php?rest_route=\/wp\/v2\/posts\/22287","targetHints":{"allow":["GET"]}}],"collection":[{"href":"https:\/\/pc.sc.gov.br\/index.php?rest_route=\/wp\/v2\/posts"}],"about":[{"href":"https:\/\/pc.sc.gov.br\/index.php?rest_route=\/wp\/v2\/types\/post"}],"author":[{"embeddable":true,"href":"https:\/\/pc.sc.gov.br\/index.php?rest_route=\/wp\/v2\/users\/5"}],"replies":[{"embeddable":true,"href":"https:\/\/pc.sc.gov.br\/index.php?rest_route=%2Fwp%2Fv2%2Fcomments&post=22287"}],"version-history":[{"count":8,"href":"https:\/\/pc.sc.gov.br\/index.php?rest_route=\/wp\/v2\/posts\/22287\/revisions"}],"predecessor-version":[{"id":22297,"href":"https:\/\/pc.sc.gov.br\/index.php?rest_route=\/wp\/v2\/posts\/22287\/revisions\/22297"}],"wp:featuredmedia":[{"embeddable":true,"href":"https:\/\/pc.sc.gov.br\/index.php?rest_route=\/wp\/v2\/media\/22288"}],"wp:attachment":[{"href":"https:\/\/pc.sc.gov.br\/index.php?rest_route=%2Fwp%2Fv2%2Fmedia&parent=22287"}],"wp:term":[{"taxonomy":"category","embeddable":true,"href":"https:\/\/pc.sc.gov.br\/index.php?rest_route=%2Fwp%2Fv2%2Fcategories&post=22287"},{"taxonomy":"post_tag","embeddable":true,"href":"https:\/\/pc.sc.gov.br\/index.php?rest_route=%2Fwp%2Fv2%2Ftags&post=22287"}],"curies":[{"name":"wp","href":"https:\/\/api.w.org\/{rel}","templated":true}]}}