{"id":22298,"date":"2024-08-05T15:19:52","date_gmt":"2024-08-05T18:19:52","guid":{"rendered":"https:\/\/pc.sc.gov.br\/?p=22298"},"modified":"2024-08-05T15:22:50","modified_gmt":"2024-08-05T18:22:50","slug":"policia-civil-de-santa-catarina-recebe-doacao-de-equipamentos-do-mpsc","status":"publish","type":"post","link":"https:\/\/pc.sc.gov.br\/?p=22298","title":{"rendered":"Pol\u00edcia Civil de Santa Catarina recebe doa\u00e7\u00e3o de equipamentos do MPSC"},"content":{"rendered":"\t\t<div data-elementor-type=\"wp-post\" data-elementor-id=\"22298\" class=\"elementor elementor-22298\" data-elementor-post-type=\"post\">\n\t\t\t\t\t\t<section class=\"elementor-section elementor-top-section elementor-element elementor-element-771a1b9 elementor-section-boxed elementor-section-height-default elementor-section-height-default\" data-id=\"771a1b9\" data-element_type=\"section\">\n\t\t\t\t\t\t<div class=\"elementor-container elementor-column-gap-default\">\n\t\t\t\t\t<div class=\"elementor-column elementor-col-100 elementor-top-column elementor-element elementor-element-ab775d7\" data-id=\"ab775d7\" data-element_type=\"column\">\n\t\t\t<div class=\"elementor-widget-wrap elementor-element-populated\">\n\t\t\t\t\t\t<div class=\"elementor-element elementor-element-2ec6ddf elementor-widget elementor-widget-heading\" data-id=\"2ec6ddf\" data-element_type=\"widget\" data-widget_type=\"heading.default\">\n\t\t\t\t<div class=\"elementor-widget-container\">\n\t\t\t\t\t<h2 class=\"elementor-heading-title elementor-size-default\">Pol\u00edcia Civil de Santa Catarina recebe doa\u00e7\u00e3o de equipamentos do MPSC<\/h2>\t\t\t\t<\/div>\n\t\t\t\t<\/div>\n\t\t\t\t\t<\/div>\n\t\t<\/div>\n\t\t\t\t\t<\/div>\n\t\t<\/section>\n\t\t\t\t<section class=\"elementor-section elementor-top-section elementor-element elementor-element-2b62953 elementor-section-boxed elementor-section-height-default elementor-section-height-default\" data-id=\"2b62953\" data-element_type=\"section\">\n\t\t\t\t\t\t<div class=\"elementor-container elementor-column-gap-default\">\n\t\t\t\t\t<div class=\"elementor-column elementor-col-100 elementor-top-column elementor-element elementor-element-8a09827\" data-id=\"8a09827\" data-element_type=\"column\">\n\t\t\t<div class=\"elementor-widget-wrap elementor-element-populated\">\n\t\t\t\t\t\t<div class=\"elementor-element elementor-element-88fc9c0 elementor-widget elementor-widget-image\" data-id=\"88fc9c0\" data-element_type=\"widget\" data-widget_type=\"image.default\">\n\t\t\t\t<div class=\"elementor-widget-container\">\n\t\t\t\t\t\t\t\t\t\t\t\t\t\t\t<img fetchpriority=\"high\" decoding=\"async\" width=\"696\" height=\"392\" src=\"https:\/\/pc.sc.gov.br\/\/wp-content\/uploads\/2024\/08\/2bae23d7-05a7-4550-b123-228f1273630e-fotor-2024080515753-1024x576.jpg\" class=\"attachment-large size-large wp-image-22299\" alt=\"\" srcset=\"https:\/\/pc.sc.gov.br\/\/wp-content\/uploads\/2024\/08\/2bae23d7-05a7-4550-b123-228f1273630e-fotor-2024080515753-1024x576.jpg 1024w, https:\/\/pc.sc.gov.br\/\/wp-content\/uploads\/2024\/08\/2bae23d7-05a7-4550-b123-228f1273630e-fotor-2024080515753-300x169.jpg 300w, https:\/\/pc.sc.gov.br\/\/wp-content\/uploads\/2024\/08\/2bae23d7-05a7-4550-b123-228f1273630e-fotor-2024080515753-768x432.jpg 768w, https:\/\/pc.sc.gov.br\/\/wp-content\/uploads\/2024\/08\/2bae23d7-05a7-4550-b123-228f1273630e-fotor-2024080515753.jpg 1280w\" sizes=\"(max-width: 696px) 100vw, 696px\" \/>\t\t\t\t\t\t\t\t\t\t\t\t\t\t\t<\/div>\n\t\t\t\t<\/div>\n\t\t\t\t\t<\/div>\n\t\t<\/div>\n\t\t\t\t\t<\/div>\n\t\t<\/section>\n\t\t\t\t<section class=\"elementor-section elementor-top-section elementor-element elementor-element-cd3517c elementor-section-boxed elementor-section-height-default elementor-section-height-default\" data-id=\"cd3517c\" data-element_type=\"section\">\n\t\t\t\t\t\t<div class=\"elementor-container elementor-column-gap-default\">\n\t\t\t\t\t<div class=\"elementor-column elementor-col-100 elementor-top-column elementor-element elementor-element-d0cbcaf\" data-id=\"d0cbcaf\" data-element_type=\"column\">\n\t\t\t<div class=\"elementor-widget-wrap elementor-element-populated\">\n\t\t\t\t\t\t<div class=\"elementor-element elementor-element-48d5f46 elementor-widget elementor-widget-text-editor\" data-id=\"48d5f46\" data-element_type=\"widget\" data-widget_type=\"text-editor.default\">\n\t\t\t\t<div class=\"elementor-widget-container\">\n\t\t\t\t\t\t\t\t\t<p>A Pol\u00edcia Civil de Santa Catarina (PCSC) acaba de receber uma importante doa\u00e7\u00e3o de equipamentos do Minist\u00e9rio P\u00fablico de Santa Catarina (MPSC). Ao todo s\u00e3o 190 bens, entre tablets (20 unidades), microcomputadores compactos (80 unidades), notebooks (30 unidades). A PCSC tamb\u00e9m recebeu do Minist\u00e9rio P\u00fablico 30 impressoras multifuncionais e 30 estabilizadores de tens\u00e3o.<\/p><p><span style=\"font-family: var( --e-global-typography-primary-font-family ), Sans-serif; font-size: var( --e-global-typography-primary-font-size ); font-weight: var( --e-global-typography-primary-font-weight ); letter-spacing: var( --e-global-typography-primary-letter-spacing );\">De acordo com o Gerente de Tecnologia (GETIN) da PCSC, escriv\u00e3o Everton Wiezbicki, os novos equipamentos ir\u00e3o dar ainda mais agilidade nos trabalhos dos policiais civis. \u201cOs tablets, por exemplo, ser\u00e3o destinados para os atendimentos de local de crime, com o novo software que esta sendo desenvolvido pela GETIN\u201d, assinalou. O Gerente de Tecnologia disse ainda que a distribui\u00e7\u00e3o dos itens da doa\u00e7\u00e3o do MPSC ir\u00e1 considerar das delegacias mais produtivas e as mais bem avaliadas do estado.<\/span><\/p>\t\t\t\t\t\t\t\t<\/div>\n\t\t\t\t<\/div>\n\t\t\t\t\t<\/div>\n\t\t<\/div>\n\t\t\t\t\t<\/div>\n\t\t<\/section>\n\t\t\t\t<\/div>\n\t\t","protected":false},"excerpt":{"rendered":"<p>Pol\u00edcia Civil de Santa Catarina recebe doa\u00e7\u00e3o de equipamentos do MPSC A Pol\u00edcia Civil de Santa Catarina (PCSC) acaba de receber uma importante doa\u00e7\u00e3o de equipamentos do Minist\u00e9rio P\u00fablico de Santa Catarina (MPSC). Ao todo s\u00e3o 190 bens, entre tablets (20 unidades), microcomputadores compactos (80 unidades), notebooks (30 unidades). A PCSC tamb\u00e9m recebeu do Minist\u00e9rio [&hellip;]<\/p>\n","protected":false},"author":5,"featured_media":22299,"comment_status":"closed","ping_status":"open","sticky":false,"template":"","format":"standard","meta":{"_monsterinsights_skip_tracking":false,"_monsterinsights_sitenote_active":false,"_monsterinsights_sitenote_note":"","_monsterinsights_sitenote_category":0,"footnotes":""},"categories":[1],"tags":[],"class_list":["post-22298","post","type-post","status-publish","format-standard","has-post-thumbnail","hentry","category-sem-categoria"],"_links":{"self":[{"href":"https:\/\/pc.sc.gov.br\/index.php?rest_route=\/wp\/v2\/posts\/22298","targetHints":{"allow":["GET"]}}],"collection":[{"href":"https:\/\/pc.sc.gov.br\/index.php?rest_route=\/wp\/v2\/posts"}],"about":[{"href":"https:\/\/pc.sc.gov.br\/index.php?rest_route=\/wp\/v2\/types\/post"}],"author":[{"embeddable":true,"href":"https:\/\/pc.sc.gov.br\/index.php?rest_route=\/wp\/v2\/users\/5"}],"replies":[{"embeddable":true,"href":"https:\/\/pc.sc.gov.br\/index.php?rest_route=%2Fwp%2Fv2%2Fcomments&post=22298"}],"version-history":[{"count":3,"href":"https:\/\/pc.sc.gov.br\/index.php?rest_route=\/wp\/v2\/posts\/22298\/revisions"}],"predecessor-version":[{"id":22302,"href":"https:\/\/pc.sc.gov.br\/index.php?rest_route=\/wp\/v2\/posts\/22298\/revisions\/22302"}],"wp:featuredmedia":[{"embeddable":true,"href":"https:\/\/pc.sc.gov.br\/index.php?rest_route=\/wp\/v2\/media\/22299"}],"wp:attachment":[{"href":"https:\/\/pc.sc.gov.br\/index.php?rest_route=%2Fwp%2Fv2%2Fmedia&parent=22298"}],"wp:term":[{"taxonomy":"category","embeddable":true,"href":"https:\/\/pc.sc.gov.br\/index.php?rest_route=%2Fwp%2Fv2%2Fcategories&post=22298"},{"taxonomy":"post_tag","embeddable":true,"href":"https:\/\/pc.sc.gov.br\/index.php?rest_route=%2Fwp%2Fv2%2Ftags&post=22298"}],"curies":[{"name":"wp","href":"https:\/\/api.w.org\/{rel}","templated":true}]}}