{"id":22304,"date":"2024-08-05T15:57:05","date_gmt":"2024-08-05T18:57:05","guid":{"rendered":"https:\/\/pc.sc.gov.br\/?p=22304"},"modified":"2024-08-05T16:51:26","modified_gmt":"2024-08-05T19:51:26","slug":"policia-civil-conclui-inquerito-sobre-estelionato-e-prende-suspeito-preventivamente-na-capital","status":"publish","type":"post","link":"https:\/\/pc.sc.gov.br\/?p=22304","title":{"rendered":"Pol\u00edcia Civil conclui inqu\u00e9rito sobre estelionato e suspeito \u00e9 preso preventivamente na Capital"},"content":{"rendered":"\t\t<div data-elementor-type=\"wp-post\" data-elementor-id=\"22304\" class=\"elementor elementor-22304\" data-elementor-post-type=\"post\">\n\t\t\t\t\t\t<section class=\"elementor-section elementor-top-section elementor-element elementor-element-1f10c58 elementor-section-boxed elementor-section-height-default elementor-section-height-default\" data-id=\"1f10c58\" data-element_type=\"section\">\n\t\t\t\t\t\t<div class=\"elementor-container elementor-column-gap-default\">\n\t\t\t\t\t<div class=\"elementor-column elementor-col-100 elementor-top-column elementor-element elementor-element-613ac0b\" data-id=\"613ac0b\" data-element_type=\"column\">\n\t\t\t<div class=\"elementor-widget-wrap elementor-element-populated\">\n\t\t\t\t\t\t<div class=\"elementor-element elementor-element-8c6a514 elementor-widget elementor-widget-heading\" data-id=\"8c6a514\" data-element_type=\"widget\" data-widget_type=\"heading.default\">\n\t\t\t\t<div class=\"elementor-widget-container\">\n\t\t\t\t\t<h2 class=\"elementor-heading-title elementor-size-default\">Pol\u00edcia Civil conclui inqu\u00e9rito sobre estelionato e suspeito \u00e9 preso preventivamente na Capital<\/h2>\t\t\t\t<\/div>\n\t\t\t\t<\/div>\n\t\t\t\t\t<\/div>\n\t\t<\/div>\n\t\t\t\t\t<\/div>\n\t\t<\/section>\n\t\t\t\t<section class=\"elementor-section elementor-top-section elementor-element elementor-element-1bb09d1 elementor-section-boxed elementor-section-height-default elementor-section-height-default\" data-id=\"1bb09d1\" data-element_type=\"section\">\n\t\t\t\t\t\t<div class=\"elementor-container elementor-column-gap-default\">\n\t\t\t\t\t<div class=\"elementor-column elementor-col-100 elementor-top-column elementor-element elementor-element-9fd29d3\" data-id=\"9fd29d3\" data-element_type=\"column\">\n\t\t\t<div class=\"elementor-widget-wrap elementor-element-populated\">\n\t\t\t\t\t\t<div class=\"elementor-element elementor-element-322d803 elementor-widget elementor-widget-image\" data-id=\"322d803\" data-element_type=\"widget\" data-widget_type=\"image.default\">\n\t\t\t\t<div class=\"elementor-widget-container\">\n\t\t\t\t\t\t\t\t\t\t\t\t\t\t\t<img fetchpriority=\"high\" decoding=\"async\" width=\"696\" height=\"583\" src=\"https:\/\/pc.sc.gov.br\/\/wp-content\/uploads\/2024\/07\/52798047036_d7bc95aaed_k-fotor-20231101135311-3.jpg\" class=\"attachment-large size-large wp-image-22167\" alt=\"\" srcset=\"https:\/\/pc.sc.gov.br\/\/wp-content\/uploads\/2024\/07\/52798047036_d7bc95aaed_k-fotor-20231101135311-3.jpg 961w, https:\/\/pc.sc.gov.br\/\/wp-content\/uploads\/2024\/07\/52798047036_d7bc95aaed_k-fotor-20231101135311-3-300x251.jpg 300w, https:\/\/pc.sc.gov.br\/\/wp-content\/uploads\/2024\/07\/52798047036_d7bc95aaed_k-fotor-20231101135311-3-768x643.jpg 768w\" sizes=\"(max-width: 696px) 100vw, 696px\" \/>\t\t\t\t\t\t\t\t\t\t\t\t\t\t\t<\/div>\n\t\t\t\t<\/div>\n\t\t\t\t\t<\/div>\n\t\t<\/div>\n\t\t\t\t\t<\/div>\n\t\t<\/section>\n\t\t\t\t<section class=\"elementor-section elementor-top-section elementor-element elementor-element-5ad00f4 elementor-section-boxed elementor-section-height-default elementor-section-height-default\" data-id=\"5ad00f4\" data-element_type=\"section\">\n\t\t\t\t\t\t<div class=\"elementor-container elementor-column-gap-default\">\n\t\t\t\t\t<div class=\"elementor-column elementor-col-100 elementor-top-column elementor-element elementor-element-13d5f12\" data-id=\"13d5f12\" data-element_type=\"column\">\n\t\t\t<div class=\"elementor-widget-wrap elementor-element-populated\">\n\t\t\t\t\t\t<div class=\"elementor-element elementor-element-5cf7947 elementor-widget elementor-widget-text-editor\" data-id=\"5cf7947\" data-element_type=\"widget\" data-widget_type=\"text-editor.default\">\n\t\t\t\t<div class=\"elementor-widget-container\">\n\t\t\t\t\t\t\t\t\t<p>A Pol\u00edcia Civil de Santa Catarina, por meio da Delegacia de Combate a Estelionatos do Departamento de Investiga\u00e7\u00e3o Criminal da Capital (DCE\/DIC), concluiu inqu\u00e9rito policial sobre estelionato e o suspeito foi preso preventivamente pela autoria do crime. Ap\u00f3s receber boletins de ocorr\u00eancia envolvendo negocia\u00e7\u00f5es de telefones pela internet, a unidade da PCSC passou a investigar os fatos e identificou um homem de 43 anos como o principal suspeito pela fraude.<\/p>\n<p>A investiga\u00e7\u00e3o mostrou que o estelionat\u00e1rio procurava celulares, preferencialmente IPhones, em marketplaces via internet, e, ap\u00f3s negociar com a v\u00edtima, apresentava um falso comprovante de pagamento, apoderando-se do bem. Quando a v\u00edtima percebia que n\u00e3o tinha recebido o pagamento, j\u00e1 havia perdido o aparelho para o fals\u00e1rio.<\/p>\n<p>Conclu\u00edda a investiga\u00e7\u00e3o, o inqu\u00e9rito policial foi remetido a ju\u00edzo, com representa\u00e7\u00e3o da Delegacia de Combate a Estelionatos pela pris\u00e3o preventiva do investigado. Ap\u00f3s manifesta\u00e7\u00e3o favor\u00e1vel pelo Minist\u00e9rio P\u00fablico, o Poder Judici\u00e1rio deferiu a pris\u00e3o e o estelionat\u00e1rio foi preso em abordagem realizada pela Pol\u00edcia Militar. Ele est\u00e1 respondendo atualmente a uma a\u00e7\u00e3o penal.<\/p>\n<p>At\u00e9 o momento, foram identificadas seis v\u00edtimas do golpe. A Pol\u00edcia Civil alerta a popula\u00e7\u00e3o que procure a DCE\/DIC, caso tenha sofrido esse tipo de golpe na regi\u00e3o recentemente. O contato pode ser feito pelo e-mail: dce@pc.sc.gov.br.<\/p>\n<p>Por fim, a PCSC tamb\u00e9m alerta a popula\u00e7\u00e3o para n\u00e3o entregarem objetos em negocia\u00e7\u00e3o at\u00e9 a confirma\u00e7\u00e3o definitiva do pagamento em conta, principalmente quando a negocia\u00e7\u00e3o \u00e9 oriunda da internet, com pessoas estranhas ao seu conv\u00edvio cotidiano.<\/p>\t\t\t\t\t\t\t\t<\/div>\n\t\t\t\t<\/div>\n\t\t\t\t\t<\/div>\n\t\t<\/div>\n\t\t\t\t\t<\/div>\n\t\t<\/section>\n\t\t\t\t<\/div>\n\t\t","protected":false},"excerpt":{"rendered":"<p>Pol\u00edcia Civil conclui inqu\u00e9rito sobre estelionato e suspeito \u00e9 preso preventivamente na Capital A Pol\u00edcia Civil de Santa Catarina, por meio da Delegacia de Combate a Estelionatos do Departamento de Investiga\u00e7\u00e3o Criminal da Capital (DCE\/DIC), concluiu inqu\u00e9rito policial sobre estelionato e o suspeito foi preso preventivamente pela autoria do crime. Ap\u00f3s receber boletins de ocorr\u00eancia [&hellip;]<\/p>\n","protected":false},"author":5,"featured_media":22137,"comment_status":"closed","ping_status":"open","sticky":false,"template":"","format":"standard","meta":{"_monsterinsights_skip_tracking":false,"_monsterinsights_sitenote_active":false,"_monsterinsights_sitenote_note":"","_monsterinsights_sitenote_category":0,"footnotes":""},"categories":[1],"tags":[],"class_list":["post-22304","post","type-post","status-publish","format-standard","has-post-thumbnail","hentry","category-sem-categoria"],"_links":{"self":[{"href":"https:\/\/pc.sc.gov.br\/index.php?rest_route=\/wp\/v2\/posts\/22304","targetHints":{"allow":["GET"]}}],"collection":[{"href":"https:\/\/pc.sc.gov.br\/index.php?rest_route=\/wp\/v2\/posts"}],"about":[{"href":"https:\/\/pc.sc.gov.br\/index.php?rest_route=\/wp\/v2\/types\/post"}],"author":[{"embeddable":true,"href":"https:\/\/pc.sc.gov.br\/index.php?rest_route=\/wp\/v2\/users\/5"}],"replies":[{"embeddable":true,"href":"https:\/\/pc.sc.gov.br\/index.php?rest_route=%2Fwp%2Fv2%2Fcomments&post=22304"}],"version-history":[{"count":12,"href":"https:\/\/pc.sc.gov.br\/index.php?rest_route=\/wp\/v2\/posts\/22304\/revisions"}],"predecessor-version":[{"id":22316,"href":"https:\/\/pc.sc.gov.br\/index.php?rest_route=\/wp\/v2\/posts\/22304\/revisions\/22316"}],"wp:featuredmedia":[{"embeddable":true,"href":"https:\/\/pc.sc.gov.br\/index.php?rest_route=\/wp\/v2\/media\/22137"}],"wp:attachment":[{"href":"https:\/\/pc.sc.gov.br\/index.php?rest_route=%2Fwp%2Fv2%2Fmedia&parent=22304"}],"wp:term":[{"taxonomy":"category","embeddable":true,"href":"https:\/\/pc.sc.gov.br\/index.php?rest_route=%2Fwp%2Fv2%2Fcategories&post=22304"},{"taxonomy":"post_tag","embeddable":true,"href":"https:\/\/pc.sc.gov.br\/index.php?rest_route=%2Fwp%2Fv2%2Ftags&post=22304"}],"curies":[{"name":"wp","href":"https:\/\/api.w.org\/{rel}","templated":true}]}}