{"id":22317,"date":"2024-08-05T18:26:51","date_gmt":"2024-08-05T21:26:51","guid":{"rendered":"https:\/\/pc.sc.gov.br\/?p=22317"},"modified":"2024-08-05T18:28:14","modified_gmt":"2024-08-05T21:28:14","slug":"dh-da-capital-prende-segundo-envolvido-em-homicidio-no-bairro-serrinha-em-florianopolis","status":"publish","type":"post","link":"https:\/\/pc.sc.gov.br\/?p=22317","title":{"rendered":"DH da Capital prende segundo envolvido em homic\u00eddio, ocorrido no bairro Serrinha, em Florian\u00f3polis"},"content":{"rendered":"\t\t<div data-elementor-type=\"wp-post\" data-elementor-id=\"22317\" class=\"elementor elementor-22317\" data-elementor-post-type=\"post\">\n\t\t\t\t\t\t<section class=\"elementor-section elementor-top-section elementor-element elementor-element-d4f441f elementor-section-boxed elementor-section-height-default elementor-section-height-default\" data-id=\"d4f441f\" data-element_type=\"section\">\n\t\t\t\t\t\t<div class=\"elementor-container elementor-column-gap-default\">\n\t\t\t\t\t<div class=\"elementor-column elementor-col-100 elementor-top-column elementor-element elementor-element-1371092\" data-id=\"1371092\" data-element_type=\"column\">\n\t\t\t<div class=\"elementor-widget-wrap elementor-element-populated\">\n\t\t\t\t\t\t<div class=\"elementor-element elementor-element-ac8feb0 elementor-widget elementor-widget-heading\" data-id=\"ac8feb0\" data-element_type=\"widget\" data-widget_type=\"heading.default\">\n\t\t\t\t<div class=\"elementor-widget-container\">\n\t\t\t\t\t<h2 class=\"elementor-heading-title elementor-size-default\">DH da Capital prende segundo envolvido em homic\u00eddio, ocorrido no bairro Serrinha, em Florian\u00f3polis<\/h2>\t\t\t\t<\/div>\n\t\t\t\t<\/div>\n\t\t\t\t\t<\/div>\n\t\t<\/div>\n\t\t\t\t\t<\/div>\n\t\t<\/section>\n\t\t\t\t<section class=\"elementor-section elementor-top-section elementor-element elementor-element-002fb68 elementor-section-boxed elementor-section-height-default elementor-section-height-default\" data-id=\"002fb68\" data-element_type=\"section\">\n\t\t\t\t\t\t<div class=\"elementor-container elementor-column-gap-default\">\n\t\t\t\t\t<div class=\"elementor-column elementor-col-100 elementor-top-column elementor-element elementor-element-86f940d\" data-id=\"86f940d\" data-element_type=\"column\">\n\t\t\t<div class=\"elementor-widget-wrap elementor-element-populated\">\n\t\t\t\t\t\t<div class=\"elementor-element elementor-element-a572a47 elementor-widget elementor-widget-image\" data-id=\"a572a47\" data-element_type=\"widget\" data-widget_type=\"image.default\">\n\t\t\t\t<div class=\"elementor-widget-container\">\n\t\t\t\t\t\t\t\t\t\t\t\t\t\t\t<img fetchpriority=\"high\" decoding=\"async\" width=\"696\" height=\"589\" src=\"https:\/\/pc.sc.gov.br\/\/wp-content\/uploads\/2024\/08\/a64ccc49-2d6a-44f5-a822-5510ea872197-fotor-20240805182159.jpg\" class=\"attachment-large size-large wp-image-22318\" alt=\"\" srcset=\"https:\/\/pc.sc.gov.br\/\/wp-content\/uploads\/2024\/08\/a64ccc49-2d6a-44f5-a822-5510ea872197-fotor-20240805182159.jpg 960w, https:\/\/pc.sc.gov.br\/\/wp-content\/uploads\/2024\/08\/a64ccc49-2d6a-44f5-a822-5510ea872197-fotor-20240805182159-300x254.jpg 300w, https:\/\/pc.sc.gov.br\/\/wp-content\/uploads\/2024\/08\/a64ccc49-2d6a-44f5-a822-5510ea872197-fotor-20240805182159-768x650.jpg 768w\" sizes=\"(max-width: 696px) 100vw, 696px\" \/>\t\t\t\t\t\t\t\t\t\t\t\t\t\t\t<\/div>\n\t\t\t\t<\/div>\n\t\t\t\t\t<\/div>\n\t\t<\/div>\n\t\t\t\t\t<\/div>\n\t\t<\/section>\n\t\t\t\t<section class=\"elementor-section elementor-top-section elementor-element elementor-element-3c576f6 elementor-section-boxed elementor-section-height-default elementor-section-height-default\" data-id=\"3c576f6\" data-element_type=\"section\">\n\t\t\t\t\t\t<div class=\"elementor-container elementor-column-gap-default\">\n\t\t\t\t\t<div class=\"elementor-column elementor-col-100 elementor-top-column elementor-element elementor-element-9e3875a\" data-id=\"9e3875a\" data-element_type=\"column\">\n\t\t\t<div class=\"elementor-widget-wrap elementor-element-populated\">\n\t\t\t\t\t\t<div class=\"elementor-element elementor-element-75a306e elementor-widget elementor-widget-text-editor\" data-id=\"75a306e\" data-element_type=\"widget\" data-widget_type=\"text-editor.default\">\n\t\t\t\t<div class=\"elementor-widget-container\">\n\t\t\t\t\t\t\t\t\t<p>A Pol\u00edcia Civil do Estado de Santa Catarina, por meio da Delegacia de Homic\u00eddios da Capital, do Departamento de Investiga\u00e7\u00e3o Criminal de Florian\u00f3polis (DH\/DIC), cumpriu na sexta-feira (02) um mandado de pris\u00e3o tempor\u00e1ria, no bairro do Itacorubi, na Capital.\u00a0\u00a0<\/p><p>O preso \u00e9 investigado pelo envolvimento em um homic\u00eddio, que ocorreu no bairro da Serrinha, no dia 01 de maio deste ano. A v\u00edtima foi morta ap\u00f3s ser golpeada violentamente com uma pedra na cabe\u00e7a.\u00a0 Ele \u00e9 o segundo envolvido nos fatos que est\u00e1 preso, restando a localiza\u00e7\u00e3o do terceiro autor envolvido no crime.<\/p>\t\t\t\t\t\t\t\t<\/div>\n\t\t\t\t<\/div>\n\t\t\t\t\t<\/div>\n\t\t<\/div>\n\t\t\t\t\t<\/div>\n\t\t<\/section>\n\t\t\t\t<\/div>\n\t\t","protected":false},"excerpt":{"rendered":"<p>DH da Capital prende segundo envolvido em homic\u00eddio, ocorrido no bairro Serrinha, em Florian\u00f3polis A Pol\u00edcia Civil do Estado de Santa Catarina, por meio da Delegacia de Homic\u00eddios da Capital, do Departamento de Investiga\u00e7\u00e3o Criminal de Florian\u00f3polis (DH\/DIC), cumpriu na sexta-feira (02) um mandado de pris\u00e3o tempor\u00e1ria, no bairro do Itacorubi, na Capital.\u00a0\u00a0 O preso [&hellip;]<\/p>\n","protected":false},"author":5,"featured_media":22318,"comment_status":"closed","ping_status":"open","sticky":false,"template":"","format":"standard","meta":{"_monsterinsights_skip_tracking":false,"_monsterinsights_sitenote_active":false,"_monsterinsights_sitenote_note":"","_monsterinsights_sitenote_category":0,"footnotes":""},"categories":[1],"tags":[],"class_list":["post-22317","post","type-post","status-publish","format-standard","has-post-thumbnail","hentry","category-sem-categoria"],"_links":{"self":[{"href":"https:\/\/pc.sc.gov.br\/index.php?rest_route=\/wp\/v2\/posts\/22317","targetHints":{"allow":["GET"]}}],"collection":[{"href":"https:\/\/pc.sc.gov.br\/index.php?rest_route=\/wp\/v2\/posts"}],"about":[{"href":"https:\/\/pc.sc.gov.br\/index.php?rest_route=\/wp\/v2\/types\/post"}],"author":[{"embeddable":true,"href":"https:\/\/pc.sc.gov.br\/index.php?rest_route=\/wp\/v2\/users\/5"}],"replies":[{"embeddable":true,"href":"https:\/\/pc.sc.gov.br\/index.php?rest_route=%2Fwp%2Fv2%2Fcomments&post=22317"}],"version-history":[{"count":5,"href":"https:\/\/pc.sc.gov.br\/index.php?rest_route=\/wp\/v2\/posts\/22317\/revisions"}],"predecessor-version":[{"id":22323,"href":"https:\/\/pc.sc.gov.br\/index.php?rest_route=\/wp\/v2\/posts\/22317\/revisions\/22323"}],"wp:featuredmedia":[{"embeddable":true,"href":"https:\/\/pc.sc.gov.br\/index.php?rest_route=\/wp\/v2\/media\/22318"}],"wp:attachment":[{"href":"https:\/\/pc.sc.gov.br\/index.php?rest_route=%2Fwp%2Fv2%2Fmedia&parent=22317"}],"wp:term":[{"taxonomy":"category","embeddable":true,"href":"https:\/\/pc.sc.gov.br\/index.php?rest_route=%2Fwp%2Fv2%2Fcategories&post=22317"},{"taxonomy":"post_tag","embeddable":true,"href":"https:\/\/pc.sc.gov.br\/index.php?rest_route=%2Fwp%2Fv2%2Ftags&post=22317"}],"curies":[{"name":"wp","href":"https:\/\/api.w.org\/{rel}","templated":true}]}}