{"id":22348,"date":"2024-08-06T15:14:47","date_gmt":"2024-08-06T18:14:47","guid":{"rendered":"https:\/\/pc.sc.gov.br\/?p=22348"},"modified":"2024-08-06T15:26:12","modified_gmt":"2024-08-06T18:26:12","slug":"policia-civil-deflagra-operacao-conta-organizacao-criminosa-responsavel-pela-subtracao-de-no-minimo-24-cargas-em-diversos-estados","status":"publish","type":"post","link":"https:\/\/pc.sc.gov.br\/?p=22348","title":{"rendered":"Pol\u00edcia Civil deflagra opera\u00e7\u00e3o contra organiza\u00e7\u00e3o criminosa respons\u00e1vel pela subtra\u00e7\u00e3o de no m\u00ednimo 24 cargas em diversos estados"},"content":{"rendered":"\t\t<div data-elementor-type=\"wp-post\" data-elementor-id=\"22348\" class=\"elementor elementor-22348\" data-elementor-post-type=\"post\">\n\t\t\t\t\t\t<section class=\"elementor-section elementor-top-section elementor-element elementor-element-5601cf3 elementor-section-boxed elementor-section-height-default elementor-section-height-default\" data-id=\"5601cf3\" data-element_type=\"section\">\n\t\t\t\t\t\t<div class=\"elementor-container elementor-column-gap-default\">\n\t\t\t\t\t<div class=\"elementor-column elementor-col-100 elementor-top-column elementor-element elementor-element-cc9c0ac\" data-id=\"cc9c0ac\" data-element_type=\"column\">\n\t\t\t<div class=\"elementor-widget-wrap elementor-element-populated\">\n\t\t\t\t\t\t<div class=\"elementor-element elementor-element-5806baa elementor-widget elementor-widget-heading\" data-id=\"5806baa\" data-element_type=\"widget\" data-widget_type=\"heading.default\">\n\t\t\t\t<div class=\"elementor-widget-container\">\n\t\t\t\t\t<h2 class=\"elementor-heading-title elementor-size-default\">Pol\u00edcia Civil deflagra opera\u00e7\u00e3o contra organiza\u00e7\u00e3o criminosa respons\u00e1vel pela subtra\u00e7\u00e3o de no m\u00ednimo 24 cargas em diversos estados\n<\/h2>\t\t\t\t<\/div>\n\t\t\t\t<\/div>\n\t\t\t\t\t<\/div>\n\t\t<\/div>\n\t\t\t\t\t<\/div>\n\t\t<\/section>\n\t\t\t\t<section class=\"elementor-section elementor-top-section elementor-element elementor-element-d29b9c5 elementor-section-boxed elementor-section-height-default elementor-section-height-default\" data-id=\"d29b9c5\" data-element_type=\"section\">\n\t\t\t\t\t\t<div class=\"elementor-container elementor-column-gap-default\">\n\t\t\t\t\t<div class=\"elementor-column elementor-col-100 elementor-top-column elementor-element elementor-element-767a140\" data-id=\"767a140\" data-element_type=\"column\">\n\t\t\t<div class=\"elementor-widget-wrap elementor-element-populated\">\n\t\t\t\t\t\t<div class=\"elementor-element elementor-element-ec25375 elementor-widget elementor-widget-image\" data-id=\"ec25375\" data-element_type=\"widget\" data-widget_type=\"image.default\">\n\t\t\t\t<div class=\"elementor-widget-container\">\n\t\t\t\t\t\t\t\t\t\t\t\t\t\t\t<img fetchpriority=\"high\" decoding=\"async\" width=\"696\" height=\"522\" src=\"https:\/\/pc.sc.gov.br\/\/wp-content\/uploads\/2024\/08\/WhatsApp-Image-2024-08-06-at-14.59.05-1024x768.jpeg\" class=\"attachment-large size-large wp-image-22350\" alt=\"\" srcset=\"https:\/\/pc.sc.gov.br\/\/wp-content\/uploads\/2024\/08\/WhatsApp-Image-2024-08-06-at-14.59.05-1024x768.jpeg 1024w, https:\/\/pc.sc.gov.br\/\/wp-content\/uploads\/2024\/08\/WhatsApp-Image-2024-08-06-at-14.59.05-300x225.jpeg 300w, https:\/\/pc.sc.gov.br\/\/wp-content\/uploads\/2024\/08\/WhatsApp-Image-2024-08-06-at-14.59.05-768x576.jpeg 768w, https:\/\/pc.sc.gov.br\/\/wp-content\/uploads\/2024\/08\/WhatsApp-Image-2024-08-06-at-14.59.05-1536x1152.jpeg 1536w, https:\/\/pc.sc.gov.br\/\/wp-content\/uploads\/2024\/08\/WhatsApp-Image-2024-08-06-at-14.59.05.jpeg 1600w\" sizes=\"(max-width: 696px) 100vw, 696px\" \/>\t\t\t\t\t\t\t\t\t\t\t\t\t\t\t<\/div>\n\t\t\t\t<\/div>\n\t\t\t\t\t<\/div>\n\t\t<\/div>\n\t\t\t\t\t<\/div>\n\t\t<\/section>\n\t\t\t\t<section class=\"elementor-section elementor-top-section elementor-element elementor-element-f2c7f80 elementor-section-boxed elementor-section-height-default elementor-section-height-default\" data-id=\"f2c7f80\" data-element_type=\"section\">\n\t\t\t\t\t\t<div class=\"elementor-container elementor-column-gap-default\">\n\t\t\t\t\t<div class=\"elementor-column elementor-col-100 elementor-top-column elementor-element elementor-element-a3a3442\" data-id=\"a3a3442\" data-element_type=\"column\">\n\t\t\t<div class=\"elementor-widget-wrap elementor-element-populated\">\n\t\t\t\t\t\t<div class=\"elementor-element elementor-element-905bda1 elementor-widget elementor-widget-text-editor\" data-id=\"905bda1\" data-element_type=\"widget\" data-widget_type=\"text-editor.default\">\n\t\t\t\t<div class=\"elementor-widget-container\">\n\t\t\t\t\t\t\t\t\t<p>Nesta ter\u00e7a-feira (06\/08), a Pol\u00edcia Civil de Santa Catarina, por meio da Delegacia de Furtos e Roubos de Cargas da Diretoria Estadual de Investiga\u00e7\u00f5es Criminais, deflagrou a opera\u00e7\u00e3o \u201cConex\u00e3o Sul\u201d contra organiza\u00e7\u00e3o criminosa respons\u00e1vel pela subtra\u00e7\u00e3o de no m\u00ednimo 24 cargas nos estados de S\u00e3o Paulo, Paran\u00e1, Rio Grande do Sul, Bahia e Santa Catarina. At\u00e9 o momento, tr\u00eas pessoas foram presas, mas as dilig\u00eancias ainda est\u00e3o em andamento.<\/p><p>A investiga\u00e7\u00e3o iniciou em mar\u00e7o\/2023 ap\u00f3s o furto de uma carga leite em p\u00f3 na cidade de Itaja\u00ed e identificou o grupo criminoso respons\u00e1vel pela subtra\u00e7\u00e3o de cargas utilizando como \u201cmodus operandi\u201d a utiliza\u00e7\u00e3o de dados de motoristas terceiros mediante a falsifica\u00e7\u00e3o de CNH e a clonagem dos caminh\u00f5es. Com os dados falsos buscavam fretes em plataformas e realizavam a coleta das cargas.<\/p><p>Somente no estado de Santa Catarina, o grupo criminoso subtraiu oito cargas, ocasionando um preju\u00edzo de aproximadamente 1.550.000,00, al\u00e9m dos demais crimes praticados em outros estados.<\/p><p>Sob a coordena\u00e7\u00e3o do delegado Osnei Valdir de Oliveira, foram cumpridos mandados de pris\u00e3o preventiva e mandados de busca e apreens\u00e3o. Foram apreendidas duas armas de fogo, muni\u00e7\u00f5es, r\u00e1dios comunicadores, dispositivos eletr\u00f4nicos e documentos. Todo material ser\u00e1 minuciosamente analisado pela equipe de investiga\u00e7\u00e3o objetivando identificar outros integrantes do grupo.<\/p><p>Para cumprimento dos mandados no estado do Paran\u00e1, a DFRC\/DEIC contou com apoio da Pol\u00edcia Civil do Paran\u00e1 e da DRP de Crici\u00fama.<\/p><p><b>Entenda a din\u00e2mica do crime:\u00a0<\/b><\/p>\t\t\t\t\t\t\t\t<\/div>\n\t\t\t\t<\/div>\n\t\t\t\t\t<\/div>\n\t\t<\/div>\n\t\t\t\t\t<\/div>\n\t\t<\/section>\n\t\t\t\t<section class=\"elementor-section elementor-top-section elementor-element elementor-element-be63f84 elementor-section-boxed elementor-section-height-default elementor-section-height-default\" data-id=\"be63f84\" data-element_type=\"section\">\n\t\t\t\t\t\t<div class=\"elementor-container elementor-column-gap-default\">\n\t\t\t\t\t<div class=\"elementor-column elementor-col-100 elementor-top-column elementor-element elementor-element-d85814d\" data-id=\"d85814d\" data-element_type=\"column\">\n\t\t\t<div class=\"elementor-widget-wrap elementor-element-populated\">\n\t\t\t\t\t\t<div class=\"elementor-element elementor-element-ace7e80 elementor-widget elementor-widget-image\" data-id=\"ace7e80\" data-element_type=\"widget\" data-widget_type=\"image.default\">\n\t\t\t\t<div class=\"elementor-widget-container\">\n\t\t\t\t\t\t\t\t\t\t\t\t\t\t\t<img decoding=\"async\" width=\"696\" height=\"404\" src=\"https:\/\/pc.sc.gov.br\/\/wp-content\/uploads\/2024\/08\/WhatsApp-Image-2024-08-06-at-14.59.05-1.jpeg\" class=\"attachment-large size-large wp-image-22351\" alt=\"\" srcset=\"https:\/\/pc.sc.gov.br\/\/wp-content\/uploads\/2024\/08\/WhatsApp-Image-2024-08-06-at-14.59.05-1.jpeg 983w, https:\/\/pc.sc.gov.br\/\/wp-content\/uploads\/2024\/08\/WhatsApp-Image-2024-08-06-at-14.59.05-1-300x174.jpeg 300w, https:\/\/pc.sc.gov.br\/\/wp-content\/uploads\/2024\/08\/WhatsApp-Image-2024-08-06-at-14.59.05-1-768x445.jpeg 768w\" sizes=\"(max-width: 696px) 100vw, 696px\" \/>\t\t\t\t\t\t\t\t\t\t\t\t\t\t\t<\/div>\n\t\t\t\t<\/div>\n\t\t\t\t\t<\/div>\n\t\t<\/div>\n\t\t\t\t\t<\/div>\n\t\t<\/section>\n\t\t\t\t<\/div>\n\t\t","protected":false},"excerpt":{"rendered":"<p>Pol\u00edcia Civil deflagra opera\u00e7\u00e3o contra organiza\u00e7\u00e3o criminosa respons\u00e1vel pela subtra\u00e7\u00e3o de no m\u00ednimo 24 cargas em diversos estados Nesta ter\u00e7a-feira (06\/08), a Pol\u00edcia Civil de Santa Catarina, por meio da Delegacia de Furtos e Roubos de Cargas da Diretoria Estadual de Investiga\u00e7\u00f5es Criminais, deflagrou a opera\u00e7\u00e3o \u201cConex\u00e3o Sul\u201d contra organiza\u00e7\u00e3o criminosa respons\u00e1vel pela subtra\u00e7\u00e3o de [&hellip;]<\/p>\n","protected":false},"author":5,"featured_media":22350,"comment_status":"closed","ping_status":"open","sticky":false,"template":"","format":"standard","meta":{"_monsterinsights_skip_tracking":false,"_monsterinsights_sitenote_active":false,"_monsterinsights_sitenote_note":"","_monsterinsights_sitenote_category":0,"footnotes":""},"categories":[1],"tags":[],"class_list":["post-22348","post","type-post","status-publish","format-standard","has-post-thumbnail","hentry","category-sem-categoria"],"_links":{"self":[{"href":"https:\/\/pc.sc.gov.br\/index.php?rest_route=\/wp\/v2\/posts\/22348","targetHints":{"allow":["GET"]}}],"collection":[{"href":"https:\/\/pc.sc.gov.br\/index.php?rest_route=\/wp\/v2\/posts"}],"about":[{"href":"https:\/\/pc.sc.gov.br\/index.php?rest_route=\/wp\/v2\/types\/post"}],"author":[{"embeddable":true,"href":"https:\/\/pc.sc.gov.br\/index.php?rest_route=\/wp\/v2\/users\/5"}],"replies":[{"embeddable":true,"href":"https:\/\/pc.sc.gov.br\/index.php?rest_route=%2Fwp%2Fv2%2Fcomments&post=22348"}],"version-history":[{"count":8,"href":"https:\/\/pc.sc.gov.br\/index.php?rest_route=\/wp\/v2\/posts\/22348\/revisions"}],"predecessor-version":[{"id":22359,"href":"https:\/\/pc.sc.gov.br\/index.php?rest_route=\/wp\/v2\/posts\/22348\/revisions\/22359"}],"wp:featuredmedia":[{"embeddable":true,"href":"https:\/\/pc.sc.gov.br\/index.php?rest_route=\/wp\/v2\/media\/22350"}],"wp:attachment":[{"href":"https:\/\/pc.sc.gov.br\/index.php?rest_route=%2Fwp%2Fv2%2Fmedia&parent=22348"}],"wp:term":[{"taxonomy":"category","embeddable":true,"href":"https:\/\/pc.sc.gov.br\/index.php?rest_route=%2Fwp%2Fv2%2Fcategories&post=22348"},{"taxonomy":"post_tag","embeddable":true,"href":"https:\/\/pc.sc.gov.br\/index.php?rest_route=%2Fwp%2Fv2%2Ftags&post=22348"}],"curies":[{"name":"wp","href":"https:\/\/api.w.org\/{rel}","templated":true}]}}