{"id":22366,"date":"2024-08-06T17:08:00","date_gmt":"2024-08-06T20:08:00","guid":{"rendered":"https:\/\/pc.sc.gov.br\/?p=22366"},"modified":"2024-08-06T17:10:22","modified_gmt":"2024-08-06T20:10:22","slug":"pcsc-prende-suspeito-pela-pratica-de-crimes-de-furto-nas-cidades-de-ascurra-e-indaial","status":"publish","type":"post","link":"https:\/\/pc.sc.gov.br\/?p=22366","title":{"rendered":"PCSC prende suspeito pela pr\u00e1tica de crimes de furto nas cidades de Ascurra e Indaial"},"content":{"rendered":"\t\t<div data-elementor-type=\"wp-post\" data-elementor-id=\"22366\" class=\"elementor elementor-22366\" data-elementor-post-type=\"post\">\n\t\t\t\t\t\t<section class=\"elementor-section elementor-top-section elementor-element elementor-element-aaf11d4 elementor-section-boxed elementor-section-height-default elementor-section-height-default\" data-id=\"aaf11d4\" data-element_type=\"section\">\n\t\t\t\t\t\t<div class=\"elementor-container elementor-column-gap-default\">\n\t\t\t\t\t<div class=\"elementor-column elementor-col-100 elementor-top-column elementor-element elementor-element-0c3d3f3\" data-id=\"0c3d3f3\" data-element_type=\"column\">\n\t\t\t<div class=\"elementor-widget-wrap elementor-element-populated\">\n\t\t\t\t\t\t<div class=\"elementor-element elementor-element-e0a2eed elementor-widget elementor-widget-heading\" data-id=\"e0a2eed\" data-element_type=\"widget\" data-widget_type=\"heading.default\">\n\t\t\t\t<div class=\"elementor-widget-container\">\n\t\t\t\t\t<h2 class=\"elementor-heading-title elementor-size-default\">PCSC prende suspeito pela pr\u00e1tica de crimes de furto nas cidades de Ascurra e Indaial<\/h2>\t\t\t\t<\/div>\n\t\t\t\t<\/div>\n\t\t\t\t\t<\/div>\n\t\t<\/div>\n\t\t\t\t\t<\/div>\n\t\t<\/section>\n\t\t\t\t<section class=\"elementor-section elementor-top-section elementor-element elementor-element-bb3c919 elementor-section-boxed elementor-section-height-default elementor-section-height-default\" data-id=\"bb3c919\" data-element_type=\"section\">\n\t\t\t\t\t\t<div class=\"elementor-container elementor-column-gap-default\">\n\t\t\t\t\t<div class=\"elementor-column elementor-col-100 elementor-top-column elementor-element elementor-element-8a1ba14\" data-id=\"8a1ba14\" data-element_type=\"column\">\n\t\t\t<div class=\"elementor-widget-wrap elementor-element-populated\">\n\t\t\t\t\t\t<div class=\"elementor-element elementor-element-7641089 elementor-widget elementor-widget-image\" data-id=\"7641089\" data-element_type=\"widget\" data-widget_type=\"image.default\">\n\t\t\t\t<div class=\"elementor-widget-container\">\n\t\t\t\t\t\t\t\t\t\t\t\t\t\t\t<img fetchpriority=\"high\" decoding=\"async\" width=\"696\" height=\"579\" src=\"https:\/\/pc.sc.gov.br\/\/wp-content\/uploads\/2024\/08\/2a0496c2-d6c1-4e5c-b94b-d0d2a723f457-fotor-2024080617845-1024x852.jpg\" class=\"attachment-large size-large wp-image-22369\" alt=\"\" srcset=\"https:\/\/pc.sc.gov.br\/\/wp-content\/uploads\/2024\/08\/2a0496c2-d6c1-4e5c-b94b-d0d2a723f457-fotor-2024080617845-1024x852.jpg 1024w, https:\/\/pc.sc.gov.br\/\/wp-content\/uploads\/2024\/08\/2a0496c2-d6c1-4e5c-b94b-d0d2a723f457-fotor-2024080617845-300x249.jpg 300w, https:\/\/pc.sc.gov.br\/\/wp-content\/uploads\/2024\/08\/2a0496c2-d6c1-4e5c-b94b-d0d2a723f457-fotor-2024080617845-768x639.jpg 768w, https:\/\/pc.sc.gov.br\/\/wp-content\/uploads\/2024\/08\/2a0496c2-d6c1-4e5c-b94b-d0d2a723f457-fotor-2024080617845.jpg 1182w\" sizes=\"(max-width: 696px) 100vw, 696px\" \/>\t\t\t\t\t\t\t\t\t\t\t\t\t\t\t<\/div>\n\t\t\t\t<\/div>\n\t\t\t\t\t<\/div>\n\t\t<\/div>\n\t\t\t\t\t<\/div>\n\t\t<\/section>\n\t\t\t\t<section class=\"elementor-section elementor-top-section elementor-element elementor-element-53d009a elementor-section-boxed elementor-section-height-default elementor-section-height-default\" data-id=\"53d009a\" data-element_type=\"section\">\n\t\t\t\t\t\t<div class=\"elementor-container elementor-column-gap-default\">\n\t\t\t\t\t<div class=\"elementor-column elementor-col-100 elementor-top-column elementor-element elementor-element-5569f00\" data-id=\"5569f00\" data-element_type=\"column\">\n\t\t\t<div class=\"elementor-widget-wrap elementor-element-populated\">\n\t\t\t\t\t\t<div class=\"elementor-element elementor-element-91f0cc7 elementor-widget elementor-widget-text-editor\" data-id=\"91f0cc7\" data-element_type=\"widget\" data-widget_type=\"text-editor.default\">\n\t\t\t\t<div class=\"elementor-widget-container\">\n\t\t\t\t\t\t\t\t\t<p><span style=\"font-family: var( --e-global-typography-text-font-family ), Sans-serif; font-size: var( --e-global-typography-text-font-size );\">A <\/span><span style=\"font-family: var( --e-global-typography-text-font-family ), Sans-serif; font-size: var( --e-global-typography-text-font-size );\">Pol\u00edcia Civil de Santa Catarina, por meio da Delegacia de Pol\u00edcia Civil da Comarca de Ascurra,&nbsp; efetuou a pris\u00e3o de um homem, nesta ter\u00e7a-feira (06) investigado pela pr\u00e1tica de furtos qualificados nas cidades de Ascurra e Indaial, principalmente em estabelecimentos comerciais.&nbsp;<\/span><\/p>\n<p>Ap\u00f3s os fatos serem noticiados \u00e0 Delegacia, foi instaurado procedimento&nbsp; investigativo para apurar os crimes. E, ap\u00f3s minucioso trabalho da equipe de investiga\u00e7\u00e3o, foi poss\u00edvel identificar o homem, suspeito da pr\u00e1tica do crime de furto numa padaria, localizada no morro do Armandio, bairro Esta\u00e7\u00e3o, em Ascurra.<\/p>\n<p>A partir dos elementos informativos e probat\u00f3rios produzidos, o Delegado de Pol\u00edcia, Wesley de Sousa Costa, representou pela pris\u00e3o preventiva do suspeito, pedido este que foi referendado pelo Minist\u00e9rio P\u00fablico e decretado pelo Poder Judici\u00e1rio.<\/p>\n<p>O mandado de pris\u00e3o restou devidamente cumprido hoje (06) na localidade do Morro da Formiga, no bairro Warnow, na cidade de Indaial. Durante a dilig\u00eancia foi poss\u00edvel constatar que havia contra ele um mandado de pris\u00e3o em aberto expedido pelo Poder Judici\u00e1rio de Indaial, tamb\u00e9m pelo crime de furto, sendo tamb\u00e9m devidamente cumprido.<\/p>\n<p>Por fim, o preso restou encaminhado \u00e0 Pol\u00edcia Cient\u00edfica para exame de corpo de delito e, posteriormente, conduzido ao Pres\u00eddio Regional de Blumenau, ficando \u00e0 disposi\u00e7\u00e3o do Poder Judici\u00e1rio da Comarca de Blumenau \u2013 Vara Regional das Garantias.&nbsp;<\/p>\n<p><b>Colabore com a PCSC por interm\u00e9dio da Delegacia de Ascurra &#8211; Den\u00fancias pelo (047) 9.9793-6769 &#8211; Sigilo Absoluto<\/b><span style=\"color: var( --e-global-color-text ); font-family: var( --e-global-typography-primary-font-family ), Sans-serif; font-size: var( --e-global-typography-primary-font-size ); font-weight: var( --e-global-typography-primary-font-weight ); letter-spacing: var( --e-global-typography-primary-letter-spacing );\">&nbsp;<\/span><\/p>\t\t\t\t\t\t\t\t<\/div>\n\t\t\t\t<\/div>\n\t\t\t\t\t<\/div>\n\t\t<\/div>\n\t\t\t\t\t<\/div>\n\t\t<\/section>\n\t\t\t\t<\/div>\n\t\t","protected":false},"excerpt":{"rendered":"<p>PCSC prende suspeito pela pr\u00e1tica de crimes de furto nas cidades de Ascurra e Indaial A Pol\u00edcia Civil de Santa Catarina, por meio da Delegacia de Pol\u00edcia Civil da Comarca de Ascurra,&nbsp; efetuou a pris\u00e3o de um homem, nesta ter\u00e7a-feira (06) investigado pela pr\u00e1tica de furtos qualificados nas cidades de Ascurra e Indaial, principalmente em [&hellip;]<\/p>\n","protected":false},"author":5,"featured_media":22367,"comment_status":"closed","ping_status":"open","sticky":false,"template":"","format":"standard","meta":{"_monsterinsights_skip_tracking":false,"_monsterinsights_sitenote_active":false,"_monsterinsights_sitenote_note":"","_monsterinsights_sitenote_category":0,"footnotes":""},"categories":[1],"tags":[],"class_list":["post-22366","post","type-post","status-publish","format-standard","has-post-thumbnail","hentry","category-sem-categoria"],"_links":{"self":[{"href":"https:\/\/pc.sc.gov.br\/index.php?rest_route=\/wp\/v2\/posts\/22366","targetHints":{"allow":["GET"]}}],"collection":[{"href":"https:\/\/pc.sc.gov.br\/index.php?rest_route=\/wp\/v2\/posts"}],"about":[{"href":"https:\/\/pc.sc.gov.br\/index.php?rest_route=\/wp\/v2\/types\/post"}],"author":[{"embeddable":true,"href":"https:\/\/pc.sc.gov.br\/index.php?rest_route=\/wp\/v2\/users\/5"}],"replies":[{"embeddable":true,"href":"https:\/\/pc.sc.gov.br\/index.php?rest_route=%2Fwp%2Fv2%2Fcomments&post=22366"}],"version-history":[{"count":4,"href":"https:\/\/pc.sc.gov.br\/index.php?rest_route=\/wp\/v2\/posts\/22366\/revisions"}],"predecessor-version":[{"id":22372,"href":"https:\/\/pc.sc.gov.br\/index.php?rest_route=\/wp\/v2\/posts\/22366\/revisions\/22372"}],"wp:featuredmedia":[{"embeddable":true,"href":"https:\/\/pc.sc.gov.br\/index.php?rest_route=\/wp\/v2\/media\/22367"}],"wp:attachment":[{"href":"https:\/\/pc.sc.gov.br\/index.php?rest_route=%2Fwp%2Fv2%2Fmedia&parent=22366"}],"wp:term":[{"taxonomy":"category","embeddable":true,"href":"https:\/\/pc.sc.gov.br\/index.php?rest_route=%2Fwp%2Fv2%2Fcategories&post=22366"},{"taxonomy":"post_tag","embeddable":true,"href":"https:\/\/pc.sc.gov.br\/index.php?rest_route=%2Fwp%2Fv2%2Ftags&post=22366"}],"curies":[{"name":"wp","href":"https:\/\/api.w.org\/{rel}","templated":true}]}}