{"id":22373,"date":"2024-08-06T17:19:03","date_gmt":"2024-08-06T20:19:03","guid":{"rendered":"https:\/\/pc.sc.gov.br\/?p=22373"},"modified":"2024-08-06T17:20:16","modified_gmt":"2024-08-06T20:20:16","slug":"policiais-civis-de-celso-ramos-e-anita-garibaldi-cumprem-mandados-de-busca-e-apreensao-em-investigacao-sobre-ameacas-de-morte","status":"publish","type":"post","link":"https:\/\/pc.sc.gov.br\/?p=22373","title":{"rendered":"Policiais civis de Celso Ramos e Anita Garibaldi cumprem mandados de busca e apreens\u00e3o em investiga\u00e7\u00e3o sobre amea\u00e7as de morte"},"content":{"rendered":"\t\t<div data-elementor-type=\"wp-post\" data-elementor-id=\"22373\" class=\"elementor elementor-22373\" data-elementor-post-type=\"post\">\n\t\t\t\t\t\t<section class=\"elementor-section elementor-top-section elementor-element elementor-element-d9f1ddf elementor-section-boxed elementor-section-height-default elementor-section-height-default\" data-id=\"d9f1ddf\" data-element_type=\"section\">\n\t\t\t\t\t\t<div class=\"elementor-container elementor-column-gap-default\">\n\t\t\t\t\t<div class=\"elementor-column elementor-col-100 elementor-top-column elementor-element elementor-element-156ac67\" data-id=\"156ac67\" data-element_type=\"column\">\n\t\t\t<div class=\"elementor-widget-wrap elementor-element-populated\">\n\t\t\t\t\t\t<div class=\"elementor-element elementor-element-8c4bbf6 elementor-widget elementor-widget-heading\" data-id=\"8c4bbf6\" data-element_type=\"widget\" data-widget_type=\"heading.default\">\n\t\t\t\t<div class=\"elementor-widget-container\">\n\t\t\t\t\t<h2 class=\"elementor-heading-title elementor-size-default\">Policiais civis de Celso Ramos e Anita Garibaldi cumprem mandados de busca e apreens\u00e3o em investiga\u00e7\u00e3o sobre amea\u00e7as de morte<\/h2>\t\t\t\t<\/div>\n\t\t\t\t<\/div>\n\t\t\t\t\t<\/div>\n\t\t<\/div>\n\t\t\t\t\t<\/div>\n\t\t<\/section>\n\t\t\t\t<section class=\"elementor-section elementor-top-section elementor-element elementor-element-a7d87c2 elementor-section-boxed elementor-section-height-default elementor-section-height-default\" data-id=\"a7d87c2\" data-element_type=\"section\">\n\t\t\t\t\t\t<div class=\"elementor-container elementor-column-gap-default\">\n\t\t\t\t\t<div class=\"elementor-column elementor-col-100 elementor-top-column elementor-element elementor-element-c44978b\" data-id=\"c44978b\" data-element_type=\"column\">\n\t\t\t<div class=\"elementor-widget-wrap elementor-element-populated\">\n\t\t\t\t\t\t<div class=\"elementor-element elementor-element-b1f6a40 elementor-widget elementor-widget-image\" data-id=\"b1f6a40\" data-element_type=\"widget\" data-widget_type=\"image.default\">\n\t\t\t\t<div class=\"elementor-widget-container\">\n\t\t\t\t\t\t\t\t\t\t\t\t\t\t\t<img fetchpriority=\"high\" decoding=\"async\" width=\"385\" height=\"238\" src=\"https:\/\/pc.sc.gov.br\/\/wp-content\/uploads\/2024\/07\/WhatsApp-Image-2024-03-19-at-3.22.02-PM-fotor-2024041817100.jpg\" class=\"attachment-large size-large wp-image-21662\" alt=\"\" srcset=\"https:\/\/pc.sc.gov.br\/\/wp-content\/uploads\/2024\/07\/WhatsApp-Image-2024-03-19-at-3.22.02-PM-fotor-2024041817100.jpg 385w, https:\/\/pc.sc.gov.br\/\/wp-content\/uploads\/2024\/07\/WhatsApp-Image-2024-03-19-at-3.22.02-PM-fotor-2024041817100-300x185.jpg 300w\" sizes=\"(max-width: 385px) 100vw, 385px\" \/>\t\t\t\t\t\t\t\t\t\t\t\t\t\t\t<\/div>\n\t\t\t\t<\/div>\n\t\t\t\t\t<\/div>\n\t\t<\/div>\n\t\t\t\t\t<\/div>\n\t\t<\/section>\n\t\t\t\t<section class=\"elementor-section elementor-top-section elementor-element elementor-element-ea9b861 elementor-section-boxed elementor-section-height-default elementor-section-height-default\" data-id=\"ea9b861\" data-element_type=\"section\">\n\t\t\t\t\t\t<div class=\"elementor-container elementor-column-gap-default\">\n\t\t\t\t\t<div class=\"elementor-column elementor-col-100 elementor-top-column elementor-element elementor-element-7b4e344\" data-id=\"7b4e344\" data-element_type=\"column\">\n\t\t\t<div class=\"elementor-widget-wrap elementor-element-populated\">\n\t\t\t\t\t\t<div class=\"elementor-element elementor-element-81b16c2 elementor-widget elementor-widget-text-editor\" data-id=\"81b16c2\" data-element_type=\"widget\" data-widget_type=\"text-editor.default\">\n\t\t\t\t<div class=\"elementor-widget-container\">\n\t\t\t\t\t\t\t\t\t<p>A Pol\u00edcia Civil de Santa Catarina deu cumprimento ao mandado de busca e apreens\u00e3o, na segunda-feira (05), expedido em investiga\u00e7\u00e3o sobre amea\u00e7as de morte ocorrida no munic\u00edpio de Celso Ramos.<\/p>\n<p>As investiga\u00e7\u00f5es iniciaram ap\u00f3s a v\u00edtima procurar a Delegacia de Pol\u00edcia de Celso Ramos para informar que estava sendo alvo de amea\u00e7as de morte, sendo que o autor dessas amea\u00e7as, j\u00e1 \u00e9 conhecido das for\u00e7as de seguran\u00e7a por se envolver em diversas brigas e conflitos.<\/p>\n<p>As amea\u00e7as come\u00e7aram ap\u00f3s uma discuss\u00e3o ocorrida em um estabelecimento comercial que promovia uma competi\u00e7\u00e3o de cartas, sendo que o autor foi impedido de participar por estar, no dia dos fatos, portando uma faca no local. Mensagens com amea\u00e7as de morte come\u00e7aram a circular em aplicativos de mensagens tendo a v\u00edtima como alvo. Foi representada pela expedi\u00e7\u00e3o de mandado de busca e apreens\u00e3o ao Poder Judici\u00e1rio, sendo deferido o pedido.<\/p>\n<p>Os policiais civis de Celso Ramos e Anita Garibaldi se deslocaram at\u00e9 a resid\u00eancia do investigado e deram cumprimento \u00e0 ordem judicial. A arma descrita nas amea\u00e7as n\u00e3o foi localizada.&nbsp;<span style=\"font-family: var( --e-global-typography-primary-font-family ), Sans-serif; font-size: var( --e-global-typography-primary-font-size ); font-weight: var( --e-global-typography-primary-font-weight ); letter-spacing: var( --e-global-typography-primary-letter-spacing );\">O investigado foi conduzido para a Delegacia de Pol\u00edcia de Celso Ramos, onde foi interrogado e autuado em termo circunstanciado de ocorr\u00eancia pelo crime de amea\u00e7a.<\/span><\/p>\t\t\t\t\t\t\t\t<\/div>\n\t\t\t\t<\/div>\n\t\t\t\t\t<\/div>\n\t\t<\/div>\n\t\t\t\t\t<\/div>\n\t\t<\/section>\n\t\t\t\t<\/div>\n\t\t","protected":false},"excerpt":{"rendered":"<p>Policiais civis de Celso Ramos e Anita Garibaldi cumprem mandados de busca e apreens\u00e3o em investiga\u00e7\u00e3o sobre amea\u00e7as de morte A Pol\u00edcia Civil de Santa Catarina deu cumprimento ao mandado de busca e apreens\u00e3o, na segunda-feira (05), expedido em investiga\u00e7\u00e3o sobre amea\u00e7as de morte ocorrida no munic\u00edpio de Celso Ramos. As investiga\u00e7\u00f5es iniciaram ap\u00f3s a [&hellip;]<\/p>\n","protected":false},"author":5,"featured_media":22100,"comment_status":"closed","ping_status":"open","sticky":false,"template":"","format":"standard","meta":{"_monsterinsights_skip_tracking":false,"_monsterinsights_sitenote_active":false,"_monsterinsights_sitenote_note":"","_monsterinsights_sitenote_category":0,"footnotes":""},"categories":[1],"tags":[],"class_list":["post-22373","post","type-post","status-publish","format-standard","has-post-thumbnail","hentry","category-sem-categoria"],"_links":{"self":[{"href":"https:\/\/pc.sc.gov.br\/index.php?rest_route=\/wp\/v2\/posts\/22373","targetHints":{"allow":["GET"]}}],"collection":[{"href":"https:\/\/pc.sc.gov.br\/index.php?rest_route=\/wp\/v2\/posts"}],"about":[{"href":"https:\/\/pc.sc.gov.br\/index.php?rest_route=\/wp\/v2\/types\/post"}],"author":[{"embeddable":true,"href":"https:\/\/pc.sc.gov.br\/index.php?rest_route=\/wp\/v2\/users\/5"}],"replies":[{"embeddable":true,"href":"https:\/\/pc.sc.gov.br\/index.php?rest_route=%2Fwp%2Fv2%2Fcomments&post=22373"}],"version-history":[{"count":4,"href":"https:\/\/pc.sc.gov.br\/index.php?rest_route=\/wp\/v2\/posts\/22373\/revisions"}],"predecessor-version":[{"id":22377,"href":"https:\/\/pc.sc.gov.br\/index.php?rest_route=\/wp\/v2\/posts\/22373\/revisions\/22377"}],"wp:featuredmedia":[{"embeddable":true,"href":"https:\/\/pc.sc.gov.br\/index.php?rest_route=\/wp\/v2\/media\/22100"}],"wp:attachment":[{"href":"https:\/\/pc.sc.gov.br\/index.php?rest_route=%2Fwp%2Fv2%2Fmedia&parent=22373"}],"wp:term":[{"taxonomy":"category","embeddable":true,"href":"https:\/\/pc.sc.gov.br\/index.php?rest_route=%2Fwp%2Fv2%2Fcategories&post=22373"},{"taxonomy":"post_tag","embeddable":true,"href":"https:\/\/pc.sc.gov.br\/index.php?rest_route=%2Fwp%2Fv2%2Ftags&post=22373"}],"curies":[{"name":"wp","href":"https:\/\/api.w.org\/{rel}","templated":true}]}}