{"id":22391,"date":"2024-08-07T16:40:23","date_gmt":"2024-08-07T19:40:23","guid":{"rendered":"https:\/\/pc.sc.gov.br\/?p=22391"},"modified":"2024-08-07T16:41:54","modified_gmt":"2024-08-07T19:41:54","slug":"forcas-de-seguranca-realizam-palestras-em-evento-sobre-a-prevencao-e-o-enfrentamento-da-violencia-contra-a-mulher-em-chapeco","status":"publish","type":"post","link":"https:\/\/pc.sc.gov.br\/?p=22391","title":{"rendered":"For\u00e7as de Seguran\u00e7a realizam palestras em evento sobre a preven\u00e7\u00e3o e o enfrentamento da viol\u00eancia contra a mulher em Chapec\u00f3"},"content":{"rendered":"\t\t<div data-elementor-type=\"wp-post\" data-elementor-id=\"22391\" class=\"elementor elementor-22391\" data-elementor-post-type=\"post\">\n\t\t\t\t\t\t<section class=\"elementor-section elementor-top-section elementor-element elementor-element-c2a5005 elementor-section-boxed elementor-section-height-default elementor-section-height-default\" data-id=\"c2a5005\" data-element_type=\"section\">\n\t\t\t\t\t\t<div class=\"elementor-container elementor-column-gap-default\">\n\t\t\t\t\t<div class=\"elementor-column elementor-col-100 elementor-top-column elementor-element elementor-element-ea465cc\" data-id=\"ea465cc\" data-element_type=\"column\">\n\t\t\t<div class=\"elementor-widget-wrap elementor-element-populated\">\n\t\t\t\t\t\t<div class=\"elementor-element elementor-element-46a3f6d elementor-widget elementor-widget-heading\" data-id=\"46a3f6d\" data-element_type=\"widget\" data-widget_type=\"heading.default\">\n\t\t\t\t<div class=\"elementor-widget-container\">\n\t\t\t\t\t<h2 class=\"elementor-heading-title elementor-size-default\">For\u00e7as de Seguran\u00e7a realizam palestras em evento sobre a preven\u00e7\u00e3o e o enfrentamento da viol\u00eancia contra a mulher em Chapec\u00f3<\/h2>\t\t\t\t<\/div>\n\t\t\t\t<\/div>\n\t\t\t\t\t<\/div>\n\t\t<\/div>\n\t\t\t\t\t<\/div>\n\t\t<\/section>\n\t\t\t\t<section class=\"elementor-section elementor-top-section elementor-element elementor-element-fe5bfc2 elementor-section-boxed elementor-section-height-default elementor-section-height-default\" data-id=\"fe5bfc2\" data-element_type=\"section\">\n\t\t\t\t\t\t<div class=\"elementor-container elementor-column-gap-default\">\n\t\t\t\t\t<div class=\"elementor-column elementor-col-100 elementor-top-column elementor-element elementor-element-5b98b81\" data-id=\"5b98b81\" data-element_type=\"column\">\n\t\t\t<div class=\"elementor-widget-wrap elementor-element-populated\">\n\t\t\t\t\t\t<div class=\"elementor-element elementor-element-0e1c0fc elementor-widget elementor-widget-image\" data-id=\"0e1c0fc\" data-element_type=\"widget\" data-widget_type=\"image.default\">\n\t\t\t\t<div class=\"elementor-widget-container\">\n\t\t\t\t\t\t\t\t\t\t\t\t\t\t\t<img fetchpriority=\"high\" decoding=\"async\" width=\"696\" height=\"392\" src=\"https:\/\/pc.sc.gov.br\/\/wp-content\/uploads\/2024\/08\/WhatsApp-Image-2024-08-07-at-13.20.19-1024x576.jpeg\" class=\"attachment-large size-large wp-image-22392\" alt=\"\" srcset=\"https:\/\/pc.sc.gov.br\/\/wp-content\/uploads\/2024\/08\/WhatsApp-Image-2024-08-07-at-13.20.19-1024x576.jpeg 1024w, https:\/\/pc.sc.gov.br\/\/wp-content\/uploads\/2024\/08\/WhatsApp-Image-2024-08-07-at-13.20.19-300x169.jpeg 300w, https:\/\/pc.sc.gov.br\/\/wp-content\/uploads\/2024\/08\/WhatsApp-Image-2024-08-07-at-13.20.19-768x432.jpeg 768w, https:\/\/pc.sc.gov.br\/\/wp-content\/uploads\/2024\/08\/WhatsApp-Image-2024-08-07-at-13.20.19-1536x864.jpeg 1536w, https:\/\/pc.sc.gov.br\/\/wp-content\/uploads\/2024\/08\/WhatsApp-Image-2024-08-07-at-13.20.19.jpeg 1600w\" sizes=\"(max-width: 696px) 100vw, 696px\" \/>\t\t\t\t\t\t\t\t\t\t\t\t\t\t\t<\/div>\n\t\t\t\t<\/div>\n\t\t\t\t\t<\/div>\n\t\t<\/div>\n\t\t\t\t\t<\/div>\n\t\t<\/section>\n\t\t\t\t<section class=\"elementor-section elementor-top-section elementor-element elementor-element-ee8ba46 elementor-section-boxed elementor-section-height-default elementor-section-height-default\" data-id=\"ee8ba46\" data-element_type=\"section\">\n\t\t\t\t\t\t<div class=\"elementor-container elementor-column-gap-default\">\n\t\t\t\t\t<div class=\"elementor-column elementor-col-100 elementor-top-column elementor-element elementor-element-da36b75\" data-id=\"da36b75\" data-element_type=\"column\">\n\t\t\t<div class=\"elementor-widget-wrap elementor-element-populated\">\n\t\t\t\t\t\t<div class=\"elementor-element elementor-element-a396bb9 elementor-widget elementor-widget-text-editor\" data-id=\"a396bb9\" data-element_type=\"widget\" data-widget_type=\"text-editor.default\">\n\t\t\t\t<div class=\"elementor-widget-container\">\n\t\t\t\t\t\t\t\t\t<p>As a\u00e7\u00f5es desenvolvidas pela rede de preven\u00e7\u00e3o e enfrentamento \u00e0 viol\u00eancia contra a mulher e a import\u00e2ncia da integra\u00e7\u00e3o nos atendimentos foram alguns dos temas abordados no ciclo de palestras das For\u00e7as de Seguran\u00e7a em Chapec\u00f3, no Oeste.<\/p><p>O evento ocorreu na manh\u00e3 desta quarta-feira, 07, no Centro de Eventos, com a presen\u00e7a da Pol\u00edcia Militar, da Pol\u00edcia Civil, do Corpo de Bombeiros Militar e da Pol\u00edcia Cient\u00edfica de Santa Catarina. A iniciativa foi alusiva \u00e0 Opera\u00e7\u00e3o Shamar e o p\u00fablico alvo foram policiais militares, civis e cient\u00edficos e bombeiros militares, al\u00e9m de demais \u00f3rg\u00e3os da rede de prote\u00e7\u00e3o de Chapec\u00f3.<\/p><p>A Pol\u00edcia Cient\u00edfica abordou a estat\u00edstica da viol\u00eancia contra a mulher e a import\u00e2ncia da per\u00edcia criminal na elucida\u00e7\u00e3o de crimes envolvendo v\u00edtimas mulheres. A Pol\u00edcia Militar relatou as a\u00e7\u00f5es da corpora\u00e7\u00e3o no combate \u00e0 viol\u00eancia dom\u00e9stica e familiar contra a mulher.<\/p><p>J\u00e1 a palestra da Pol\u00edcia Civil foi sobre a rede de prote\u00e7\u00e3o no enfrentamento da viol\u00eancia contra a mulher. O Corpo de Bombeiros Militar proferiu palestra sobre a diretriz operacional n\u00famero 12 e o protocolo integrado de atendimento \u00e0 mulher v\u00edtima de viol\u00eancia.<\/p><p>A opera\u00e7\u00e3o Shamar<\/p><p>Neste m\u00eas de agosto, as for\u00e7as de Seguran\u00e7a de Santa Catarina \u2014 Pol\u00edcia Militar, Pol\u00edcia Civil, Corpo de Bombeiros Militar e Pol\u00edcia Cient\u00edfica \u2014 est\u00e3o intensificando as a\u00e7\u00f5es repressivas e preventivas contra a viol\u00eancia dom\u00e9stica e familiar e o combate aos crimes contra a mulher no Estado. Os trabalhos fazem parte da opera\u00e7\u00e3o nacional Shamar, cujo nome, em hebraico, significa \u201ccuidar, guardar, proteger, vigiar, zelar\u201d.<\/p><p>A opera\u00e7\u00e3o \u00e9 coordenada pelo Minist\u00e9rio da Justi\u00e7a e Seguran\u00e7a P\u00fablica, atrav\u00e9s da Secretaria Nacional de Seguran\u00e7a P\u00fablica. Em Santa Catarina, a coordena\u00e7\u00e3o estadual \u00e9 feita pela Secretaria de Estado da Seguran\u00e7a P\u00fablica (SSP-SC), com a participa\u00e7\u00e3o do setor de intelig\u00eancia para levantamento e acompanhamento das ocorr\u00eancias e estat\u00edsticas e executada pelas for\u00e7as de Seguran\u00e7a.<\/p><p>Den\u00fancias<\/p><p>Os trabalhos da opera\u00e7\u00e3o Shamar consistir\u00e3o tamb\u00e9m na averigua\u00e7\u00e3o de den\u00fancias oriundas por qualquer tipo de meio, especialmente do Disque Den\u00fancia 181 e WhatsApp Den\u00fancia (48-98844-0011) e Delegacia Virtual da Pol\u00edcia Civil, bem como pelos telefones de emerg\u00eancias 190 da Pol\u00edcia Militar e 193 do Corpo de Bombeiros Militar.<\/p><div>\u00a0<\/div>\t\t\t\t\t\t\t\t<\/div>\n\t\t\t\t<\/div>\n\t\t\t\t\t<\/div>\n\t\t<\/div>\n\t\t\t\t\t<\/div>\n\t\t<\/section>\n\t\t\t\t<\/div>\n\t\t","protected":false},"excerpt":{"rendered":"<p>For\u00e7as de Seguran\u00e7a realizam palestras em evento sobre a preven\u00e7\u00e3o e o enfrentamento da viol\u00eancia contra a mulher em Chapec\u00f3 As a\u00e7\u00f5es desenvolvidas pela rede de preven\u00e7\u00e3o e enfrentamento \u00e0 viol\u00eancia contra a mulher e a import\u00e2ncia da integra\u00e7\u00e3o nos atendimentos foram alguns dos temas abordados no ciclo de palestras das For\u00e7as de Seguran\u00e7a em [&hellip;]<\/p>\n","protected":false},"author":5,"featured_media":22392,"comment_status":"closed","ping_status":"open","sticky":false,"template":"","format":"standard","meta":{"_monsterinsights_skip_tracking":false,"_monsterinsights_sitenote_active":false,"_monsterinsights_sitenote_note":"","_monsterinsights_sitenote_category":0,"footnotes":""},"categories":[1],"tags":[],"class_list":["post-22391","post","type-post","status-publish","format-standard","has-post-thumbnail","hentry","category-sem-categoria"],"_links":{"self":[{"href":"https:\/\/pc.sc.gov.br\/index.php?rest_route=\/wp\/v2\/posts\/22391","targetHints":{"allow":["GET"]}}],"collection":[{"href":"https:\/\/pc.sc.gov.br\/index.php?rest_route=\/wp\/v2\/posts"}],"about":[{"href":"https:\/\/pc.sc.gov.br\/index.php?rest_route=\/wp\/v2\/types\/post"}],"author":[{"embeddable":true,"href":"https:\/\/pc.sc.gov.br\/index.php?rest_route=\/wp\/v2\/users\/5"}],"replies":[{"embeddable":true,"href":"https:\/\/pc.sc.gov.br\/index.php?rest_route=%2Fwp%2Fv2%2Fcomments&post=22391"}],"version-history":[{"count":4,"href":"https:\/\/pc.sc.gov.br\/index.php?rest_route=\/wp\/v2\/posts\/22391\/revisions"}],"predecessor-version":[{"id":22396,"href":"https:\/\/pc.sc.gov.br\/index.php?rest_route=\/wp\/v2\/posts\/22391\/revisions\/22396"}],"wp:featuredmedia":[{"embeddable":true,"href":"https:\/\/pc.sc.gov.br\/index.php?rest_route=\/wp\/v2\/media\/22392"}],"wp:attachment":[{"href":"https:\/\/pc.sc.gov.br\/index.php?rest_route=%2Fwp%2Fv2%2Fmedia&parent=22391"}],"wp:term":[{"taxonomy":"category","embeddable":true,"href":"https:\/\/pc.sc.gov.br\/index.php?rest_route=%2Fwp%2Fv2%2Fcategories&post=22391"},{"taxonomy":"post_tag","embeddable":true,"href":"https:\/\/pc.sc.gov.br\/index.php?rest_route=%2Fwp%2Fv2%2Ftags&post=22391"}],"curies":[{"name":"wp","href":"https:\/\/api.w.org\/{rel}","templated":true}]}}