{"id":22410,"date":"2024-08-07T18:17:26","date_gmt":"2024-08-07T21:17:26","guid":{"rendered":"https:\/\/pc.sc.gov.br\/?p=22410"},"modified":"2024-08-07T18:19:47","modified_gmt":"2024-08-07T21:19:47","slug":"dic-de-palhoca-prende-suspeito-pelo-crime-de-homicidio-ocorrido-na-guarda-do-cubatao","status":"publish","type":"post","link":"https:\/\/pc.sc.gov.br\/?p=22410","title":{"rendered":"DIC de Palho\u00e7a prende suspeito pelo crime de homic\u00eddio ocorrido na Guarda do Cubat\u00e3o"},"content":{"rendered":"\t\t<div data-elementor-type=\"wp-post\" data-elementor-id=\"22410\" class=\"elementor elementor-22410\" data-elementor-post-type=\"post\">\n\t\t\t\t\t\t<section class=\"elementor-section elementor-top-section elementor-element elementor-element-200b71a elementor-section-boxed elementor-section-height-default elementor-section-height-default\" data-id=\"200b71a\" data-element_type=\"section\">\n\t\t\t\t\t\t<div class=\"elementor-container elementor-column-gap-default\">\n\t\t\t\t\t<div class=\"elementor-column elementor-col-100 elementor-top-column elementor-element elementor-element-5431f60\" data-id=\"5431f60\" data-element_type=\"column\">\n\t\t\t<div class=\"elementor-widget-wrap elementor-element-populated\">\n\t\t\t\t\t\t<div class=\"elementor-element elementor-element-852d448 elementor-widget elementor-widget-heading\" data-id=\"852d448\" data-element_type=\"widget\" data-widget_type=\"heading.default\">\n\t\t\t\t<div class=\"elementor-widget-container\">\n\t\t\t\t\t<h2 class=\"elementor-heading-title elementor-size-default\">DIC de Palho\u00e7a prende suspeito pelo crime de homic\u00eddio ocorrido na Guarda do Cubat\u00e3o<\/h2>\t\t\t\t<\/div>\n\t\t\t\t<\/div>\n\t\t\t\t\t<\/div>\n\t\t<\/div>\n\t\t\t\t\t<\/div>\n\t\t<\/section>\n\t\t\t\t<section class=\"elementor-section elementor-top-section elementor-element elementor-element-32bf0c4 elementor-section-boxed elementor-section-height-default elementor-section-height-default\" data-id=\"32bf0c4\" data-element_type=\"section\">\n\t\t\t\t\t\t<div class=\"elementor-container elementor-column-gap-default\">\n\t\t\t\t\t<div class=\"elementor-column elementor-col-100 elementor-top-column elementor-element elementor-element-e030ca8\" data-id=\"e030ca8\" data-element_type=\"column\">\n\t\t\t<div class=\"elementor-widget-wrap elementor-element-populated\">\n\t\t\t\t\t\t<div class=\"elementor-element elementor-element-a38d0d5 elementor-widget elementor-widget-image\" data-id=\"a38d0d5\" data-element_type=\"widget\" data-widget_type=\"image.default\">\n\t\t\t\t<div class=\"elementor-widget-container\">\n\t\t\t\t\t\t\t\t\t\t\t\t\t\t\t<img fetchpriority=\"high\" decoding=\"async\" width=\"696\" height=\"587\" src=\"https:\/\/pc.sc.gov.br\/\/wp-content\/uploads\/2024\/08\/2563b1a0-bb12-44ec-97f4-15992d285139-fotor-20240807174218.jpg\" class=\"attachment-large size-large wp-image-22411\" alt=\"\" srcset=\"https:\/\/pc.sc.gov.br\/\/wp-content\/uploads\/2024\/08\/2563b1a0-bb12-44ec-97f4-15992d285139-fotor-20240807174218.jpg 950w, https:\/\/pc.sc.gov.br\/\/wp-content\/uploads\/2024\/08\/2563b1a0-bb12-44ec-97f4-15992d285139-fotor-20240807174218-300x253.jpg 300w, https:\/\/pc.sc.gov.br\/\/wp-content\/uploads\/2024\/08\/2563b1a0-bb12-44ec-97f4-15992d285139-fotor-20240807174218-768x648.jpg 768w\" sizes=\"(max-width: 696px) 100vw, 696px\" \/>\t\t\t\t\t\t\t\t\t\t\t\t\t\t\t<\/div>\n\t\t\t\t<\/div>\n\t\t\t\t\t<\/div>\n\t\t<\/div>\n\t\t\t\t\t<\/div>\n\t\t<\/section>\n\t\t\t\t<section class=\"elementor-section elementor-top-section elementor-element elementor-element-a4160b9 elementor-section-boxed elementor-section-height-default elementor-section-height-default\" data-id=\"a4160b9\" data-element_type=\"section\">\n\t\t\t\t\t\t<div class=\"elementor-container elementor-column-gap-default\">\n\t\t\t\t\t<div class=\"elementor-column elementor-col-100 elementor-top-column elementor-element elementor-element-015583e\" data-id=\"015583e\" data-element_type=\"column\">\n\t\t\t<div class=\"elementor-widget-wrap elementor-element-populated\">\n\t\t\t\t\t\t<div class=\"elementor-element elementor-element-3f68873 elementor-widget elementor-widget-text-editor\" data-id=\"3f68873\" data-element_type=\"widget\" data-widget_type=\"text-editor.default\">\n\t\t\t\t<div class=\"elementor-widget-container\">\n\t\t\t\t\t\t\t\t\t<p>A Pol\u00edcia Civil de Santa Catarina, por interm\u00e9dio da Divis\u00e3o de Investiga\u00e7\u00e3o Criminal (DIC) de Palho\u00e7a, deflagrou nesta quarta-feira (07) a segunda fase da opera\u00e7\u00e3o para elucidar um homic\u00eddio ocorrido em 08\/03\/2024. Na ocasi\u00e3o foi encontrado o corpo de um homem, na Guarda do Cubat\u00e3o, com diversos ferimentos causados por disparo de arma de fogo.<\/p>\n<p><span style=\"font-family: var( --e-global-typography-text-font-family ), Sans-serif; font-size: var( --e-global-typography-text-font-size );\">Inicialmente foram cumpridos quatro mandados de busca e apreens\u00e3o visando angariar elementos para subsidiar o Inqu\u00e9rito Policial, sendo apreendidos aparelhos e dispositivos eletr\u00f4nicos, al\u00e9m de comprimidos semelhantes \u00e0 droga sint\u00e9tica.&nbsp; &nbsp;<\/span><span style=\"font-family: var( --e-global-typography-text-font-family ), Sans-serif; font-size: var( --e-global-typography-text-font-size ); font-weight: var( --e-global-typography-text-font-weight );\"> &nbsp; &nbsp; &nbsp; &nbsp; &nbsp; &nbsp; &nbsp; &nbsp; &nbsp; &nbsp; &nbsp; &nbsp; &nbsp; &nbsp; &nbsp; &nbsp; &nbsp; &nbsp; &nbsp; &nbsp; &nbsp;<\/span><\/p>\n<p>Nessa segunda fase foram cumpridos outros cinco mandados de busca e a pris\u00e3o tempor\u00e1ria de um dos envolvidos, no bairro Caminho Novo, sendo apreendidos objetos de interesse para investiga\u00e7\u00e3o, al\u00e9m de um kit Roni, dispositivo que potencializa arma de fogo e o usu\u00e1rio precisa de autoriza\u00e7\u00e3o do Ex\u00e9rcito para obter o produto. Como o equipamento estava ilegal foi lavrado um lavrado um Auto de Pris\u00e3o em Flagrante.&nbsp;<\/p>\n<p>A Pol\u00edcia Civil destaca que essa opera\u00e7\u00e3o \u00e9 mais um exemplo do comprometimento da institui\u00e7\u00e3o em gerar resultados concretos no enfrentamento \u00e0 criminalidade, trazendo um al\u00edvio para a comunidade e refor\u00e7ando a confian\u00e7a da popula\u00e7\u00e3o nas for\u00e7as de seguran\u00e7a.<\/p>\n<p><\/p>\t\t\t\t\t\t\t\t<\/div>\n\t\t\t\t<\/div>\n\t\t\t\t\t<\/div>\n\t\t<\/div>\n\t\t\t\t\t<\/div>\n\t\t<\/section>\n\t\t\t\t<\/div>\n\t\t","protected":false},"excerpt":{"rendered":"<p>DIC de Palho\u00e7a prende suspeito pelo crime de homic\u00eddio ocorrido na Guarda do Cubat\u00e3o A Pol\u00edcia Civil de Santa Catarina, por interm\u00e9dio da Divis\u00e3o de Investiga\u00e7\u00e3o Criminal (DIC) de Palho\u00e7a, deflagrou nesta quarta-feira (07) a segunda fase da opera\u00e7\u00e3o para elucidar um homic\u00eddio ocorrido em 08\/03\/2024. Na ocasi\u00e3o foi encontrado o corpo de um homem, [&hellip;]<\/p>\n","protected":false},"author":5,"featured_media":22411,"comment_status":"closed","ping_status":"open","sticky":false,"template":"","format":"standard","meta":{"_monsterinsights_skip_tracking":false,"_monsterinsights_sitenote_active":false,"_monsterinsights_sitenote_note":"","_monsterinsights_sitenote_category":0,"footnotes":""},"categories":[1],"tags":[],"class_list":["post-22410","post","type-post","status-publish","format-standard","has-post-thumbnail","hentry","category-sem-categoria"],"_links":{"self":[{"href":"https:\/\/pc.sc.gov.br\/index.php?rest_route=\/wp\/v2\/posts\/22410","targetHints":{"allow":["GET"]}}],"collection":[{"href":"https:\/\/pc.sc.gov.br\/index.php?rest_route=\/wp\/v2\/posts"}],"about":[{"href":"https:\/\/pc.sc.gov.br\/index.php?rest_route=\/wp\/v2\/types\/post"}],"author":[{"embeddable":true,"href":"https:\/\/pc.sc.gov.br\/index.php?rest_route=\/wp\/v2\/users\/5"}],"replies":[{"embeddable":true,"href":"https:\/\/pc.sc.gov.br\/index.php?rest_route=%2Fwp%2Fv2%2Fcomments&post=22410"}],"version-history":[{"count":4,"href":"https:\/\/pc.sc.gov.br\/index.php?rest_route=\/wp\/v2\/posts\/22410\/revisions"}],"predecessor-version":[{"id":22415,"href":"https:\/\/pc.sc.gov.br\/index.php?rest_route=\/wp\/v2\/posts\/22410\/revisions\/22415"}],"wp:featuredmedia":[{"embeddable":true,"href":"https:\/\/pc.sc.gov.br\/index.php?rest_route=\/wp\/v2\/media\/22411"}],"wp:attachment":[{"href":"https:\/\/pc.sc.gov.br\/index.php?rest_route=%2Fwp%2Fv2%2Fmedia&parent=22410"}],"wp:term":[{"taxonomy":"category","embeddable":true,"href":"https:\/\/pc.sc.gov.br\/index.php?rest_route=%2Fwp%2Fv2%2Fcategories&post=22410"},{"taxonomy":"post_tag","embeddable":true,"href":"https:\/\/pc.sc.gov.br\/index.php?rest_route=%2Fwp%2Fv2%2Ftags&post=22410"}],"curies":[{"name":"wp","href":"https:\/\/api.w.org\/{rel}","templated":true}]}}