{"id":22432,"date":"2024-08-08T15:55:35","date_gmt":"2024-08-08T18:55:35","guid":{"rendered":"https:\/\/pc.sc.gov.br\/?p=22432"},"modified":"2024-08-08T15:56:35","modified_gmt":"2024-08-08T18:56:35","slug":"operacao-311-acao-entre-pcsc-pci-gm-de-sao-jose-e-detran-resulta-prisao-de-dois-empresarios-do-ramo-automotivo-de-sao-jose-e-biguacu","status":"publish","type":"post","link":"https:\/\/pc.sc.gov.br\/?p=22432","title":{"rendered":"Opera\u00e7\u00e3o 311: a\u00e7\u00e3o entre PCSC, PCI, GM de S\u00e3o Jos\u00e9 e Detran resulta pris\u00e3o de dois empres\u00e1rios do ramo automotivo de S\u00e3o Jos\u00e9 e Bigua\u00e7u"},"content":{"rendered":"\t\t<div data-elementor-type=\"wp-post\" data-elementor-id=\"22432\" class=\"elementor elementor-22432\" data-elementor-post-type=\"post\">\n\t\t\t\t\t\t<section class=\"elementor-section elementor-top-section elementor-element elementor-element-0aa9bd4 elementor-section-boxed elementor-section-height-default elementor-section-height-default\" data-id=\"0aa9bd4\" data-element_type=\"section\">\n\t\t\t\t\t\t<div class=\"elementor-container elementor-column-gap-default\">\n\t\t\t\t\t<div class=\"elementor-column elementor-col-100 elementor-top-column elementor-element elementor-element-587cd56\" data-id=\"587cd56\" data-element_type=\"column\">\n\t\t\t<div class=\"elementor-widget-wrap elementor-element-populated\">\n\t\t\t\t\t\t<div class=\"elementor-element elementor-element-cb45bdb elementor-widget elementor-widget-heading\" data-id=\"cb45bdb\" data-element_type=\"widget\" data-widget_type=\"heading.default\">\n\t\t\t\t<div class=\"elementor-widget-container\">\n\t\t\t\t\t<h2 class=\"elementor-heading-title elementor-size-default\">Opera\u00e7\u00e3o 311: a\u00e7\u00e3o conjunta entre PCSC, PCI, GM de S\u00e3o Jos\u00e9 e Detran resulta pris\u00e3o de dois empres\u00e1rios do ramo automotivo de S\u00e3o Jos\u00e9 e Bigua\u00e7u<\/h2>\t\t\t\t<\/div>\n\t\t\t\t<\/div>\n\t\t\t\t\t<\/div>\n\t\t<\/div>\n\t\t\t\t\t<\/div>\n\t\t<\/section>\n\t\t\t\t<section class=\"elementor-section elementor-top-section elementor-element elementor-element-a69adfc elementor-section-boxed elementor-section-height-default elementor-section-height-default\" data-id=\"a69adfc\" data-element_type=\"section\">\n\t\t\t\t\t\t<div class=\"elementor-container elementor-column-gap-default\">\n\t\t\t\t\t<div class=\"elementor-column elementor-col-100 elementor-top-column elementor-element elementor-element-66e70e9\" data-id=\"66e70e9\" data-element_type=\"column\">\n\t\t\t<div class=\"elementor-widget-wrap elementor-element-populated\">\n\t\t\t\t\t\t<div class=\"elementor-element elementor-element-3cdf1b5 elementor-widget elementor-widget-image\" data-id=\"3cdf1b5\" data-element_type=\"widget\" data-widget_type=\"image.default\">\n\t\t\t\t<div class=\"elementor-widget-container\">\n\t\t\t\t\t\t\t\t\t\t\t\t\t\t\t<img fetchpriority=\"high\" decoding=\"async\" width=\"696\" height=\"313\" src=\"https:\/\/pc.sc.gov.br\/\/wp-content\/uploads\/2024\/08\/WhatsApp-Image-2024-08-08-at-15.53.47-1024x461.jpeg\" class=\"attachment-large size-large wp-image-22433\" alt=\"\" srcset=\"https:\/\/pc.sc.gov.br\/\/wp-content\/uploads\/2024\/08\/WhatsApp-Image-2024-08-08-at-15.53.47-1024x461.jpeg 1024w, https:\/\/pc.sc.gov.br\/\/wp-content\/uploads\/2024\/08\/WhatsApp-Image-2024-08-08-at-15.53.47-300x135.jpeg 300w, https:\/\/pc.sc.gov.br\/\/wp-content\/uploads\/2024\/08\/WhatsApp-Image-2024-08-08-at-15.53.47-768x346.jpeg 768w, https:\/\/pc.sc.gov.br\/\/wp-content\/uploads\/2024\/08\/WhatsApp-Image-2024-08-08-at-15.53.47-1536x691.jpeg 1536w, https:\/\/pc.sc.gov.br\/\/wp-content\/uploads\/2024\/08\/WhatsApp-Image-2024-08-08-at-15.53.47.jpeg 1600w\" sizes=\"(max-width: 696px) 100vw, 696px\" \/>\t\t\t\t\t\t\t\t\t\t\t\t\t\t\t<\/div>\n\t\t\t\t<\/div>\n\t\t\t\t\t<\/div>\n\t\t<\/div>\n\t\t\t\t\t<\/div>\n\t\t<\/section>\n\t\t\t\t<section class=\"elementor-section elementor-top-section elementor-element elementor-element-2d00833 elementor-section-boxed elementor-section-height-default elementor-section-height-default\" data-id=\"2d00833\" data-element_type=\"section\">\n\t\t\t\t\t\t<div class=\"elementor-container elementor-column-gap-default\">\n\t\t\t\t\t<div class=\"elementor-column elementor-col-100 elementor-top-column elementor-element elementor-element-98f1d18\" data-id=\"98f1d18\" data-element_type=\"column\">\n\t\t\t<div class=\"elementor-widget-wrap elementor-element-populated\">\n\t\t\t\t\t\t<div class=\"elementor-element elementor-element-17b6cdc elementor-widget elementor-widget-text-editor\" data-id=\"17b6cdc\" data-element_type=\"widget\" data-widget_type=\"text-editor.default\">\n\t\t\t\t<div class=\"elementor-widget-container\">\n\t\t\t\t\t\t\t\t\t<p>A Pol\u00edcia Civil de Santa Catarina, por interm\u00e9dio da Delegacia de Furtos e Roubos de Ve\u00edculos (DFRV\/DEIC) em opera\u00e7\u00e3o conjunta com a Pol\u00edcia Cient\u00edfica, NUNT\/S\u00e3o Jos\u00e9 e Detran, na quarta-feira (07), dando continuidade \u00e0s a\u00e7\u00f5es de fiscaliza\u00e7\u00e3o da Opera\u00e7\u00e3o 311, que visa coibir o com\u00e9rcio ilegal de pe\u00e7as automotivas, identificou dois estabelecimentos respons\u00e1veis pela&nbsp; venda irregular de pe\u00e7as de ve\u00edculos, em S\u00e3o Jos\u00e9 e Bigua\u00e7u.<\/p>\n<p>Durante as dilig\u00eancias na empresa de S\u00e3o Jos\u00e9, foram localizadas partes\/pe\u00e7as de 10 ve\u00edculos com registro de furto. Na fiscaliza\u00e7\u00e3o da empresa localizada em Bigua\u00e7u, foram identificadas pe\u00e7as de nove ve\u00edculos com registro de furto.&nbsp;<span style=\"font-family: var( --e-global-typography-text-font-family ), Sans-serif; font-size: var( --e-global-typography-text-font-size );\">Os respons\u00e1veis pelas empresas foram encaminhados \u00e0 sede da DEIC e autuados em flagrante pelo crime de recepta\u00e7\u00e3o qualificada.<\/span><\/p>\n<p>A Opera\u00e7\u00e3o 311 \u00e9 uma a\u00e7\u00e3o permanente de fiscaliza\u00e7\u00e3o de empresas do ramo de autope\u00e7as, que visa o combate ao crime de recepta\u00e7\u00e3o de pe\u00e7as automotivas de proced\u00eancia il\u00edcita.<\/p>\t\t\t\t\t\t\t\t<\/div>\n\t\t\t\t<\/div>\n\t\t\t\t\t<\/div>\n\t\t<\/div>\n\t\t\t\t\t<\/div>\n\t\t<\/section>\n\t\t\t\t<\/div>\n\t\t","protected":false},"excerpt":{"rendered":"<p>Opera\u00e7\u00e3o 311: a\u00e7\u00e3o conjunta entre PCSC, PCI, GM de S\u00e3o Jos\u00e9 e Detran resulta pris\u00e3o de dois empres\u00e1rios do ramo automotivo de S\u00e3o Jos\u00e9 e Bigua\u00e7u A Pol\u00edcia Civil de Santa Catarina, por interm\u00e9dio da Delegacia de Furtos e Roubos de Ve\u00edculos (DFRV\/DEIC) em opera\u00e7\u00e3o conjunta com a Pol\u00edcia Cient\u00edfica, NUNT\/S\u00e3o Jos\u00e9 e Detran, na [&hellip;]<\/p>\n","protected":false},"author":5,"featured_media":22433,"comment_status":"closed","ping_status":"open","sticky":false,"template":"","format":"standard","meta":{"_monsterinsights_skip_tracking":false,"_monsterinsights_sitenote_active":false,"_monsterinsights_sitenote_note":"","_monsterinsights_sitenote_category":0,"footnotes":""},"categories":[1],"tags":[],"class_list":["post-22432","post","type-post","status-publish","format-standard","has-post-thumbnail","hentry","category-sem-categoria"],"_links":{"self":[{"href":"https:\/\/pc.sc.gov.br\/index.php?rest_route=\/wp\/v2\/posts\/22432","targetHints":{"allow":["GET"]}}],"collection":[{"href":"https:\/\/pc.sc.gov.br\/index.php?rest_route=\/wp\/v2\/posts"}],"about":[{"href":"https:\/\/pc.sc.gov.br\/index.php?rest_route=\/wp\/v2\/types\/post"}],"author":[{"embeddable":true,"href":"https:\/\/pc.sc.gov.br\/index.php?rest_route=\/wp\/v2\/users\/5"}],"replies":[{"embeddable":true,"href":"https:\/\/pc.sc.gov.br\/index.php?rest_route=%2Fwp%2Fv2%2Fcomments&post=22432"}],"version-history":[{"count":4,"href":"https:\/\/pc.sc.gov.br\/index.php?rest_route=\/wp\/v2\/posts\/22432\/revisions"}],"predecessor-version":[{"id":22437,"href":"https:\/\/pc.sc.gov.br\/index.php?rest_route=\/wp\/v2\/posts\/22432\/revisions\/22437"}],"wp:featuredmedia":[{"embeddable":true,"href":"https:\/\/pc.sc.gov.br\/index.php?rest_route=\/wp\/v2\/media\/22433"}],"wp:attachment":[{"href":"https:\/\/pc.sc.gov.br\/index.php?rest_route=%2Fwp%2Fv2%2Fmedia&parent=22432"}],"wp:term":[{"taxonomy":"category","embeddable":true,"href":"https:\/\/pc.sc.gov.br\/index.php?rest_route=%2Fwp%2Fv2%2Fcategories&post=22432"},{"taxonomy":"post_tag","embeddable":true,"href":"https:\/\/pc.sc.gov.br\/index.php?rest_route=%2Fwp%2Fv2%2Ftags&post=22432"}],"curies":[{"name":"wp","href":"https:\/\/api.w.org\/{rel}","templated":true}]}}