{"id":22438,"date":"2024-08-08T17:55:59","date_gmt":"2024-08-08T20:55:59","guid":{"rendered":"https:\/\/pc.sc.gov.br\/?p=22438"},"modified":"2024-08-08T17:56:47","modified_gmt":"2024-08-08T20:56:47","slug":"policia-civil-prende-homem-por-trafico-de-drogas-e-posse-irregular-de-arma-de-fogo-em-tubarao","status":"publish","type":"post","link":"https:\/\/pc.sc.gov.br\/?p=22438","title":{"rendered":"Pol\u00edcia Civil prende homem por tr\u00e1fico de drogas e posse irregular de arma de fogo em Tubar\u00e3o"},"content":{"rendered":"\t\t<div data-elementor-type=\"wp-post\" data-elementor-id=\"22438\" class=\"elementor elementor-22438\" data-elementor-post-type=\"post\">\n\t\t\t\t\t\t<section class=\"elementor-section elementor-top-section elementor-element elementor-element-3b70284 elementor-section-boxed elementor-section-height-default elementor-section-height-default\" data-id=\"3b70284\" data-element_type=\"section\">\n\t\t\t\t\t\t<div class=\"elementor-container elementor-column-gap-default\">\n\t\t\t\t\t<div class=\"elementor-column elementor-col-100 elementor-top-column elementor-element elementor-element-9ed4e6c\" data-id=\"9ed4e6c\" data-element_type=\"column\">\n\t\t\t<div class=\"elementor-widget-wrap elementor-element-populated\">\n\t\t\t\t\t\t<div class=\"elementor-element elementor-element-98cbe42 elementor-widget elementor-widget-heading\" data-id=\"98cbe42\" data-element_type=\"widget\" data-widget_type=\"heading.default\">\n\t\t\t\t<div class=\"elementor-widget-container\">\n\t\t\t\t\t<h2 class=\"elementor-heading-title elementor-size-default\">Pol\u00edcia Civil prende homem por tr\u00e1fico de drogas e posse irregular de arma de fogo em Tubar\u00e3o<\/h2>\t\t\t\t<\/div>\n\t\t\t\t<\/div>\n\t\t\t\t\t<\/div>\n\t\t<\/div>\n\t\t\t\t\t<\/div>\n\t\t<\/section>\n\t\t\t\t<section class=\"elementor-section elementor-top-section elementor-element elementor-element-704cce4 elementor-section-boxed elementor-section-height-default elementor-section-height-default\" data-id=\"704cce4\" data-element_type=\"section\">\n\t\t\t\t\t\t<div class=\"elementor-container elementor-column-gap-default\">\n\t\t\t\t\t<div class=\"elementor-column elementor-col-100 elementor-top-column elementor-element elementor-element-6c5eefa\" data-id=\"6c5eefa\" data-element_type=\"column\">\n\t\t\t<div class=\"elementor-widget-wrap elementor-element-populated\">\n\t\t\t\t\t\t<div class=\"elementor-element elementor-element-a788868 elementor-widget elementor-widget-image\" data-id=\"a788868\" data-element_type=\"widget\" data-widget_type=\"image.default\">\n\t\t\t\t<div class=\"elementor-widget-container\">\n\t\t\t\t\t\t\t\t\t\t\t\t\t\t\t<img fetchpriority=\"high\" decoding=\"async\" width=\"696\" height=\"928\" src=\"https:\/\/pc.sc.gov.br\/\/wp-content\/uploads\/2024\/08\/WhatsApp-Image-2024-08-08-at-10.47.33-768x1024.jpeg\" class=\"attachment-large size-large wp-image-22439\" alt=\"\" srcset=\"https:\/\/pc.sc.gov.br\/\/wp-content\/uploads\/2024\/08\/WhatsApp-Image-2024-08-08-at-10.47.33-768x1024.jpeg 768w, https:\/\/pc.sc.gov.br\/\/wp-content\/uploads\/2024\/08\/WhatsApp-Image-2024-08-08-at-10.47.33-225x300.jpeg 225w, https:\/\/pc.sc.gov.br\/\/wp-content\/uploads\/2024\/08\/WhatsApp-Image-2024-08-08-at-10.47.33-1152x1536.jpeg 1152w, https:\/\/pc.sc.gov.br\/\/wp-content\/uploads\/2024\/08\/WhatsApp-Image-2024-08-08-at-10.47.33.jpeg 1200w\" sizes=\"(max-width: 696px) 100vw, 696px\" \/>\t\t\t\t\t\t\t\t\t\t\t\t\t\t\t<\/div>\n\t\t\t\t<\/div>\n\t\t\t\t\t<\/div>\n\t\t<\/div>\n\t\t\t\t\t<\/div>\n\t\t<\/section>\n\t\t\t\t<section class=\"elementor-section elementor-top-section elementor-element elementor-element-7205064 elementor-section-boxed elementor-section-height-default elementor-section-height-default\" data-id=\"7205064\" data-element_type=\"section\">\n\t\t\t\t\t\t<div class=\"elementor-container elementor-column-gap-default\">\n\t\t\t\t\t<div class=\"elementor-column elementor-col-100 elementor-top-column elementor-element elementor-element-712f0c6\" data-id=\"712f0c6\" data-element_type=\"column\">\n\t\t\t<div class=\"elementor-widget-wrap elementor-element-populated\">\n\t\t\t\t\t\t<div class=\"elementor-element elementor-element-c242b9f elementor-widget elementor-widget-text-editor\" data-id=\"c242b9f\" data-element_type=\"widget\" data-widget_type=\"text-editor.default\">\n\t\t\t\t<div class=\"elementor-widget-container\">\n\t\t\t\t\t\t\t\t\t<p>Nesta quinta-feira (08\/08), a Pol\u00edcia Civil de Santa Catarina, por meio da Delegacia de Investiga\u00e7\u00e3o Criminal de Tubar\u00e3o, prendeu um homem no bairro Oficinas, em Tubar\u00e3o, por tr\u00e1fico de drogas e posse irregular de arma de fogo.<\/p><p>Os investigadores vinham monitorando o suspeito h\u00e1 algumas semanas ap\u00f3s tomarem conhecimento que ele realizaria o com\u00e9rcio de entorpecentes na modalidade tele-entrega. Foi representado pela busca e apreens\u00e3o domiciliar, tendo o pleito sido deferido pela 1\u00aa Vara Criminal de Tubar\u00e3o.<\/p><p>Na manh\u00e3 de hoje, os policiais deram cumprimento ao respectivo mandado e lograram \u00eaxito em apreender diversas por\u00e7\u00f5es de maconha, skank e coca\u00edna j\u00e1 fracionadas para a venda bem como um rev\u00f3lver calibre .38 SPL com 5 muni\u00e7\u00f5es.<\/p><p>O suspeito foi conduzido \u00e0 sede da DIC e, ap\u00f3s os procedimentos de pol\u00edcia judici\u00e1ria, foi encaminhado ao Pres\u00eddio Regional de Tubar\u00e3o.<\/p>\t\t\t\t\t\t\t\t<\/div>\n\t\t\t\t<\/div>\n\t\t\t\t\t<\/div>\n\t\t<\/div>\n\t\t\t\t\t<\/div>\n\t\t<\/section>\n\t\t\t\t<\/div>\n\t\t","protected":false},"excerpt":{"rendered":"<p>Pol\u00edcia Civil prende homem por tr\u00e1fico de drogas e posse irregular de arma de fogo em Tubar\u00e3o Nesta quinta-feira (08\/08), a Pol\u00edcia Civil de Santa Catarina, por meio da Delegacia de Investiga\u00e7\u00e3o Criminal de Tubar\u00e3o, prendeu um homem no bairro Oficinas, em Tubar\u00e3o, por tr\u00e1fico de drogas e posse irregular de arma de fogo. Os [&hellip;]<\/p>\n","protected":false},"author":5,"featured_media":22439,"comment_status":"closed","ping_status":"open","sticky":false,"template":"","format":"standard","meta":{"_monsterinsights_skip_tracking":false,"_monsterinsights_sitenote_active":false,"_monsterinsights_sitenote_note":"","_monsterinsights_sitenote_category":0,"footnotes":""},"categories":[1],"tags":[],"class_list":["post-22438","post","type-post","status-publish","format-standard","has-post-thumbnail","hentry","category-sem-categoria"],"_links":{"self":[{"href":"https:\/\/pc.sc.gov.br\/index.php?rest_route=\/wp\/v2\/posts\/22438","targetHints":{"allow":["GET"]}}],"collection":[{"href":"https:\/\/pc.sc.gov.br\/index.php?rest_route=\/wp\/v2\/posts"}],"about":[{"href":"https:\/\/pc.sc.gov.br\/index.php?rest_route=\/wp\/v2\/types\/post"}],"author":[{"embeddable":true,"href":"https:\/\/pc.sc.gov.br\/index.php?rest_route=\/wp\/v2\/users\/5"}],"replies":[{"embeddable":true,"href":"https:\/\/pc.sc.gov.br\/index.php?rest_route=%2Fwp%2Fv2%2Fcomments&post=22438"}],"version-history":[{"count":4,"href":"https:\/\/pc.sc.gov.br\/index.php?rest_route=\/wp\/v2\/posts\/22438\/revisions"}],"predecessor-version":[{"id":22443,"href":"https:\/\/pc.sc.gov.br\/index.php?rest_route=\/wp\/v2\/posts\/22438\/revisions\/22443"}],"wp:featuredmedia":[{"embeddable":true,"href":"https:\/\/pc.sc.gov.br\/index.php?rest_route=\/wp\/v2\/media\/22439"}],"wp:attachment":[{"href":"https:\/\/pc.sc.gov.br\/index.php?rest_route=%2Fwp%2Fv2%2Fmedia&parent=22438"}],"wp:term":[{"taxonomy":"category","embeddable":true,"href":"https:\/\/pc.sc.gov.br\/index.php?rest_route=%2Fwp%2Fv2%2Fcategories&post=22438"},{"taxonomy":"post_tag","embeddable":true,"href":"https:\/\/pc.sc.gov.br\/index.php?rest_route=%2Fwp%2Fv2%2Ftags&post=22438"}],"curies":[{"name":"wp","href":"https:\/\/api.w.org\/{rel}","templated":true}]}}