{"id":22444,"date":"2024-08-08T18:33:13","date_gmt":"2024-08-08T21:33:13","guid":{"rendered":"https:\/\/pc.sc.gov.br\/?p=22444"},"modified":"2024-08-08T18:39:05","modified_gmt":"2024-08-08T21:39:05","slug":"em-chapeco-pcsc-prende-homem-que-agrediu-ex-companheira-em-frente-a-delegacia-apos-ela-registrar-bo","status":"publish","type":"post","link":"https:\/\/pc.sc.gov.br\/?p=22444","title":{"rendered":"Em Chapec\u00f3, PCSC prende homem que agrediu ex-companheira em frente \u00e0 delegacia, ap\u00f3s ela registrar BO"},"content":{"rendered":"\t\t<div data-elementor-type=\"wp-post\" data-elementor-id=\"22444\" class=\"elementor elementor-22444\" data-elementor-post-type=\"post\">\n\t\t\t\t\t\t<section class=\"elementor-section elementor-top-section elementor-element elementor-element-0345e0e elementor-section-boxed elementor-section-height-default elementor-section-height-default\" data-id=\"0345e0e\" data-element_type=\"section\">\n\t\t\t\t\t\t<div class=\"elementor-container elementor-column-gap-default\">\n\t\t\t\t\t<div class=\"elementor-column elementor-col-100 elementor-top-column elementor-element elementor-element-792dfe5\" data-id=\"792dfe5\" data-element_type=\"column\">\n\t\t\t<div class=\"elementor-widget-wrap elementor-element-populated\">\n\t\t\t\t\t\t<div class=\"elementor-element elementor-element-7bb41a7 elementor-widget elementor-widget-heading\" data-id=\"7bb41a7\" data-element_type=\"widget\" data-widget_type=\"heading.default\">\n\t\t\t\t<div class=\"elementor-widget-container\">\n\t\t\t\t\t<h2 class=\"elementor-heading-title elementor-size-default\">Em Chapec\u00f3, PCSC prende homem que agrediu ex-companheira, em frente \u00e0 delegacia, ap\u00f3s ela registrar BO<\/h2>\t\t\t\t<\/div>\n\t\t\t\t<\/div>\n\t\t\t\t\t<\/div>\n\t\t<\/div>\n\t\t\t\t\t<\/div>\n\t\t<\/section>\n\t\t\t\t<section class=\"elementor-section elementor-top-section elementor-element elementor-element-1279caa elementor-section-boxed elementor-section-height-default elementor-section-height-default\" data-id=\"1279caa\" data-element_type=\"section\">\n\t\t\t\t\t\t<div class=\"elementor-container elementor-column-gap-default\">\n\t\t\t\t\t<div class=\"elementor-column elementor-col-100 elementor-top-column elementor-element elementor-element-d93c63e\" data-id=\"d93c63e\" data-element_type=\"column\">\n\t\t\t<div class=\"elementor-widget-wrap elementor-element-populated\">\n\t\t\t\t\t\t<div class=\"elementor-element elementor-element-e72d9a5 elementor-widget elementor-widget-image\" data-id=\"e72d9a5\" data-element_type=\"widget\" data-widget_type=\"image.default\">\n\t\t\t\t<div class=\"elementor-widget-container\">\n\t\t\t\t\t\t\t\t\t\t\t\t\t\t\t<img fetchpriority=\"high\" decoding=\"async\" width=\"696\" height=\"529\" src=\"https:\/\/pc.sc.gov.br\/\/wp-content\/uploads\/2024\/08\/WhatsApp-Image-2024-01-30-at-16.33.05-fotor-202405031461.jpg\" class=\"attachment-large size-large wp-image-22445\" alt=\"\" srcset=\"https:\/\/pc.sc.gov.br\/\/wp-content\/uploads\/2024\/08\/WhatsApp-Image-2024-01-30-at-16.33.05-fotor-202405031461.jpg 969w, https:\/\/pc.sc.gov.br\/\/wp-content\/uploads\/2024\/08\/WhatsApp-Image-2024-01-30-at-16.33.05-fotor-202405031461-300x228.jpg 300w, https:\/\/pc.sc.gov.br\/\/wp-content\/uploads\/2024\/08\/WhatsApp-Image-2024-01-30-at-16.33.05-fotor-202405031461-768x583.jpg 768w\" sizes=\"(max-width: 696px) 100vw, 696px\" \/>\t\t\t\t\t\t\t\t\t\t\t\t\t\t\t<\/div>\n\t\t\t\t<\/div>\n\t\t\t\t\t<\/div>\n\t\t<\/div>\n\t\t\t\t\t<\/div>\n\t\t<\/section>\n\t\t\t\t<section class=\"elementor-section elementor-top-section elementor-element elementor-element-da17bf4 elementor-section-boxed elementor-section-height-default elementor-section-height-default\" data-id=\"da17bf4\" data-element_type=\"section\">\n\t\t\t\t\t\t<div class=\"elementor-container elementor-column-gap-default\">\n\t\t\t\t\t<div class=\"elementor-column elementor-col-100 elementor-top-column elementor-element elementor-element-96f5438\" data-id=\"96f5438\" data-element_type=\"column\">\n\t\t\t<div class=\"elementor-widget-wrap elementor-element-populated\">\n\t\t\t\t\t\t<div class=\"elementor-element elementor-element-46bf0d7 elementor-widget elementor-widget-text-editor\" data-id=\"46bf0d7\" data-element_type=\"widget\" data-widget_type=\"text-editor.default\">\n\t\t\t\t<div class=\"elementor-widget-container\">\n\t\t\t\t\t\t\t\t\t<p>A Pol\u00edcia Civil de Santa Catarina realizou a pris\u00e3o em flagrante de um homem, nas imedia\u00e7\u00f5es da Delegacia de Prote\u00e7\u00e3o \u00e0 Crian\u00e7a, Adolescente, Mulher e Idoso (DPCAMI) de Chapec\u00f3 pela pr\u00e1tica de viol\u00eancia dom\u00e9stica na forma de agress\u00f5es f\u00edsicas contra a ex-companheira.&nbsp;<span style=\"font-family: var( --e-global-typography-primary-font-family ), Sans-serif; font-size: var( --e-global-typography-primary-font-size ); font-weight: var( --e-global-typography-primary-font-weight ); letter-spacing: var( --e-global-typography-primary-letter-spacing );\">A v\u00edtima compareceu na delegacia de pol\u00edcia no in\u00edcio da tarde de ontem (7) justamente para registrar um boletim de ocorr\u00eancia acerca de amea\u00e7as feitas pelo ex-companheiro, bem como descumprimento de medida protetiva de urg\u00eancia j\u00e1 existente contra ele.<\/span><\/p>\n<p>Ao sair da unidade policial, a mulher foi surpreendida pelo agressor, que a estava aguardando nas imedia\u00e7\u00f5es do pr\u00e9dio policial e passou a tentar agredi-la fisicamente.&nbsp; O fato foi prontamente percebido pelos policiais civis, que socorreram a v\u00edtima, impediram a continuidade das agress\u00f5es f\u00edsicas e realizaram a pris\u00e3o em flagrante do criminoso.<\/p>\n<p>Cabe lembrar que nessa semana a Lei n\u00b0 11.340\/06 &#8211; Lei Maria da Penha completou 18 anos de exist\u00eancia, sendo seus avan\u00e7os significativos na prote\u00e7\u00e3o de mulheres v\u00edtimas de viol\u00eancia dom\u00e9stica.<\/p>\n<p>A titular da DPCAMI de Chapec\u00f3, delegada Lisiane Junges, alerta acerca da import\u00e2ncia das v\u00edtimas procurarem a pol\u00edcia e fala sobre o grave cen\u00e1rio de viol\u00eancia dom\u00e9stica existente no Brasil.<span style=\"color: var( --e-global-color-text ); font-family: var( --e-global-typography-primary-font-family ), Sans-serif; font-size: var( --e-global-typography-primary-font-size ); font-weight: var( --e-global-typography-primary-font-weight ); letter-spacing: var( --e-global-typography-primary-letter-spacing );\">&nbsp;<\/span><\/p>\t\t\t\t\t\t\t\t<\/div>\n\t\t\t\t<\/div>\n\t\t\t\t\t<\/div>\n\t\t<\/div>\n\t\t\t\t\t<\/div>\n\t\t<\/section>\n\t\t\t\t<section class=\"elementor-section elementor-top-section elementor-element elementor-element-7e96bf2 elementor-section-boxed elementor-section-height-default elementor-section-height-default\" data-id=\"7e96bf2\" data-element_type=\"section\">\n\t\t\t\t\t\t<div class=\"elementor-container elementor-column-gap-default\">\n\t\t\t\t\t<div class=\"elementor-column elementor-col-100 elementor-top-column elementor-element elementor-element-e9f9b23\" data-id=\"e9f9b23\" data-element_type=\"column\">\n\t\t\t<div class=\"elementor-widget-wrap elementor-element-populated\">\n\t\t\t\t\t\t<div class=\"elementor-element elementor-element-a8b5bc6 elementor-widget elementor-widget-video\" data-id=\"a8b5bc6\" data-element_type=\"widget\" data-settings=\"{&quot;video_type&quot;:&quot;hosted&quot;,&quot;controls&quot;:&quot;yes&quot;}\" data-widget_type=\"video.default\">\n\t\t\t\t<div class=\"elementor-widget-container\">\n\t\t\t\t\t\t\t<div class=\"e-hosted-video elementor-wrapper elementor-open-inline\">\n\t\t\t\t\t<video class=\"elementor-video\" src=\"https:\/\/pc.sc.gov.br\/wp-content\/uploads\/2024\/08\/WhatsApp-Video-2024-08-08-at-17.16.18.mp4\" controls=\"\" preload=\"metadata\"><\/video>\n\t\t\t\t<\/div>\n\t\t\t\t\t\t<\/div>\n\t\t\t\t<\/div>\n\t\t\t\t\t<\/div>\n\t\t<\/div>\n\t\t\t\t\t<\/div>\n\t\t<\/section>\n\t\t\t\t<\/div>\n\t\t","protected":false},"excerpt":{"rendered":"<p>Em Chapec\u00f3, PCSC prende homem que agrediu ex-companheira, em frente \u00e0 delegacia, ap\u00f3s ela registrar BO A Pol\u00edcia Civil de Santa Catarina realizou a pris\u00e3o em flagrante de um homem, nas imedia\u00e7\u00f5es da Delegacia de Prote\u00e7\u00e3o \u00e0 Crian\u00e7a, Adolescente, Mulher e Idoso (DPCAMI) de Chapec\u00f3 pela pr\u00e1tica de viol\u00eancia dom\u00e9stica na forma de agress\u00f5es f\u00edsicas [&hellip;]<\/p>\n","protected":false},"author":5,"featured_media":22445,"comment_status":"closed","ping_status":"open","sticky":false,"template":"","format":"standard","meta":{"_monsterinsights_skip_tracking":false,"_monsterinsights_sitenote_active":false,"_monsterinsights_sitenote_note":"","_monsterinsights_sitenote_category":0,"footnotes":""},"categories":[1],"tags":[],"class_list":["post-22444","post","type-post","status-publish","format-standard","has-post-thumbnail","hentry","category-sem-categoria"],"_links":{"self":[{"href":"https:\/\/pc.sc.gov.br\/index.php?rest_route=\/wp\/v2\/posts\/22444","targetHints":{"allow":["GET"]}}],"collection":[{"href":"https:\/\/pc.sc.gov.br\/index.php?rest_route=\/wp\/v2\/posts"}],"about":[{"href":"https:\/\/pc.sc.gov.br\/index.php?rest_route=\/wp\/v2\/types\/post"}],"author":[{"embeddable":true,"href":"https:\/\/pc.sc.gov.br\/index.php?rest_route=\/wp\/v2\/users\/5"}],"replies":[{"embeddable":true,"href":"https:\/\/pc.sc.gov.br\/index.php?rest_route=%2Fwp%2Fv2%2Fcomments&post=22444"}],"version-history":[{"count":3,"href":"https:\/\/pc.sc.gov.br\/index.php?rest_route=\/wp\/v2\/posts\/22444\/revisions"}],"predecessor-version":[{"id":22449,"href":"https:\/\/pc.sc.gov.br\/index.php?rest_route=\/wp\/v2\/posts\/22444\/revisions\/22449"}],"wp:featuredmedia":[{"embeddable":true,"href":"https:\/\/pc.sc.gov.br\/index.php?rest_route=\/wp\/v2\/media\/22445"}],"wp:attachment":[{"href":"https:\/\/pc.sc.gov.br\/index.php?rest_route=%2Fwp%2Fv2%2Fmedia&parent=22444"}],"wp:term":[{"taxonomy":"category","embeddable":true,"href":"https:\/\/pc.sc.gov.br\/index.php?rest_route=%2Fwp%2Fv2%2Fcategories&post=22444"},{"taxonomy":"post_tag","embeddable":true,"href":"https:\/\/pc.sc.gov.br\/index.php?rest_route=%2Fwp%2Fv2%2Ftags&post=22444"}],"curies":[{"name":"wp","href":"https:\/\/api.w.org\/{rel}","templated":true}]}}