{"id":22456,"date":"2024-08-09T14:25:23","date_gmt":"2024-08-09T17:25:23","guid":{"rendered":"https:\/\/pc.sc.gov.br\/?p=22456"},"modified":"2024-08-09T14:27:52","modified_gmt":"2024-08-09T17:27:52","slug":"operacao-311-forca-tarefa-faz-a-maior-apreensao-de-pecas-de-veiculos-com-registro-de-furto-em-comercio-de-sto-amaro-da-imperatriz","status":"publish","type":"post","link":"https:\/\/pc.sc.gov.br\/?p=22456","title":{"rendered":"Opera\u00e7\u00e3o 311: For\u00e7a-tarefa faz a maior apreens\u00e3o de pe\u00e7as de ve\u00edculos, com registro de furto, em com\u00e9rcio de Sto Amaro da Imperatriz"},"content":{"rendered":"\t\t<div data-elementor-type=\"wp-post\" data-elementor-id=\"22456\" class=\"elementor elementor-22456\" data-elementor-post-type=\"post\">\n\t\t\t\t\t\t<section class=\"elementor-section elementor-top-section elementor-element elementor-element-2e692b4 elementor-section-boxed elementor-section-height-default elementor-section-height-default\" data-id=\"2e692b4\" data-element_type=\"section\">\n\t\t\t\t\t\t<div class=\"elementor-container elementor-column-gap-default\">\n\t\t\t\t\t<div class=\"elementor-column elementor-col-100 elementor-top-column elementor-element elementor-element-89a8549\" data-id=\"89a8549\" data-element_type=\"column\">\n\t\t\t<div class=\"elementor-widget-wrap elementor-element-populated\">\n\t\t\t\t\t\t<div class=\"elementor-element elementor-element-9290a49 elementor-widget elementor-widget-heading\" data-id=\"9290a49\" data-element_type=\"widget\" data-widget_type=\"heading.default\">\n\t\t\t\t<div class=\"elementor-widget-container\">\n\t\t\t\t\t<h2 class=\"elementor-heading-title elementor-size-default\">Opera\u00e7\u00e3o 311: For\u00e7a-tarefa faz a maior apreens\u00e3o de pe\u00e7as de ve\u00edculos, com registro de furto, em com\u00e9rcio de Santo Amaro da Imperatriz<\/h2>\t\t\t\t<\/div>\n\t\t\t\t<\/div>\n\t\t\t\t\t<\/div>\n\t\t<\/div>\n\t\t\t\t\t<\/div>\n\t\t<\/section>\n\t\t\t\t<section class=\"elementor-section elementor-top-section elementor-element elementor-element-9697303 elementor-section-boxed elementor-section-height-default elementor-section-height-default\" data-id=\"9697303\" data-element_type=\"section\">\n\t\t\t\t\t\t<div class=\"elementor-container elementor-column-gap-default\">\n\t\t\t\t\t<div class=\"elementor-column elementor-col-100 elementor-top-column elementor-element elementor-element-67d7f7d\" data-id=\"67d7f7d\" data-element_type=\"column\">\n\t\t\t<div class=\"elementor-widget-wrap elementor-element-populated\">\n\t\t\t\t\t\t<div class=\"elementor-element elementor-element-e8bc76f elementor-widget elementor-widget-image\" data-id=\"e8bc76f\" data-element_type=\"widget\" data-widget_type=\"image.default\">\n\t\t\t\t<div class=\"elementor-widget-container\">\n\t\t\t\t\t\t\t\t\t\t\t\t\t\t\t<img fetchpriority=\"high\" decoding=\"async\" width=\"696\" height=\"522\" src=\"https:\/\/pc.sc.gov.br\/\/wp-content\/uploads\/2024\/08\/WhatsApp-Image-2024-08-09-at-09.54.11-1024x768.jpeg\" class=\"attachment-large size-large wp-image-22459\" alt=\"\" srcset=\"https:\/\/pc.sc.gov.br\/\/wp-content\/uploads\/2024\/08\/WhatsApp-Image-2024-08-09-at-09.54.11-1024x768.jpeg 1024w, https:\/\/pc.sc.gov.br\/\/wp-content\/uploads\/2024\/08\/WhatsApp-Image-2024-08-09-at-09.54.11-300x225.jpeg 300w, https:\/\/pc.sc.gov.br\/\/wp-content\/uploads\/2024\/08\/WhatsApp-Image-2024-08-09-at-09.54.11-768x576.jpeg 768w, https:\/\/pc.sc.gov.br\/\/wp-content\/uploads\/2024\/08\/WhatsApp-Image-2024-08-09-at-09.54.11-1536x1152.jpeg 1536w, https:\/\/pc.sc.gov.br\/\/wp-content\/uploads\/2024\/08\/WhatsApp-Image-2024-08-09-at-09.54.11.jpeg 1600w\" sizes=\"(max-width: 696px) 100vw, 696px\" \/>\t\t\t\t\t\t\t\t\t\t\t\t\t\t\t<\/div>\n\t\t\t\t<\/div>\n\t\t\t\t\t<\/div>\n\t\t<\/div>\n\t\t\t\t\t<\/div>\n\t\t<\/section>\n\t\t\t\t<section class=\"elementor-section elementor-top-section elementor-element elementor-element-56aed25 elementor-section-boxed elementor-section-height-default elementor-section-height-default\" data-id=\"56aed25\" data-element_type=\"section\">\n\t\t\t\t\t\t<div class=\"elementor-container elementor-column-gap-default\">\n\t\t\t\t\t<div class=\"elementor-column elementor-col-100 elementor-top-column elementor-element elementor-element-064bf72\" data-id=\"064bf72\" data-element_type=\"column\">\n\t\t\t<div class=\"elementor-widget-wrap elementor-element-populated\">\n\t\t\t\t\t\t<div class=\"elementor-element elementor-element-ff9fe81 elementor-widget elementor-widget-text-editor\" data-id=\"ff9fe81\" data-element_type=\"widget\" data-widget_type=\"text-editor.default\">\n\t\t\t\t<div class=\"elementor-widget-container\">\n\t\t\t\t\t\t\t\t\t<p>A Pol\u00edcia Civil de Santa Catarina, por interm\u00e9dio da Delegacia de Furtos e Roubos de Ve\u00edculos (DFRV\/DEIC), em opera\u00e7\u00e3o realizada com a Pol\u00edcia Cient\u00edfica, Detran e Guarda Municipal de Palho\u00e7a, na tarde de ontem (08), dando continuidade \u00e0s a\u00e7\u00f5es de fiscaliza\u00e7\u00e3o da Opera\u00e7\u00e3o 311, que visa coibir o com\u00e9rcio ilegal de pe\u00e7as automotivas, identificaram dois estabelecimentos suspeitos nos munic\u00edpios de Palho\u00e7a e Santo Amaro da Imperatriz.<\/p><p>Durante as dilig\u00eancias na empresa de Santo Amaro da Imperatriz foram localizadas partes\/pe\u00e7as de 48 ve\u00edculos com registro de furto. Essa \u00e9 a maior apreens\u00e3o no Estado em uma autope\u00e7as. Na fiscaliza\u00e7\u00e3o da empresa localizada em Palho\u00e7a foram identificadas pe\u00e7as de um ve\u00edculo com registro de furto<\/p><p>Os respons\u00e1veis pelas empresas foram encaminhados \u00e0 sede da DEIC e autuados em flagrante pelo crime de recepta\u00e7\u00e3o qualificada.<\/p><p>A for\u00e7a-tarefa utilizou durante as fiscaliza\u00e7\u00f5es, um sistema chamado DIV, que \u00e9 uma tecnologia ultra avan\u00e7ada, composta por intelig\u00eancia artificial e cruzamento de dados, que ajuda na identifica\u00e7\u00e3o de pe\u00e7as de proced\u00eancia il\u00edcita, demonstrando a preocupa\u00e7\u00e3o e o comprometimento dos \u00f3rg\u00e3os de Seguran\u00e7a P\u00fablica, no combate aos crimes ocorridos no setor automotivo. A opera\u00e7\u00e3o foi coordenada pelo delegado Diego Azevedo, titular da DFRV\/DEIC.<\/p>\t\t\t\t\t\t\t\t<\/div>\n\t\t\t\t<\/div>\n\t\t\t\t\t<\/div>\n\t\t<\/div>\n\t\t\t\t\t<\/div>\n\t\t<\/section>\n\t\t\t\t<section class=\"elementor-section elementor-top-section elementor-element elementor-element-11a43c3 elementor-section-boxed elementor-section-height-default elementor-section-height-default\" data-id=\"11a43c3\" data-element_type=\"section\">\n\t\t\t\t\t\t<div class=\"elementor-container elementor-column-gap-default\">\n\t\t\t\t\t<div class=\"elementor-column elementor-col-100 elementor-top-column elementor-element elementor-element-6490552\" data-id=\"6490552\" data-element_type=\"column\">\n\t\t\t<div class=\"elementor-widget-wrap elementor-element-populated\">\n\t\t\t\t\t\t<div class=\"elementor-element elementor-element-2eb2000 elementor-widget elementor-widget-video\" data-id=\"2eb2000\" data-element_type=\"widget\" data-settings=\"{&quot;video_type&quot;:&quot;hosted&quot;,&quot;mute&quot;:&quot;yes&quot;,&quot;controls&quot;:&quot;yes&quot;}\" data-widget_type=\"video.default\">\n\t\t\t\t<div class=\"elementor-widget-container\">\n\t\t\t\t\t\t\t<div class=\"e-hosted-video elementor-wrapper elementor-open-inline\">\n\t\t\t\t\t<video class=\"elementor-video\" src=\"https:\/\/pc.sc.gov.br\/wp-content\/uploads\/2024\/08\/WhatsApp-Video-2024-08-09-at-09.54.12.mp4\" controls=\"\" preload=\"metadata\" muted=\"muted\"><\/video>\n\t\t\t\t<\/div>\n\t\t\t\t\t\t<\/div>\n\t\t\t\t<\/div>\n\t\t\t\t\t<\/div>\n\t\t<\/div>\n\t\t\t\t\t<\/div>\n\t\t<\/section>\n\t\t\t\t<\/div>\n\t\t","protected":false},"excerpt":{"rendered":"<p>Opera\u00e7\u00e3o 311: For\u00e7a-tarefa faz a maior apreens\u00e3o de pe\u00e7as de ve\u00edculos, com registro de furto, em com\u00e9rcio de Santo Amaro da Imperatriz A Pol\u00edcia Civil de Santa Catarina, por interm\u00e9dio da Delegacia de Furtos e Roubos de Ve\u00edculos (DFRV\/DEIC), em opera\u00e7\u00e3o realizada com a Pol\u00edcia Cient\u00edfica, Detran e Guarda Municipal de Palho\u00e7a, na tarde de [&hellip;]<\/p>\n","protected":false},"author":5,"featured_media":22457,"comment_status":"closed","ping_status":"open","sticky":false,"template":"","format":"standard","meta":{"_monsterinsights_skip_tracking":false,"_monsterinsights_sitenote_active":false,"_monsterinsights_sitenote_note":"","_monsterinsights_sitenote_category":0,"footnotes":""},"categories":[1],"tags":[],"class_list":["post-22456","post","type-post","status-publish","format-standard","has-post-thumbnail","hentry","category-sem-categoria"],"_links":{"self":[{"href":"https:\/\/pc.sc.gov.br\/index.php?rest_route=\/wp\/v2\/posts\/22456","targetHints":{"allow":["GET"]}}],"collection":[{"href":"https:\/\/pc.sc.gov.br\/index.php?rest_route=\/wp\/v2\/posts"}],"about":[{"href":"https:\/\/pc.sc.gov.br\/index.php?rest_route=\/wp\/v2\/types\/post"}],"author":[{"embeddable":true,"href":"https:\/\/pc.sc.gov.br\/index.php?rest_route=\/wp\/v2\/users\/5"}],"replies":[{"embeddable":true,"href":"https:\/\/pc.sc.gov.br\/index.php?rest_route=%2Fwp%2Fv2%2Fcomments&post=22456"}],"version-history":[{"count":7,"href":"https:\/\/pc.sc.gov.br\/index.php?rest_route=\/wp\/v2\/posts\/22456\/revisions"}],"predecessor-version":[{"id":22466,"href":"https:\/\/pc.sc.gov.br\/index.php?rest_route=\/wp\/v2\/posts\/22456\/revisions\/22466"}],"wp:featuredmedia":[{"embeddable":true,"href":"https:\/\/pc.sc.gov.br\/index.php?rest_route=\/wp\/v2\/media\/22457"}],"wp:attachment":[{"href":"https:\/\/pc.sc.gov.br\/index.php?rest_route=%2Fwp%2Fv2%2Fmedia&parent=22456"}],"wp:term":[{"taxonomy":"category","embeddable":true,"href":"https:\/\/pc.sc.gov.br\/index.php?rest_route=%2Fwp%2Fv2%2Fcategories&post=22456"},{"taxonomy":"post_tag","embeddable":true,"href":"https:\/\/pc.sc.gov.br\/index.php?rest_route=%2Fwp%2Fv2%2Ftags&post=22456"}],"curies":[{"name":"wp","href":"https:\/\/api.w.org\/{rel}","templated":true}]}}