{"id":22474,"date":"2024-08-09T15:52:59","date_gmt":"2024-08-09T18:52:59","guid":{"rendered":"https:\/\/pc.sc.gov.br\/?p=22474"},"modified":"2024-08-09T15:55:52","modified_gmt":"2024-08-09T18:55:52","slug":"operacao-orcus-pcsc-esclarece-homicidio-ocorrido-no-centro-de-chapeco-e-prende-um-autor-e-apreende-um-adolescente","status":"publish","type":"post","link":"https:\/\/pc.sc.gov.br\/?p=22474","title":{"rendered":"Opera\u00e7\u00e3o Orcus: PCSC esclarece homic\u00eddio ocorrido no Centro de Chapec\u00f3 e prende um autor e apreende um adolescente"},"content":{"rendered":"\t\t<div data-elementor-type=\"wp-post\" data-elementor-id=\"22474\" class=\"elementor elementor-22474\" data-elementor-post-type=\"post\">\n\t\t\t\t\t\t<section class=\"elementor-section elementor-top-section elementor-element elementor-element-eff31b7 elementor-section-boxed elementor-section-height-default elementor-section-height-default\" data-id=\"eff31b7\" data-element_type=\"section\">\n\t\t\t\t\t\t<div class=\"elementor-container elementor-column-gap-default\">\n\t\t\t\t\t<div class=\"elementor-column elementor-col-100 elementor-top-column elementor-element elementor-element-058d6fa\" data-id=\"058d6fa\" data-element_type=\"column\">\n\t\t\t<div class=\"elementor-widget-wrap elementor-element-populated\">\n\t\t\t\t\t\t<div class=\"elementor-element elementor-element-0f77f44 elementor-widget elementor-widget-heading\" data-id=\"0f77f44\" data-element_type=\"widget\" data-widget_type=\"heading.default\">\n\t\t\t\t<div class=\"elementor-widget-container\">\n\t\t\t\t\t<h2 class=\"elementor-heading-title elementor-size-default\">Opera\u00e7\u00e3o Orcus: PCSC esclarece homic\u00eddio ocorrido no Centro de Chapec\u00f3 e prende um autor e apreende um adolescente<\/h2>\t\t\t\t<\/div>\n\t\t\t\t<\/div>\n\t\t\t\t\t<\/div>\n\t\t<\/div>\n\t\t\t\t\t<\/div>\n\t\t<\/section>\n\t\t\t\t<section class=\"elementor-section elementor-top-section elementor-element elementor-element-d5394bb elementor-section-boxed elementor-section-height-default elementor-section-height-default\" data-id=\"d5394bb\" data-element_type=\"section\">\n\t\t\t\t\t\t<div class=\"elementor-container elementor-column-gap-default\">\n\t\t\t\t\t<div class=\"elementor-column elementor-col-100 elementor-top-column elementor-element elementor-element-9a92589\" data-id=\"9a92589\" data-element_type=\"column\">\n\t\t\t<div class=\"elementor-widget-wrap elementor-element-populated\">\n\t\t\t\t\t\t<div class=\"elementor-element elementor-element-236a3bd elementor-widget elementor-widget-image\" data-id=\"236a3bd\" data-element_type=\"widget\" data-widget_type=\"image.default\">\n\t\t\t\t<div class=\"elementor-widget-container\">\n\t\t\t\t\t\t\t\t\t\t\t\t\t\t\t<img fetchpriority=\"high\" decoding=\"async\" width=\"696\" height=\"380\" src=\"https:\/\/pc.sc.gov.br\/\/wp-content\/uploads\/2024\/08\/WhatsApp-Image-2024-08-09-at-10.01.32-fotor-20240809155247.jpg\" class=\"attachment-large size-large wp-image-22481\" alt=\"\" srcset=\"https:\/\/pc.sc.gov.br\/\/wp-content\/uploads\/2024\/08\/WhatsApp-Image-2024-08-09-at-10.01.32-fotor-20240809155247.jpg 978w, https:\/\/pc.sc.gov.br\/\/wp-content\/uploads\/2024\/08\/WhatsApp-Image-2024-08-09-at-10.01.32-fotor-20240809155247-300x164.jpg 300w, https:\/\/pc.sc.gov.br\/\/wp-content\/uploads\/2024\/08\/WhatsApp-Image-2024-08-09-at-10.01.32-fotor-20240809155247-768x419.jpg 768w\" sizes=\"(max-width: 696px) 100vw, 696px\" \/>\t\t\t\t\t\t\t\t\t\t\t\t\t\t\t<\/div>\n\t\t\t\t<\/div>\n\t\t\t\t\t<\/div>\n\t\t<\/div>\n\t\t\t\t\t<\/div>\n\t\t<\/section>\n\t\t\t\t<section class=\"elementor-section elementor-top-section elementor-element elementor-element-bacdbf8 elementor-section-boxed elementor-section-height-default elementor-section-height-default\" data-id=\"bacdbf8\" data-element_type=\"section\">\n\t\t\t\t\t\t<div class=\"elementor-container elementor-column-gap-default\">\n\t\t\t\t\t<div class=\"elementor-column elementor-col-100 elementor-top-column elementor-element elementor-element-3127f9a\" data-id=\"3127f9a\" data-element_type=\"column\">\n\t\t\t<div class=\"elementor-widget-wrap elementor-element-populated\">\n\t\t\t\t\t\t<div class=\"elementor-element elementor-element-f55ff92 elementor-widget elementor-widget-text-editor\" data-id=\"f55ff92\" data-element_type=\"widget\" data-widget_type=\"text-editor.default\">\n\t\t\t\t<div class=\"elementor-widget-container\">\n\t\t\t\t\t\t\t\t\t<p>A Pol\u00edcia Civil de Santa Catarina, por meio do Departamento de Investiga\u00e7\u00f5es Criminais de Chapec\u00f3 (DIC) com apoio da Pol\u00edcia Militar (PMSC), opera\u00e7\u00e3o Protetor e SAER deflagrou nesta sexta-feira (09) opera\u00e7\u00e3o Orcus. O objetivo foi cumprir seis mandados de busca e apreens\u00e3o, dois mandados de interna\u00e7\u00e3o provis\u00f3ria de adolescentes e um de pris\u00e3o tempor\u00e1ria.\u00a0<\/p><p>Os mandados se referem aos fatos quem ocorreram na regi\u00e3o central de Chapec\u00f3, em frente um bar, no dia 22 de junho, quando um homem de 25 anos foi atingido por pelo menos 10 disparos de arma de fogo. A v\u00edtima foi socorrida e atendida no Hospital Regional de Chapec\u00f3, e morreu ap\u00f3s 20 dias de interna\u00e7\u00e3o.\u00a0\u00a0<\/p><p>Durante as investiga\u00e7\u00f5es que ficaram a cargo do Departamento de Investiga\u00e7\u00f5es Criminais de Chapec\u00f3 (DIC) foi apurado que havia um conflito entre dois grupos, que estariam armados com pelo menos tr\u00eas armas de fogo. A v\u00edtima de homic\u00eddio na ocasi\u00e3o portava uma pistola com dois carregadores (armamento foi apreendido no local). Al\u00e9m dos disparos que atingiram a v\u00edtima, outro adolescente (pertencente ao grupo da v\u00edtima) tamb\u00e9m realizou diversos disparos no local. Este adolescente foi apreendido nesta opera\u00e7\u00e3o. Ainda, durante a opera\u00e7\u00e3o, agentes da Pol\u00edcia Civil, prenderam em flagrante delito outro homem que dirigia embriagado no Bairro S\u00e3o Pedro.<\/p>\t\t\t\t\t\t\t\t<\/div>\n\t\t\t\t<\/div>\n\t\t\t\t\t<\/div>\n\t\t<\/div>\n\t\t\t\t\t<\/div>\n\t\t<\/section>\n\t\t\t\t<section class=\"elementor-section elementor-top-section elementor-element elementor-element-ffeeeae elementor-section-boxed elementor-section-height-default elementor-section-height-default\" data-id=\"ffeeeae\" data-element_type=\"section\">\n\t\t\t\t\t\t<div class=\"elementor-container elementor-column-gap-default\">\n\t\t\t\t\t<div class=\"elementor-column elementor-col-100 elementor-top-column elementor-element elementor-element-cf2d25a\" data-id=\"cf2d25a\" data-element_type=\"column\">\n\t\t\t<div class=\"elementor-widget-wrap elementor-element-populated\">\n\t\t\t\t\t\t<div class=\"elementor-element elementor-element-92955a7 elementor-widget__width-initial elementor-widget elementor-widget-video\" data-id=\"92955a7\" data-element_type=\"widget\" data-settings=\"{&quot;video_type&quot;:&quot;hosted&quot;,&quot;controls&quot;:&quot;yes&quot;}\" data-widget_type=\"video.default\">\n\t\t\t\t<div class=\"elementor-widget-container\">\n\t\t\t\t\t\t\t<div class=\"e-hosted-video elementor-wrapper elementor-open-inline\">\n\t\t\t\t\t<video class=\"elementor-video\" src=\"https:\/\/pc.sc.gov.br\/wp-content\/uploads\/2024\/08\/WhatsApp-Video-2024-08-09-at-10.01.31-1.mp4\" controls=\"\" preload=\"metadata\"><\/video>\n\t\t\t\t<\/div>\n\t\t\t\t\t\t<\/div>\n\t\t\t\t<\/div>\n\t\t\t\t\t<\/div>\n\t\t<\/div>\n\t\t\t\t\t<\/div>\n\t\t<\/section>\n\t\t\t\t<\/div>\n\t\t","protected":false},"excerpt":{"rendered":"<p>Opera\u00e7\u00e3o Orcus: PCSC esclarece homic\u00eddio ocorrido no Centro de Chapec\u00f3 e prende um autor e apreende um adolescente A Pol\u00edcia Civil de Santa Catarina, por meio do Departamento de Investiga\u00e7\u00f5es Criminais de Chapec\u00f3 (DIC) com apoio da Pol\u00edcia Militar (PMSC), opera\u00e7\u00e3o Protetor e SAER deflagrou nesta sexta-feira (09) opera\u00e7\u00e3o Orcus. O objetivo foi cumprir seis [&hellip;]<\/p>\n","protected":false},"author":5,"featured_media":22475,"comment_status":"closed","ping_status":"open","sticky":false,"template":"","format":"standard","meta":{"_monsterinsights_skip_tracking":false,"_monsterinsights_sitenote_active":false,"_monsterinsights_sitenote_note":"","_monsterinsights_sitenote_category":0,"footnotes":""},"categories":[1],"tags":[],"class_list":["post-22474","post","type-post","status-publish","format-standard","has-post-thumbnail","hentry","category-sem-categoria"],"_links":{"self":[{"href":"https:\/\/pc.sc.gov.br\/index.php?rest_route=\/wp\/v2\/posts\/22474","targetHints":{"allow":["GET"]}}],"collection":[{"href":"https:\/\/pc.sc.gov.br\/index.php?rest_route=\/wp\/v2\/posts"}],"about":[{"href":"https:\/\/pc.sc.gov.br\/index.php?rest_route=\/wp\/v2\/types\/post"}],"author":[{"embeddable":true,"href":"https:\/\/pc.sc.gov.br\/index.php?rest_route=\/wp\/v2\/users\/5"}],"replies":[{"embeddable":true,"href":"https:\/\/pc.sc.gov.br\/index.php?rest_route=%2Fwp%2Fv2%2Fcomments&post=22474"}],"version-history":[{"count":7,"href":"https:\/\/pc.sc.gov.br\/index.php?rest_route=\/wp\/v2\/posts\/22474\/revisions"}],"predecessor-version":[{"id":22492,"href":"https:\/\/pc.sc.gov.br\/index.php?rest_route=\/wp\/v2\/posts\/22474\/revisions\/22492"}],"wp:featuredmedia":[{"embeddable":true,"href":"https:\/\/pc.sc.gov.br\/index.php?rest_route=\/wp\/v2\/media\/22475"}],"wp:attachment":[{"href":"https:\/\/pc.sc.gov.br\/index.php?rest_route=%2Fwp%2Fv2%2Fmedia&parent=22474"}],"wp:term":[{"taxonomy":"category","embeddable":true,"href":"https:\/\/pc.sc.gov.br\/index.php?rest_route=%2Fwp%2Fv2%2Fcategories&post=22474"},{"taxonomy":"post_tag","embeddable":true,"href":"https:\/\/pc.sc.gov.br\/index.php?rest_route=%2Fwp%2Fv2%2Ftags&post=22474"}],"curies":[{"name":"wp","href":"https:\/\/api.w.org\/{rel}","templated":true}]}}