{"id":22489,"date":"2024-08-09T15:56:50","date_gmt":"2024-08-09T18:56:50","guid":{"rendered":"https:\/\/pc.sc.gov.br\/?p=22489"},"modified":"2024-08-09T15:57:37","modified_gmt":"2024-08-09T18:57:37","slug":"policia-civil-prende-de-forma-preventiva-homem-apontado-como-lider-de-grupo-criminoso-que-atuava-com-trafico-de-drogas-no-norte-da-ilha-de-santa-catarina","status":"publish","type":"post","link":"https:\/\/pc.sc.gov.br\/?p=22489","title":{"rendered":"Pol\u00edcia Civil prende de forma preventiva homem apontado como l\u00edder de grupo criminoso que atuava com tr\u00e1fico de drogas no norte da Ilha de Santa Catarina"},"content":{"rendered":"\t\t<div data-elementor-type=\"wp-post\" data-elementor-id=\"22489\" class=\"elementor elementor-22489\" data-elementor-post-type=\"post\">\n\t\t\t\t\t\t<section class=\"elementor-section elementor-top-section elementor-element elementor-element-8b737e5 elementor-section-boxed elementor-section-height-default elementor-section-height-default\" data-id=\"8b737e5\" data-element_type=\"section\">\n\t\t\t\t\t\t<div class=\"elementor-container elementor-column-gap-default\">\n\t\t\t\t\t<div class=\"elementor-column elementor-col-100 elementor-top-column elementor-element elementor-element-5af0594\" data-id=\"5af0594\" data-element_type=\"column\">\n\t\t\t<div class=\"elementor-widget-wrap elementor-element-populated\">\n\t\t\t\t\t\t<div class=\"elementor-element elementor-element-9bcf322 elementor-widget elementor-widget-heading\" data-id=\"9bcf322\" data-element_type=\"widget\" data-widget_type=\"heading.default\">\n\t\t\t\t<div class=\"elementor-widget-container\">\n\t\t\t\t\t<h2 class=\"elementor-heading-title elementor-size-default\">Pol\u00edcia Civil prende de forma preventiva homem apontado como l\u00edder de grupo criminoso que atuava com tr\u00e1fico de drogas no norte da Ilha de Santa Catarina<\/h2>\t\t\t\t<\/div>\n\t\t\t\t<\/div>\n\t\t\t\t\t<\/div>\n\t\t<\/div>\n\t\t\t\t\t<\/div>\n\t\t<\/section>\n\t\t\t\t<section class=\"elementor-section elementor-top-section elementor-element elementor-element-4a28582 elementor-section-boxed elementor-section-height-default elementor-section-height-default\" data-id=\"4a28582\" data-element_type=\"section\">\n\t\t\t\t\t\t<div class=\"elementor-container elementor-column-gap-default\">\n\t\t\t\t\t<div class=\"elementor-column elementor-col-100 elementor-top-column elementor-element elementor-element-b244ae7\" data-id=\"b244ae7\" data-element_type=\"column\">\n\t\t\t<div class=\"elementor-widget-wrap elementor-element-populated\">\n\t\t\t\t\t\t<div class=\"elementor-element elementor-element-5569d74 elementor-widget elementor-widget-image\" data-id=\"5569d74\" data-element_type=\"widget\" data-widget_type=\"image.default\">\n\t\t\t\t<div class=\"elementor-widget-container\">\n\t\t\t\t\t\t\t\t\t\t\t\t\t\t\t<img fetchpriority=\"high\" decoding=\"async\" width=\"696\" height=\"928\" src=\"https:\/\/pc.sc.gov.br\/\/wp-content\/uploads\/2024\/08\/WhatsApp-Image-2024-08-08-at-16.56.12-1-768x1024.jpeg\" class=\"attachment-large size-large wp-image-22493\" alt=\"\" srcset=\"https:\/\/pc.sc.gov.br\/\/wp-content\/uploads\/2024\/08\/WhatsApp-Image-2024-08-08-at-16.56.12-1-768x1024.jpeg 768w, https:\/\/pc.sc.gov.br\/\/wp-content\/uploads\/2024\/08\/WhatsApp-Image-2024-08-08-at-16.56.12-1-225x300.jpeg 225w, https:\/\/pc.sc.gov.br\/\/wp-content\/uploads\/2024\/08\/WhatsApp-Image-2024-08-08-at-16.56.12-1-1152x1536.jpeg 1152w, https:\/\/pc.sc.gov.br\/\/wp-content\/uploads\/2024\/08\/WhatsApp-Image-2024-08-08-at-16.56.12-1.jpeg 1200w\" sizes=\"(max-width: 696px) 100vw, 696px\" \/>\t\t\t\t\t\t\t\t\t\t\t\t\t\t\t<\/div>\n\t\t\t\t<\/div>\n\t\t\t\t\t<\/div>\n\t\t<\/div>\n\t\t\t\t\t<\/div>\n\t\t<\/section>\n\t\t\t\t<section class=\"elementor-section elementor-top-section elementor-element elementor-element-4f4407d elementor-section-boxed elementor-section-height-default elementor-section-height-default\" data-id=\"4f4407d\" data-element_type=\"section\">\n\t\t\t\t\t\t<div class=\"elementor-container elementor-column-gap-default\">\n\t\t\t\t\t<div class=\"elementor-column elementor-col-100 elementor-top-column elementor-element elementor-element-63fe716\" data-id=\"63fe716\" data-element_type=\"column\">\n\t\t\t<div class=\"elementor-widget-wrap elementor-element-populated\">\n\t\t\t\t\t\t<div class=\"elementor-element elementor-element-558ecf2 elementor-widget elementor-widget-text-editor\" data-id=\"558ecf2\" data-element_type=\"widget\" data-widget_type=\"text-editor.default\">\n\t\t\t\t<div class=\"elementor-widget-container\">\n\t\t\t\t\t\t\t\t\t<p>Nesta sexta-feira (09\/08), a Pol\u00edcia Civil de Santa Catarina, por meio da Delegacia de Combate \u00e0s Drogas do Departamento de Investiga\u00e7\u00e3o Criminal de Florian\u00f3polis (DECOD\/DIC), realizou uma opera\u00e7\u00e3o que culminou na pris\u00e3o de um homem, que estava foragido e \u00e9 apontado como l\u00edder de um grupo criminoso que atuava na regi\u00e3o norte da Ilha de Santa Catarina, envolvido no tr\u00e1fico de drogas. O homem foi localizado nessa mesma regi\u00e3o ap\u00f3s intensas atividades investigativas que permitiram identificar seu paradeiro.<\/p><p>A pris\u00e3o ocorreu em cumprimento a um mandado de pris\u00e3o preventiva por tr\u00e1fico de drogas, resultado de uma investiga\u00e7\u00e3o conduzida pela DECOD ao longo de oito meses. Durante esse per\u00edodo, os esfor\u00e7os investigativos levaram \u00e0 apreens\u00e3o de grandes quantidades e variedades de entorpecentes, al\u00e9m da pris\u00e3o de outros suspeitos ligados ao grupo criminoso. O homem preso hoje era o \u00faltimo foragido da organiza\u00e7\u00e3o criminosa, cuja captura encerra um ciclo importante nas a\u00e7\u00f5es da DECOD contra o tr\u00e1fico de drogas na regi\u00e3o.<\/p><p>A opera\u00e7\u00e3o, denominada &#8220;Desclassificado&#8221;, faz refer\u00eancia \u00e0 habilidade de homem em evitar a captura por um extenso per\u00edodo e, desta vez, ter sido capturado. O homem, que se escondia em uma resid\u00eancia de dif\u00edcil acesso, n\u00e3o ofereceu resist\u00eancia e foi conduzido para a Delegacia, onde foi submetido aos procedimentos legais.<\/p><p>A DECOD reitera o convite \u00e0 popula\u00e7\u00e3o para que participe. As informa\u00e7\u00f5es podem ser enviadas anonimamente por meio do n\u00famero 181, pelo WhatsApp da Pol\u00edcia Civil de Santa Catarina (48 98844-0011), ou diretamente \u00e0 DECOD.<\/p>\t\t\t\t\t\t\t\t<\/div>\n\t\t\t\t<\/div>\n\t\t\t\t\t<\/div>\n\t\t<\/div>\n\t\t\t\t\t<\/div>\n\t\t<\/section>\n\t\t\t\t<\/div>\n\t\t","protected":false},"excerpt":{"rendered":"<p>Pol\u00edcia Civil prende de forma preventiva homem apontado como l\u00edder de grupo criminoso que atuava com tr\u00e1fico de drogas no norte da Ilha de Santa Catarina Nesta sexta-feira (09\/08), a Pol\u00edcia Civil de Santa Catarina, por meio da Delegacia de Combate \u00e0s Drogas do Departamento de Investiga\u00e7\u00e3o Criminal de Florian\u00f3polis (DECOD\/DIC), realizou uma opera\u00e7\u00e3o que [&hellip;]<\/p>\n","protected":false},"author":5,"featured_media":22493,"comment_status":"closed","ping_status":"open","sticky":false,"template":"","format":"standard","meta":{"_monsterinsights_skip_tracking":false,"_monsterinsights_sitenote_active":false,"_monsterinsights_sitenote_note":"","_monsterinsights_sitenote_category":0,"footnotes":""},"categories":[1],"tags":[],"class_list":["post-22489","post","type-post","status-publish","format-standard","has-post-thumbnail","hentry","category-sem-categoria"],"_links":{"self":[{"href":"https:\/\/pc.sc.gov.br\/index.php?rest_route=\/wp\/v2\/posts\/22489","targetHints":{"allow":["GET"]}}],"collection":[{"href":"https:\/\/pc.sc.gov.br\/index.php?rest_route=\/wp\/v2\/posts"}],"about":[{"href":"https:\/\/pc.sc.gov.br\/index.php?rest_route=\/wp\/v2\/types\/post"}],"author":[{"embeddable":true,"href":"https:\/\/pc.sc.gov.br\/index.php?rest_route=\/wp\/v2\/users\/5"}],"replies":[{"embeddable":true,"href":"https:\/\/pc.sc.gov.br\/index.php?rest_route=%2Fwp%2Fv2%2Fcomments&post=22489"}],"version-history":[{"count":4,"href":"https:\/\/pc.sc.gov.br\/index.php?rest_route=\/wp\/v2\/posts\/22489\/revisions"}],"predecessor-version":[{"id":22497,"href":"https:\/\/pc.sc.gov.br\/index.php?rest_route=\/wp\/v2\/posts\/22489\/revisions\/22497"}],"wp:featuredmedia":[{"embeddable":true,"href":"https:\/\/pc.sc.gov.br\/index.php?rest_route=\/wp\/v2\/media\/22493"}],"wp:attachment":[{"href":"https:\/\/pc.sc.gov.br\/index.php?rest_route=%2Fwp%2Fv2%2Fmedia&parent=22489"}],"wp:term":[{"taxonomy":"category","embeddable":true,"href":"https:\/\/pc.sc.gov.br\/index.php?rest_route=%2Fwp%2Fv2%2Fcategories&post=22489"},{"taxonomy":"post_tag","embeddable":true,"href":"https:\/\/pc.sc.gov.br\/index.php?rest_route=%2Fwp%2Fv2%2Ftags&post=22489"}],"curies":[{"name":"wp","href":"https:\/\/api.w.org\/{rel}","templated":true}]}}